{"id":505347,"date":"2022-09-12T09:56:25","date_gmt":"2022-09-12T13:56:25","guid":{"rendered":"https:\/\/diarioelpopular.com\/?p=505347"},"modified":"2022-09-12T09:56:25","modified_gmt":"2022-09-12T13:56:25","slug":"que-es-el-nuevo-dolar-soja-y-por-que-podria-ser-clave-para-la-economia-de-argentina","status":"publish","type":"post","link":"https:\/\/diarioelpopular.com\/index.php\/2022\/09\/12\/que-es-el-nuevo-dolar-soja-y-por-que-podria-ser-clave-para-la-economia-de-argentina\/","title":{"rendered":"Qu\u00e9 es el nuevo &#8220;d\u00f3lar soja&#8221; y por qu\u00e9 podr\u00eda ser clave para la econom\u00eda de Argentina"},"content":{"rendered":"<p>&nbsp;<\/p>\n<p><img loading=\"lazy\" decoding=\"async\" class=\"alignnone size-custom-full-size wp-image-505348\" src=\"https:\/\/diarioelpopular.com\/wp-content\/uploads\/2022\/09\/126626605_1.jpg-636x358.jpg\" alt=\"\" width=\"636\" height=\"358\" srcset=\"https:\/\/diarioelpopular.com\/wp-content\/uploads\/2022\/09\/126626605_1.jpg-636x358.jpg 636w, https:\/\/diarioelpopular.com\/wp-content\/uploads\/2022\/09\/126626605_1.jpg-300x169.jpg 300w, https:\/\/diarioelpopular.com\/wp-content\/uploads\/2022\/09\/126626605_1.jpg-768x432.jpg 768w, https:\/\/diarioelpopular.com\/wp-content\/uploads\/2022\/09\/126626605_1.jpg-130x73.jpg 130w, https:\/\/diarioelpopular.com\/wp-content\/uploads\/2022\/09\/126626605_1.jpg.jpg 800w\" sizes=\"auto, (max-width: 636px) 100vw, 636px\" \/><\/p>\n<p><em>El &#8220;d\u00f3lar soja&#8221; busca repuntar las peligrosamente bajas reservas del Banco Central.<\/em><\/p>\n<p>&nbsp;<\/p>\n<div class=\"bbc-19j92fr ebmt73l0\" dir=\"ltr\">\n<p class=\"bbc-hhl7in e17g058b0\" dir=\"ltr\"><em><b>&#8211; La crisis econ\u00f3mica argentina volvi\u00f3 a ser noticia cuando el pa\u00eds super\u00f3 en julio pasado la barrera del 70% de inflaci\u00f3n anual, una de las m\u00e1s altas del mundo.<\/b><\/em><\/p>\n<\/div>\n<div class=\"bbc-19j92fr ebmt73l0\" dir=\"ltr\">\n<p dir=\"ltr\">\n<p class=\"bbc-hhl7in e17g058b0\" dir=\"ltr\">Pero un problema a\u00fan m\u00e1s acuciante para la segunda econom\u00eda de Sudam\u00e9rica es su grave falta de d\u00f3lares.<\/p>\n<\/div>\n<div class=\"bbc-19j92fr ebmt73l0\" dir=\"ltr\">\n<p class=\"bbc-hhl7in e17g058b0\" dir=\"ltr\">La demanda de los billetes verdes es alt\u00edsima en este pa\u00eds: los necesita la industria para comprar insumos para producir y los ciudadanos para poder adquirir propiedades o para resguardar sus ahorros de la inflaci\u00f3n, entre otros.<\/p>\n<\/div>\n<div class=\"bbc-19j92fr ebmt73l0\" dir=\"ltr\">\n<p class=\"bbc-hhl7in e17g058b0\" dir=\"ltr\">Pero la econom\u00eda argentina, que depende en un 70% del mercado interno, produce principalmente pesos. As\u00ed que, mientras son muchos los que demandan divisas, son pocos los que las generan.<\/p>\n<\/div>\n<div class=\"bbc-19j92fr ebmt73l0\" dir=\"ltr\">\n<p class=\"bbc-hhl7in e17g058b0\" dir=\"ltr\">Este es el motivo por el cual uno de los problemas m\u00e1s recurrentes que ha tenido Argentina es que su Banco Central se queda sin reservas.<\/p>\n<\/div>\n<div class=\"bbc-19j92fr ebmt73l0\" dir=\"ltr\">\n<p class=\"bbc-hhl7in e17g058b0\" dir=\"ltr\">Y sin divisas suficientes, el pa\u00eds no puede hacer funcionar su econom\u00eda, un problema que los expertos llaman la &#8220;restricci\u00f3n externa&#8221;.<\/p>\n<\/div>\n<div class=\"bbc-19j92fr ebmt73l0\" dir=\"ltr\">\n<p class=\"bbc-hhl7in e17g058b0\" dir=\"ltr\">Cuando, adem\u00e1s, los d\u00f3lares no alcanzan para cumplir con los vencimientos de la deuda externa, Argentina cae en otro de sus problemas c\u00edclicos: el\u00a0default o cesaci\u00f3n de pagos\u00a0(el pa\u00eds ya lleva ocho).<\/p>\n<\/div>\n<div class=\"bbc-19j92fr ebmt73l0\" dir=\"ltr\">\n<p class=\"bbc-hhl7in e17g058b0\" dir=\"ltr\">Ese panorama de escasez de divisas fue uno de los principales desaf\u00edos que asumi\u00f3 el nuevo &#8220;superministro&#8221; de Econom\u00eda, Producci\u00f3n y Agricultura, Sergio Massa, cuando ocup\u00f3 el cargo hace un mes.<\/p>\n<\/div>\n<div class=\"bbc-19j92fr ebmt73l0\" dir=\"ltr\">\n<p class=\"bbc-hhl7in e17g058b0\" dir=\"ltr\">Para solucionarlo, Massa ha apelado a toda una serie de medidas que buscan engrosar las arcas del Banco Central.<\/p>\n<\/div>\n<div class=\"bbc-19j92fr ebmt73l0\" dir=\"ltr\">\n<p class=\"bbc-hhl7in e17g058b0\" dir=\"ltr\">Pero una de las m\u00e1s importantes, que se empez\u00f3 a aplicar esta semana, fue la creaci\u00f3n de lo que los medios argentinos han apodado el\u00a0&#8220;d\u00f3lar soja&#8221;.<\/p>\n<\/div>\n<div class=\"bbc-1ka88fa ebmt73l0\" dir=\"ltr\">\n<figure class=\"bbc-1qdcvv9 e1aczekt0\">\n<div class=\"bbc-172p16q ebmt73l0\" dir=\"ltr\">\n<div class=\"bbc-189y18v ebmt73l0\" dir=\"ltr\">\n<div class=\"bbc-997y1y eihqrxw0\" data-e2e=\"image-placeholder\">\n<div class=\"lazyload-wrapper \"><picture class=\"bbc-yfiktt e1mo64ex1\"><source srcset=\"https:\/\/ichef.bbci.co.uk\/news\/240\/cpsprodpb\/11406\/production\/_126626607_2.jpg.webp 240w, https:\/\/ichef.bbci.co.uk\/news\/320\/cpsprodpb\/11406\/production\/_126626607_2.jpg.webp 320w, https:\/\/ichef.bbci.co.uk\/news\/480\/cpsprodpb\/11406\/production\/_126626607_2.jpg.webp 480w, https:\/\/ichef.bbci.co.uk\/news\/624\/cpsprodpb\/11406\/production\/_126626607_2.jpg.webp 624w, https:\/\/ichef.bbci.co.uk\/news\/800\/cpsprodpb\/11406\/production\/_126626607_2.jpg.webp 800w\" type=\"image\/webp\" sizes=\"(min-width: 1008px) 645px, 100vw\" \/><source srcset=\"https:\/\/ichef.bbci.co.uk\/news\/240\/cpsprodpb\/11406\/production\/_126626607_2.jpg 240w, https:\/\/ichef.bbci.co.uk\/news\/320\/cpsprodpb\/11406\/production\/_126626607_2.jpg 320w, https:\/\/ichef.bbci.co.uk\/news\/480\/cpsprodpb\/11406\/production\/_126626607_2.jpg 480w, https:\/\/ichef.bbci.co.uk\/news\/624\/cpsprodpb\/11406\/production\/_126626607_2.jpg 624w, https:\/\/ichef.bbci.co.uk\/news\/800\/cpsprodpb\/11406\/production\/_126626607_2.jpg 800w\" type=\"image\/jpeg\" sizes=\"(min-width: 1008px) 645px, 100vw\" \/><img loading=\"lazy\" decoding=\"async\" class=\"e3vrtyk0 bbc-rb7xa0 e1mo64ex0\" src=\"https:\/\/ichef.bbci.co.uk\/news\/640\/cpsprodpb\/11406\/production\/_126626607_2.jpg\" alt=\"Un billete de 100 d\u00f3lares cubierto de granos de soja\" width=\"976\" height=\"549\" \/><\/picture><\/div>\n<p class=\"bbc-1s1cxbv ewbcsnk0\" role=\"text\"><em><span class=\"bbc-1gnhmg2 ed7bp6y0\">FUENTE DE LA IMAGEN,<\/span><span lang=\"en-GB\">GETTY IMAGES<\/span><\/em><\/p>\n<\/div>\n<\/div>\n<\/div>\n<\/figure>\n<\/div>\n<div class=\"bbc-19j92fr ebmt73l0\" dir=\"ltr\">\n<h2 id=\"Qu\u00e9-es\" class=\"bbc-1f03ibc eglt09e0\" tabindex=\"-1\">\u00bfQu\u00e9 es?<\/h2>\n<\/div>\n<div class=\"bbc-19j92fr ebmt73l0\" dir=\"ltr\">\n<p class=\"bbc-hhl7in e17g058b0\" dir=\"ltr\">Se trata de una cotizaci\u00f3n especial que recibir\u00e1n quienes exportan esta legumbre, que es la principal fuente de divisas de Argentina.<\/p>\n<\/div>\n<div class=\"bbc-19j92fr ebmt73l0\" dir=\"ltr\">\n<p class=\"bbc-hhl7in e17g058b0\" dir=\"ltr\"><em><strong>\u00bfPor qu\u00e9 necesitan los sojeros una cotizaci\u00f3n especial?<\/strong><\/em><\/p>\n<\/div>\n<div class=\"bbc-19j92fr ebmt73l0\" dir=\"ltr\">\n<p class=\"bbc-hhl7in e17g058b0\" dir=\"ltr\">Porque hoy, cuando exportan su producto en el mercado internacional, reciben d\u00f3lares que est\u00e1n obligados a intercambiar por pesos a la tasa oficial de la moneda estadounidense, que es impuesta por el gobierno.<\/p>\n<\/div>\n<div class=\"bbc-19j92fr ebmt73l0\" dir=\"ltr\">\n<p class=\"bbc-hhl7in e17g058b0\" dir=\"ltr\">Hoy esa cotizaci\u00f3n es de cerca de $150 por d\u00f3lar,\u00a0casi la mitad del valor\u00a0de la moneda estadounidense en el mercado paralelo, que ronda los $280.<\/p>\n<\/div>\n<div class=\"bbc-19j92fr ebmt73l0\" dir=\"ltr\">\n<p class=\"bbc-hhl7in e17g058b0\" dir=\"ltr\">Si a esa diferencia de cotizaci\u00f3n, que aqu\u00ed se conoce como &#8220;brecha&#8221;, se suma que los agroexportadores tambi\u00e9n pagan &#8220;retenciones&#8221; o impuestos a la exportaci\u00f3n del 33%, el sector denuncia que\u00a0apenas recibe cerca de un tercio del valor internacional\u00a0de la soja.<\/p>\n<\/div>\n<div class=\"bbc-19j92fr ebmt73l0\" dir=\"ltr\">\n<p class=\"bbc-hhl7in e17g058b0\" dir=\"ltr\">Ante esta disyuntiva, muchos prefieren guardar su cosecha utilizando un sencillo sistema de almacenamiento llamado silobolsas, a la espera de que el peso se deval\u00fae, para vender su soja cuando puedan cobrar m\u00e1s por ella.<\/p>\n<\/div>\n<div class=\"bbc-19j92fr ebmt73l0\" dir=\"ltr\">\n<p class=\"bbc-hhl7in e17g058b0\" dir=\"ltr\">El &#8220;d\u00f3lar soja&#8221; busca\u00a0incentivarlos a que liquiden esos granos ahora.<\/p>\n<\/div>\n<div class=\"bbc-19j92fr ebmt73l0\" dir=\"ltr\">\n<p class=\"bbc-hhl7in e17g058b0\" dir=\"ltr\">La oferta de Massa es que entre el 5 y el 30 de septiembre quienes vendan su soja reciban\u00a0$200 por cada d\u00f3lar exportado.<\/p>\n<\/div>\n<div class=\"bbc-19j92fr ebmt73l0\" dir=\"ltr\">\n<p class=\"bbc-hhl7in e17g058b0\" dir=\"ltr\">As\u00ed, la tonelada de soja, que hasta ahora val\u00eda unos $53.000 valdr\u00e1 $70.000, una mejora del 32%.<\/p>\n<\/div>\n<div class=\"bbc-19j92fr ebmt73l0\" dir=\"ltr\">\n<p class=\"bbc-hhl7in e17g058b0\" dir=\"ltr\">&#8220;El objetivo es poner incentivos sobre la mesa a partir de un esfuerzo del Estado, con un reconocimiento de precio para el productor de manera muy sencilla y transparente&#8221;, dijo Massa durante una conferencia de prensa convocada para anunciar el &#8220;d\u00f3lar soja&#8221;.<\/p>\n<\/div>\n<div class=\"bbc-sffzb7 e1hrqbfn0\">\n<div class=\"bbc-1ka88fa ebmt73l0\" dir=\"ltr\">\n<figure class=\"bbc-1qdcvv9 e1aczekt0\">\n<div class=\"bbc-172p16q ebmt73l0\" dir=\"ltr\">\n<div class=\"bbc-172p16q ebmt73l0\" dir=\"ltr\">\n<div class=\"bbc-189y18v ebmt73l0\" dir=\"ltr\">\n<div class=\"bbc-997y1y eihqrxw0\" data-e2e=\"image-placeholder\">\n<div class=\"lazyload-wrapper \"><picture class=\"bbc-yfiktt e1mo64ex1\"><source srcset=\"https:\/\/ichef.bbci.co.uk\/news\/240\/cpsprodpb\/16226\/production\/_126626609_3.jpg.webp 240w, https:\/\/ichef.bbci.co.uk\/news\/320\/cpsprodpb\/16226\/production\/_126626609_3.jpg.webp 320w, https:\/\/ichef.bbci.co.uk\/news\/480\/cpsprodpb\/16226\/production\/_126626609_3.jpg.webp 480w, https:\/\/ichef.bbci.co.uk\/news\/624\/cpsprodpb\/16226\/production\/_126626609_3.jpg.webp 624w, https:\/\/ichef.bbci.co.uk\/news\/800\/cpsprodpb\/16226\/production\/_126626609_3.jpg.webp 800w\" type=\"image\/webp\" sizes=\"(min-width: 1008px) 645px, 100vw\" \/><source srcset=\"https:\/\/ichef.bbci.co.uk\/news\/240\/cpsprodpb\/16226\/production\/_126626609_3.jpg 240w, https:\/\/ichef.bbci.co.uk\/news\/320\/cpsprodpb\/16226\/production\/_126626609_3.jpg 320w, https:\/\/ichef.bbci.co.uk\/news\/480\/cpsprodpb\/16226\/production\/_126626609_3.jpg 480w, https:\/\/ichef.bbci.co.uk\/news\/624\/cpsprodpb\/16226\/production\/_126626609_3.jpg 624w, https:\/\/ichef.bbci.co.uk\/news\/800\/cpsprodpb\/16226\/production\/_126626609_3.jpg 800w\" type=\"image\/jpeg\" sizes=\"(min-width: 1008px) 645px, 100vw\" \/><img loading=\"lazy\" decoding=\"async\" class=\"e3vrtyk0 bbc-rb7xa0 e1mo64ex0\" src=\"https:\/\/ichef.bbci.co.uk\/news\/640\/cpsprodpb\/16226\/production\/_126626609_3.jpg\" alt=\"Sergio Massa\" width=\"976\" height=\"549\" \/><\/picture><\/div>\n<\/div>\n<\/div>\n<\/div>\n<\/div><figcaption class=\"bbc-rhuvwm e6i104o0\" dir=\"ltr\"><em>El &#8220;superministro&#8221; de Econom\u00eda Sergio Massa logr\u00f3 llegar a un acuerdo con el campo, la principal fuente de divisas de Argentina.<\/em><\/p>\n<p><em><span class=\"bbc-1gnhmg2 ed7bp6y0\">FUENTE DE LA IMAGEN,<\/span><span lang=\"en-GB\">REUTERS<\/span><\/em><\/p>\n<\/figcaption><div class=\"bbc-172p16q ebmt73l0\" dir=\"ltr\">\n<div class=\"bbc-3edg7g ebmt73l0\" dir=\"ltr\"><\/div>\n<\/div>\n<\/figure>\n<\/div>\n<\/div>\n<div class=\"bbc-19j92fr ebmt73l0\" dir=\"ltr\">\n<p class=\"bbc-hhl7in e17g058b0\" dir=\"ltr\">Esta nueva cotizaci\u00f3n se suma a todo un abanico de d\u00f3lares alternativos a los que acceden los argentinos, como el &#8220;ahorro&#8221;, el &#8220;tarjeta&#8221; y el &#8220;bolsa&#8221;, sobre los que aplican diversos controles de capital -o &#8220;cepos&#8221;- que modifican su valor.<\/p>\n<\/div>\n<div class=\"bbc-19j92fr ebmt73l0\" dir=\"ltr\">\n<h2 id=\"Las-reservas-internacionales\" class=\"bbc-1f03ibc eglt09e0\" tabindex=\"-1\">Las reservas internacionales<\/h2>\n<\/div>\n<div class=\"bbc-19j92fr ebmt73l0\" dir=\"ltr\">\n<p class=\"bbc-hhl7in e17g058b0\" dir=\"ltr\">Massa reconoci\u00f3 que su anuncio buscaba quitar &#8220;incertidumbre con respecto a la acumulaci\u00f3n de las reservas&#8221; del Banco Central.<\/p>\n<\/div>\n<div class=\"bbc-19j92fr ebmt73l0\" dir=\"ltr\">\n<p class=\"bbc-hhl7in e17g058b0\" dir=\"ltr\">No obstante, hasta ahora el gobierno no ha sido claro sobre cu\u00e1l es el valor real de esas reservas.<\/p>\n<\/div>\n<div class=\"bbc-19j92fr ebmt73l0\" dir=\"ltr\">\n<p class=\"bbc-hhl7in e17g058b0\" dir=\"ltr\">Si bien el Banco Central informa oficialmente que cuenta con &#8220;reservas internacionales brutas&#8221; cercanas a los US$37.000 millones, la cifra de dinero &#8220;neto&#8221; o &#8220;l\u00edquido&#8221; del cual dispone es mucho menor.<\/p>\n<\/div>\n<div class=\"bbc-19j92fr ebmt73l0\" dir=\"ltr\">\n<p class=\"bbc-hhl7in e17g058b0\" dir=\"ltr\">La mayor parte de las reservas brutas son dep\u00f3sitos privados o canjes de moneda, y la entidad financiera no dispone libremente de ellos para mantener su pol\u00edtica monetaria.<\/p>\n<\/div>\n<div class=\"bbc-19j92fr ebmt73l0\" dir=\"ltr\">\n<p class=\"bbc-hhl7in e17g058b0\" dir=\"ltr\">Las estimaciones sobre cu\u00e1ntas son las reservas &#8220;efectivamente disponibles&#8221; var\u00edan: algunas consultoras afirman que podr\u00edan alcanzar los\u00a0US$5.000 millones, otras aseguran que ya llegaron a cero.<\/p>\n<\/div>\n<div class=\"bbc-19j92fr ebmt73l0\" dir=\"ltr\">\n<p class=\"bbc-hhl7in e17g058b0\" dir=\"ltr\">Pero en lo que coinciden todos -e incluso reconoce el propio Massa- es que son bajas, y es de vital importancia para la econom\u00eda del pa\u00eds aumentarlas cuanto antes.<\/p>\n<\/div>\n<div class=\"bbc-19j92fr ebmt73l0\" dir=\"ltr\">\n<p class=\"bbc-hhl7in e17g058b0\" dir=\"ltr\">En especial para el 21 y 22 de septiembre, cuando Argentina le debe pagar a su principal acreedor externo, el Fondo Monetario Internacional (FMI), dos vencimientos de capital que totalizan unos US$2.800 millones, seg\u00fan datos del Estudio Broda.<\/p>\n<\/div>\n<div class=\"bbc-1ka88fa ebmt73l0\" dir=\"ltr\">\n<figure class=\"bbc-1qdcvv9 e1aczekt0\">\n<div class=\"bbc-172p16q ebmt73l0\" dir=\"ltr\">\n<div class=\"bbc-172p16q ebmt73l0\" dir=\"ltr\">\n<div class=\"bbc-189y18v ebmt73l0\" dir=\"ltr\">\n<div class=\"bbc-997y1y eihqrxw0\" data-e2e=\"image-placeholder\">\n<div class=\"lazyload-wrapper \"><picture class=\"bbc-yfiktt e1mo64ex1\"><source srcset=\"https:\/\/ichef.bbci.co.uk\/news\/240\/cpsprodpb\/2D8E\/production\/_126626611_eb02d42f-1ba0-42be-9e56-e981b5e287f6.jpg.webp 240w, https:\/\/ichef.bbci.co.uk\/news\/320\/cpsprodpb\/2D8E\/production\/_126626611_eb02d42f-1ba0-42be-9e56-e981b5e287f6.jpg.webp 320w, https:\/\/ichef.bbci.co.uk\/news\/480\/cpsprodpb\/2D8E\/production\/_126626611_eb02d42f-1ba0-42be-9e56-e981b5e287f6.jpg.webp 480w, https:\/\/ichef.bbci.co.uk\/news\/624\/cpsprodpb\/2D8E\/production\/_126626611_eb02d42f-1ba0-42be-9e56-e981b5e287f6.jpg.webp 624w, https:\/\/ichef.bbci.co.uk\/news\/800\/cpsprodpb\/2D8E\/production\/_126626611_eb02d42f-1ba0-42be-9e56-e981b5e287f6.jpg.webp 800w\" type=\"image\/webp\" sizes=\"(min-width: 1008px) 645px, 100vw\" \/><source srcset=\"https:\/\/ichef.bbci.co.uk\/news\/240\/cpsprodpb\/2D8E\/production\/_126626611_eb02d42f-1ba0-42be-9e56-e981b5e287f6.jpg 240w, https:\/\/ichef.bbci.co.uk\/news\/320\/cpsprodpb\/2D8E\/production\/_126626611_eb02d42f-1ba0-42be-9e56-e981b5e287f6.jpg 320w, https:\/\/ichef.bbci.co.uk\/news\/480\/cpsprodpb\/2D8E\/production\/_126626611_eb02d42f-1ba0-42be-9e56-e981b5e287f6.jpg 480w, https:\/\/ichef.bbci.co.uk\/news\/624\/cpsprodpb\/2D8E\/production\/_126626611_eb02d42f-1ba0-42be-9e56-e981b5e287f6.jpg 624w, https:\/\/ichef.bbci.co.uk\/news\/800\/cpsprodpb\/2D8E\/production\/_126626611_eb02d42f-1ba0-42be-9e56-e981b5e287f6.jpg 800w\" type=\"image\/jpeg\" sizes=\"(min-width: 1008px) 645px, 100vw\" \/><img loading=\"lazy\" decoding=\"async\" class=\"e3vrtyk0 bbc-rb7xa0 e1mo64ex0\" src=\"https:\/\/ichef.bbci.co.uk\/news\/640\/cpsprodpb\/2D8E\/production\/_126626611_eb02d42f-1ba0-42be-9e56-e981b5e287f6.jpg\" alt=\"Banco Central de la Rep\u00fablica Argentina\" width=\"976\" height=\"549\" \/><\/picture><\/div>\n<\/div>\n<\/div>\n<\/div>\n<\/div><figcaption class=\"bbc-rhuvwm e6i104o0\" dir=\"ltr\"><em>Argentina necesita urgentemente rellenar las arcas del Banco Central.<\/em><\/p>\n<p><em><span class=\"bbc-1gnhmg2 ed7bp6y0\">FUENTE DE LA IMAGEN,<\/span><span lang=\"en-GB\">REUTERS<\/span><\/em><\/p>\n<\/figcaption><div class=\"bbc-172p16q ebmt73l0\" dir=\"ltr\">\n<div class=\"bbc-3edg7g ebmt73l0\" dir=\"ltr\"><\/div>\n<\/div>\n<\/figure>\n<\/div>\n<div class=\"bbc-19j92fr ebmt73l0\" dir=\"ltr\">\n<p class=\"bbc-hhl7in e17g058b0\" dir=\"ltr\">En 2018, el FMI le otorg\u00f3 al entonces gobierno de Mauricio Macri el mayor pr\u00e9stamo en su historia, por US$57.000 millones. El sucesor de Macri, el actual presidente Alberto Fern\u00e1ndez, fren\u00f3 el pr\u00e9stamo al asumir en diciembre de 2019, pero el pa\u00eds qued\u00f3 debiendo US$44.000 millones, una cifra que representa\u00a0un problema gigante para una naci\u00f3n con escasez de d\u00f3lares.<\/p>\n<\/div>\n<div class=\"bbc-19j92fr ebmt73l0\" dir=\"ltr\">\n<p class=\"bbc-hhl7in e17g058b0\" dir=\"ltr\">En marzo pasado el gobierno firm\u00f3 un acuerdo con &#8220;el Fondo&#8221; que lo obliga a reducir su d\u00e9ficit fiscal y sumar reservas internacionales, un compromiso que ser\u00eda imposible de cumplir sin los d\u00f3lares que aporta el sector agroexportador.<\/p>\n<\/div>\n<div class=\"bbc-19j92fr ebmt73l0\" dir=\"ltr\">\n<h2 id=\"Alivio-temporal\" class=\"bbc-1f03ibc eglt09e0\" tabindex=\"-1\">Alivio temporal<\/h2>\n<\/div>\n<div class=\"bbc-19j92fr ebmt73l0\" dir=\"ltr\">\n<p class=\"bbc-hhl7in e17g058b0\" dir=\"ltr\">En su conferencia de prensa, Massa dijo que firm\u00f3 un acuerdo con los representantes del campo que prev\u00e9 el ingreso de &#8220;US$5.000 millones garantizados por el mes de septiembre&#8221;, lo que traer\u00eda un importante alivio para las arcas estatales.<\/p>\n<\/div>\n<div class=\"bbc-19j92fr ebmt73l0\" dir=\"ltr\">\n<p class=\"bbc-hhl7in e17g058b0\" dir=\"ltr\">Por su parte, los l\u00edderes del sector rural dieron la bienvenida a esta medida, pero aclararon que es insuficiente.<\/p>\n<\/div>\n<div class=\"bbc-19j92fr ebmt73l0\" dir=\"ltr\">\n<p class=\"bbc-hhl7in e17g058b0\" dir=\"ltr\">El presidente de la emblem\u00e1tica Sociedad Rural Argentina, Nicol\u00e1s del Pino, reconoci\u00f3 que el &#8220;d\u00f3lar soja&#8221; representa &#8220;una mejora en el valor del producto&#8221;.<\/p>\n<\/div>\n<div class=\"bbc-19j92fr ebmt73l0\" dir=\"ltr\">\n<p class=\"bbc-hhl7in e17g058b0\" dir=\"ltr\">Pero dijo que &#8220;est\u00e1 lejos de acercarse al precio internacional,\u00a0como pasa en pa\u00edses vecinos como Uruguay o Paraguay&#8221;.<\/p>\n<\/div>\n<div class=\"bbc-19j92fr ebmt73l0\" dir=\"ltr\">\n<p class=\"bbc-hhl7in e17g058b0\" dir=\"ltr\">Pino tambi\u00e9n se pregunt\u00f3 que &#8220;qu\u00e9 va a pasar en octubre&#8221;, cuando deje de existir esta cotizaci\u00f3n especial, y, junto con los otros l\u00edderes agrarios exigi\u00f3 al gobierno &#8220;un d\u00f3lar \u00fanico, sin brecha, que es algo que necesita todo el sistema para poder funcionar correctamente&#8221;.<\/p>\n<\/div>\n","protected":false},"excerpt":{"rendered":"<p>&nbsp; El &#8220;d\u00f3lar soja&#8221; busca repuntar las peligrosamente bajas reservas del Banco Central. &nbsp; &#8211; La crisis econ\u00f3mica argentina volvi\u00f3 a ser noticia cuando el&hellip;<\/p>\n","protected":false},"author":99,"featured_media":505348,"comment_status":"open","ping_status":"open","sticky":false,"template":"","format":"standard","meta":{"footnotes":""},"categories":[11358,23],"tags":[],"class_list":["post-505347","post","type-post","status-publish","format-standard","has-post-thumbnail","hentry","category-especiales","category-latinoamerica"],"_links":{"self":[{"href":"https:\/\/diarioelpopular.com\/index.php\/wp-json\/wp\/v2\/posts\/505347","targetHints":{"allow":["GET"]}}],"collection":[{"href":"https:\/\/diarioelpopular.com\/index.php\/wp-json\/wp\/v2\/posts"}],"about":[{"href":"https:\/\/diarioelpopular.com\/index.php\/wp-json\/wp\/v2\/types\/post"}],"author":[{"embeddable":true,"href":"https:\/\/diarioelpopular.com\/index.php\/wp-json\/wp\/v2\/users\/99"}],"replies":[{"embeddable":true,"href":"https:\/\/diarioelpopular.com\/index.php\/wp-json\/wp\/v2\/comments?post=505347"}],"version-history":[{"count":1,"href":"https:\/\/diarioelpopular.com\/index.php\/wp-json\/wp\/v2\/posts\/505347\/revisions"}],"predecessor-version":[{"id":505349,"href":"https:\/\/diarioelpopular.com\/index.php\/wp-json\/wp\/v2\/posts\/505347\/revisions\/505349"}],"wp:featuredmedia":[{"embeddable":true,"href":"https:\/\/diarioelpopular.com\/index.php\/wp-json\/wp\/v2\/media\/505348"}],"wp:attachment":[{"href":"https:\/\/diarioelpopular.com\/index.php\/wp-json\/wp\/v2\/media?parent=505347"}],"wp:term":[{"taxonomy":"category","embeddable":true,"href":"https:\/\/diarioelpopular.com\/index.php\/wp-json\/wp\/v2\/categories?post=505347"},{"taxonomy":"post_tag","embeddable":true,"href":"https:\/\/diarioelpopular.com\/index.php\/wp-json\/wp\/v2\/tags?post=505347"}],"curies":[{"name":"wp","href":"https:\/\/api.w.org\/{rel}","templated":true}]}}