{"id":505369,"date":"2022-09-13T09:24:44","date_gmt":"2022-09-13T13:24:44","guid":{"rendered":"https:\/\/diarioelpopular.com\/?p=505369"},"modified":"2022-09-13T09:24:44","modified_gmt":"2022-09-13T13:24:44","slug":"chile-se-perdio-una-eleccion-no-el-rumbo","status":"publish","type":"post","link":"https:\/\/diarioelpopular.com\/index.php\/2022\/09\/13\/chile-se-perdio-una-eleccion-no-el-rumbo\/","title":{"rendered":"Chile: Se perdi\u00f3 una elecci\u00f3n, no el rumbo"},"content":{"rendered":"<p>&nbsp;<\/p>\n<p><img loading=\"lazy\" decoding=\"async\" class=\"alignnone size-custom-full-size wp-image-505370\" src=\"https:\/\/diarioelpopular.com\/wp-content\/uploads\/2022\/09\/daee68c50daecd037e5ac4ebd5fe4ee5.jpg\" alt=\"\" width=\"476\" height=\"317\" srcset=\"https:\/\/diarioelpopular.com\/wp-content\/uploads\/2022\/09\/daee68c50daecd037e5ac4ebd5fe4ee5.jpg 476w, https:\/\/diarioelpopular.com\/wp-content\/uploads\/2022\/09\/daee68c50daecd037e5ac4ebd5fe4ee5-300x200.jpg 300w, https:\/\/diarioelpopular.com\/wp-content\/uploads\/2022\/09\/daee68c50daecd037e5ac4ebd5fe4ee5-110x73.jpg 110w\" sizes=\"auto, (max-width: 476px) 100vw, 476px\" \/><\/p>\n<p><em>La ministra de Interior de Chile, Carolina Toh\u00e1, junto al presidente Gabriel Boric\u00a0 \u00a0 \u00a0 \u00a0 \u00a0 \u00a0 \u00a0 \u00a0 \u00a0 (foto: ANSA)<\/em><\/p>\n<h4><em>&#8211; Definiciones de la nueva responsable de Interior, Carolina Toh\u00e1<\/em><\/h4>\n<p><em><strong>SANTIAGO DE CHILE, 13 SET &#8211;<\/strong><\/em> La nueva ministra del Interior, Carolina Toh\u00e1, sostuvo que, en la derrota en el Plebiscito constitucional del 4 de septiembre en Chile, &#8220;se perdi\u00f3 una elecci\u00f3n, pero no se ha perdido el norte del gobierno ni la posibilidad de hacer las reformas, ni tampoco de tener una nueva Constituci\u00f3n&#8221;.<br \/>\n&#8220;Este es un gobierno que reci\u00e9n est\u00e1 cumpliendo los seis meses, que tiene un largo mandato por delante&#8221;, subray\u00f3 en entrevista con T13Radio.<br \/>\nRecalc\u00f3 que se debe hacer &#8220;una buena lectura de lo que pas\u00f3&#8221; en el refer\u00e9ndum donde una mayor\u00eda del 61,8% de la poblaci\u00f3n rechazo la propuesta de nueva Carta Magna que reemplazar\u00eda a la de 1980 heredada de la dictadura de Augusto Pinochet.<br \/>\n&#8220;Tomarla no desde la perspectiva de la derrota, sino del aprendizaje y de la escucha&#8221;, puntualiz\u00f3.<br \/>\n&#8220;Depende de nosotros que saquemos las conclusiones adecuadas. En lugar de se\u00f1alar al del frente, cada uno asumir la parte que le corresponde, que esto no sea una batalla de recriminaciones ni culpabilizarse, sino m\u00e1s bien cada uno haga su auto examen de qu\u00e9 no hizo bien&#8221;, sentenci\u00f3.<br \/>\nLa exportavoz del gobierno de Michelle Bachelet eludi\u00f3 pronunciarse si la coalici\u00f3n oficialista compuesta por el Frente Amplio, Partido Comunista y Socialismo Democr\u00e1tico est\u00e1 &#8216;alineada&#8217; y asegur\u00f3 en cambio que &#8220;tenemos una coalici\u00f3n muy desafiada que tiene una prueba muy importante&#8221;.<br \/>\n&#8220;En las derrotas la dispersi\u00f3n es lo com\u00fan, en las derrotas todo el mundo mira para el techo y trata de culpar al de al lado y creo que la coalici\u00f3n que apoya al presidente (Gabriel) Boric no puede darse ese lujo, y no es el \u00e1nimo que yo he visto en las conversaciones que he tenido en estos d\u00edas&#8221;, indic\u00f3.<br \/>\nPor el contrario, acot\u00f3, &#8220;veo que hay una mayor\u00eda de actores que entiende lo importante del momento y entiende, adem\u00e1s, que estamos al inicio del juego y no al final&#8221;.<br \/>\nRespecto de la violencia social que sufre la sociedad chilena, tanto en la capital como en la Macrozona sur, indic\u00f3 que se requiere una capacidad del Estado &#8220;superior a la que tenemos&#8221;, como tambi\u00e9n &#8220;una cohesi\u00f3n, porque en esto no hemos logrado cohesi\u00f3n, y cuando me refiero a cohesi\u00f3n es a que trabajemos en una misma l\u00ednea los poderes del Estado, los distintos organismos que intervienen&#8221;.<br \/>\n&#8220;Hasta ahora lo que m\u00e1s se ve es que nos recriminamos unos con otros y tenemos escasa coordinaci\u00f3n&#8221;, analiz\u00f3 en referencia a las responsabilidades que se le adjudican a la polic\u00eda y el Ministerio P\u00fablico.<br \/>\nAl referirse a los actos violentos del domingo durante la marcha por el 49 aniversario del Golpe de Estado, Toh\u00e1 coment\u00f3 que &#8220;hubo muchas cosas que funcionaron bien, hubo detenidos, hubo procedimientos para reaccionar&#8221;, pero &#8220;son totalmente insuficientes dado el volumen de violencia que estamos viendo y la cantidad de armas y t\u00e9cnicas de actuaci\u00f3n violenta que son cada vez m\u00e1s agresivas y peligrosas&#8221;.<br \/>\nA su juicio, se requiere &#8220;un Estado que vaya en avance y no a la cola de los avances que est\u00e1 teniendo el mundo criminal y los actores que emplean la violencia en el espacio p\u00fablico&#8221;.<br \/>\nOpin\u00f3 que las polic\u00edas deben tener &#8220;efectividad&#8221; y aclar\u00f3 que empoderar a las polic\u00edas &#8220;no significa que sean m\u00e1s violentas, sino que cuando detenemos a alguien lleguemos con pruebas donde el juez, porque cuando uno detiene a alguien y llega sin pruebas donde el juez no se saca mucho, o cuando se act\u00faa y se reacciona de manera muy agresiva, eso aumenta la violencia en lugar de controlarla tampoco nos sirve&#8221;.<br \/>\n&#8220;Aqu\u00ed necesitamos un tipo de acci\u00f3n policial que se sofistique tanto como se ha sofisticado la acci\u00f3n criminal y la violencia&#8221;, complement\u00f3.<br \/>\nEn cuanto a la Macro zona sur donde est\u00e1 radicado el conflicto ind\u00edgena, la ministra del Interior anunci\u00f3 que ajustar\u00e1n el decreto del Estado de Excepci\u00f3n Constitucional de Emergencia para hacerlo &#8220;m\u00e1s efectivo&#8221;.<br \/>\nHoy la C\u00e1mara de Diputados votar\u00e1 una nueva solicitud impulsada por el gobierno para prorrogar la medida constitucional, en una sesi\u00f3n de la que tambi\u00e9n participar\u00e1 Toh\u00e1.<\/p>\n","protected":false},"excerpt":{"rendered":"<p>&nbsp; La ministra de Interior de Chile, Carolina Toh\u00e1, junto al presidente Gabriel Boric\u00a0 \u00a0 \u00a0 \u00a0 \u00a0 \u00a0 \u00a0 \u00a0 \u00a0 (foto: ANSA) &#8211;&hellip;<\/p>\n","protected":false},"author":99,"featured_media":505370,"comment_status":"open","ping_status":"open","sticky":false,"template":"","format":"standard","meta":{"footnotes":""},"categories":[23],"tags":[],"class_list":["post-505369","post","type-post","status-publish","format-standard","has-post-thumbnail","hentry","category-latinoamerica"],"_links":{"self":[{"href":"https:\/\/diarioelpopular.com\/index.php\/wp-json\/wp\/v2\/posts\/505369","targetHints":{"allow":["GET"]}}],"collection":[{"href":"https:\/\/diarioelpopular.com\/index.php\/wp-json\/wp\/v2\/posts"}],"about":[{"href":"https:\/\/diarioelpopular.com\/index.php\/wp-json\/wp\/v2\/types\/post"}],"author":[{"embeddable":true,"href":"https:\/\/diarioelpopular.com\/index.php\/wp-json\/wp\/v2\/users\/99"}],"replies":[{"embeddable":true,"href":"https:\/\/diarioelpopular.com\/index.php\/wp-json\/wp\/v2\/comments?post=505369"}],"version-history":[{"count":1,"href":"https:\/\/diarioelpopular.com\/index.php\/wp-json\/wp\/v2\/posts\/505369\/revisions"}],"predecessor-version":[{"id":505371,"href":"https:\/\/diarioelpopular.com\/index.php\/wp-json\/wp\/v2\/posts\/505369\/revisions\/505371"}],"wp:featuredmedia":[{"embeddable":true,"href":"https:\/\/diarioelpopular.com\/index.php\/wp-json\/wp\/v2\/media\/505370"}],"wp:attachment":[{"href":"https:\/\/diarioelpopular.com\/index.php\/wp-json\/wp\/v2\/media?parent=505369"}],"wp:term":[{"taxonomy":"category","embeddable":true,"href":"https:\/\/diarioelpopular.com\/index.php\/wp-json\/wp\/v2\/categories?post=505369"},{"taxonomy":"post_tag","embeddable":true,"href":"https:\/\/diarioelpopular.com\/index.php\/wp-json\/wp\/v2\/tags?post=505369"}],"curies":[{"name":"wp","href":"https:\/\/api.w.org\/{rel}","templated":true}]}}