{"id":505375,"date":"2022-09-13T09:47:37","date_gmt":"2022-09-13T13:47:37","guid":{"rendered":"https:\/\/diarioelpopular.com\/?p=505375"},"modified":"2022-09-13T09:47:37","modified_gmt":"2022-09-13T13:47:37","slug":"presidente-de-ecuador-presento-referendo-que-busca-reformas-a-la-justicia-y-la-seguridad","status":"publish","type":"post","link":"https:\/\/diarioelpopular.com\/index.php\/2022\/09\/13\/presidente-de-ecuador-presento-referendo-que-busca-reformas-a-la-justicia-y-la-seguridad\/","title":{"rendered":"Presidente de Ecuador present\u00f3 referendo que busca reformas a la justicia y la seguridad"},"content":{"rendered":"<p>&nbsp;<\/p>\n<p><img loading=\"lazy\" decoding=\"async\" class=\"alignnone size-custom-full-size wp-image-505376\" src=\"https:\/\/diarioelpopular.com\/wp-content\/uploads\/2022\/09\/a20210901t043318-m-10-95-12-10-wv-4201-3841-12-f_40672502_20220912182640-636x461.jpg\" alt=\"\" width=\"636\" height=\"461\" srcset=\"https:\/\/diarioelpopular.com\/wp-content\/uploads\/2022\/09\/a20210901t043318-m-10-95-12-10-wv-4201-3841-12-f_40672502_20220912182640-636x461.jpg 636w, https:\/\/diarioelpopular.com\/wp-content\/uploads\/2022\/09\/a20210901t043318-m-10-95-12-10-wv-4201-3841-12-f_40672502_20220912182640-300x217.jpg 300w, https:\/\/diarioelpopular.com\/wp-content\/uploads\/2022\/09\/a20210901t043318-m-10-95-12-10-wv-4201-3841-12-f_40672502_20220912182640-768x556.jpg 768w, https:\/\/diarioelpopular.com\/wp-content\/uploads\/2022\/09\/a20210901t043318-m-10-95-12-10-wv-4201-3841-12-f_40672502_20220912182640-101x73.jpg 101w, https:\/\/diarioelpopular.com\/wp-content\/uploads\/2022\/09\/a20210901t043318-m-10-95-12-10-wv-4201-3841-12-f_40672502_20220912182640.jpg 780w\" sizes=\"auto, (max-width: 636px) 100vw, 636px\" \/><\/p>\n<p><em>Lasso se salv\u00f3 de ser destituido por el Congreso en junio pasado tras las protestas contra el alto costo de vida en Ecuador. FOTO: EFE<\/em><\/p>\n<p>&nbsp;<\/p>\n<h4 class=\"lead cita\"><em>&#8211; Guillermo Lasso detall\u00f3 las ocho preguntas que incluir\u00eda esta consulta popular, las cuales entreg\u00f3 a la Corte Constitucional para su validaci\u00f3n.<\/em><\/h4>\n<p>El\u00a0presidente de Ecuador,\u00a0Guillermo Lasso, present\u00f3 las preguntas de un\u00a0referendo\u00a0con el que pretende impulsar reformas que permitan, entre otras cosas, la intervenci\u00f3n de militares en el combate contra el\u00a0narcotr\u00e1fico\u00a0y la reducci\u00f3n del n\u00famero de diputados en el Congreso.<\/p>\n<p>La consulta \u201cenfrentar\u00e1 problemas que el Ecuador no ha podido resolver en el pasado (&#8230;) me refiero sobre todo a la seguridad y el narcotr\u00e1fico, pero tambi\u00e9n a\u00a0graves deficiencias institucionales\u00a0que merman la calidad de nuestra democracia\u201d, dijo el mandatario desde un parque en el norte de Quito.<\/p>\n<p>El gobernante, que en abril hab\u00eda anunciado sus intenciones de realizar una consulta popular, detall\u00f3 las ocho preguntas que fueron entregadas a la Corte Constitucional para su validaci\u00f3n.<\/p>\n<p>Sobre seguridad, el mandatario propuso permitir que\u00a0las Fuerzas Armadas intervengan en el manejo de la seguridad interna\u00a0para combatir al crimen organizado y narcotr\u00e1fico, que van en aumento.<\/p>\n<p>Tambi\u00e9n plante\u00f3 la\u00a0extradici\u00f3n de ecuatorianos implicados en delitos transnacionales\u00a0y que la Fiscal\u00eda se encargue de sancionar a funcionarios judiciales que incurran en faltas.<\/p>\n<p>La Constituci\u00f3n se\u00f1ala a los militares como los encargados defender la soberan\u00eda territorial, mas no del orden interno. Adem\u00e1s, prohibe la extradici\u00f3n de ecuatorianos y establece que el Consejo de la Judicatura es el \u00f3rgano encargado de la disciplina dentro de la funci\u00f3n judicial.<\/p>\n<p>Enfrentado con el Legislativo, donde la oposici\u00f3n est\u00e1 dispersa pero es mayor\u00eda, Lasso tambi\u00e9n propuso una reducci\u00f3n en la cantidad de diputados, de 137 \u201ca un n\u00famero cercano a 100\u201d.<\/p>\n<p>\u201cReduciendo el n\u00famero de asamble\u00edstas incrementaremos tambi\u00e9n el control, la vigilancia y la exigencia ciudadana sobre ellos\u201d, dijo Lasso, quien en junio pasado, en medio de<a href=\"https:\/\/www.elcolombiano.com\/internacional\/por-que-son-las-protestas-de-indigenas-en-ecuador-MJ17875810\" target=\"_blank\" rel=\"noopener\">\u00a0protestas contra el alto costo de vida<\/a>, se salv\u00f3 de ser destituido por el Congreso.<\/p>\n<p>Otras preguntas plantean m\u00e1s\u00a0controles a los partidos pol\u00edticos\u00a0y que se elimine la facultad que tiene el Consejo de Participaci\u00f3n Ciudadana \u2013creado en el gobierno del expresidente socialista Rafael Correa\u2013 para designar autoridades.<\/p>\n<p>En cuanto a medioambiente, el gobernante \u2013que ha insistido en su plan de duplicar la producci\u00f3n petrolera\u2013 propuso entregar\u00a0compensaciones a quienes brinden servicios de protecci\u00f3n de la naturaleza\u00a0e incluir las zonas de protecci\u00f3n h\u00eddrica dentro del sistema nacional de \u00e1reas protegidas.<\/p>\n<p>En 2018, el expresidente Len\u00edn Moreno (2017-2021) convoc\u00f3 a una consulta popular que suprimi\u00f3 la reelecci\u00f3n indefinida aprobada durante el mandato de Correa (2007-2017), quien tambi\u00e9n us\u00f3 el recurso de la consulta para inhabilitar a pol\u00edticos con capitales en para\u00edsos fiscales, reformar la justicia y regular a la prensa.<\/p>\n","protected":false},"excerpt":{"rendered":"<p>&nbsp; Lasso se salv\u00f3 de ser destituido por el Congreso en junio pasado tras las protestas contra el alto costo de vida en Ecuador. FOTO:&hellip;<\/p>\n","protected":false},"author":99,"featured_media":505376,"comment_status":"open","ping_status":"open","sticky":false,"template":"","format":"standard","meta":{"footnotes":""},"categories":[23],"tags":[],"class_list":["post-505375","post","type-post","status-publish","format-standard","has-post-thumbnail","hentry","category-latinoamerica"],"_links":{"self":[{"href":"https:\/\/diarioelpopular.com\/index.php\/wp-json\/wp\/v2\/posts\/505375","targetHints":{"allow":["GET"]}}],"collection":[{"href":"https:\/\/diarioelpopular.com\/index.php\/wp-json\/wp\/v2\/posts"}],"about":[{"href":"https:\/\/diarioelpopular.com\/index.php\/wp-json\/wp\/v2\/types\/post"}],"author":[{"embeddable":true,"href":"https:\/\/diarioelpopular.com\/index.php\/wp-json\/wp\/v2\/users\/99"}],"replies":[{"embeddable":true,"href":"https:\/\/diarioelpopular.com\/index.php\/wp-json\/wp\/v2\/comments?post=505375"}],"version-history":[{"count":1,"href":"https:\/\/diarioelpopular.com\/index.php\/wp-json\/wp\/v2\/posts\/505375\/revisions"}],"predecessor-version":[{"id":505377,"href":"https:\/\/diarioelpopular.com\/index.php\/wp-json\/wp\/v2\/posts\/505375\/revisions\/505377"}],"wp:featuredmedia":[{"embeddable":true,"href":"https:\/\/diarioelpopular.com\/index.php\/wp-json\/wp\/v2\/media\/505376"}],"wp:attachment":[{"href":"https:\/\/diarioelpopular.com\/index.php\/wp-json\/wp\/v2\/media?parent=505375"}],"wp:term":[{"taxonomy":"category","embeddable":true,"href":"https:\/\/diarioelpopular.com\/index.php\/wp-json\/wp\/v2\/categories?post=505375"},{"taxonomy":"post_tag","embeddable":true,"href":"https:\/\/diarioelpopular.com\/index.php\/wp-json\/wp\/v2\/tags?post=505375"}],"curies":[{"name":"wp","href":"https:\/\/api.w.org\/{rel}","templated":true}]}}