{"id":505389,"date":"2022-09-14T10:47:16","date_gmt":"2022-09-14T14:47:16","guid":{"rendered":"https:\/\/diarioelpopular.com\/?p=505389"},"modified":"2022-09-14T10:47:16","modified_gmt":"2022-09-14T14:47:16","slug":"argentina-revocan-prohibicion-tripulacion-de-avion","status":"publish","type":"post","link":"https:\/\/diarioelpopular.com\/index.php\/2022\/09\/14\/argentina-revocan-prohibicion-tripulacion-de-avion\/","title":{"rendered":"Argentina: Revocan prohibici\u00f3n tripulaci\u00f3n de avi\u00f3n"},"content":{"rendered":"<p>&nbsp;<\/p>\n<p><img loading=\"lazy\" decoding=\"async\" class=\"alignnone size-custom-full-size wp-image-505390\" src=\"https:\/\/diarioelpopular.com\/wp-content\/uploads\/2022\/09\/3d453ed1706dea0b01db24fa67393adf.jpg\" alt=\"\" width=\"476\" height=\"317\" srcset=\"https:\/\/diarioelpopular.com\/wp-content\/uploads\/2022\/09\/3d453ed1706dea0b01db24fa67393adf.jpg 476w, https:\/\/diarioelpopular.com\/wp-content\/uploads\/2022\/09\/3d453ed1706dea0b01db24fa67393adf-300x200.jpg 300w, https:\/\/diarioelpopular.com\/wp-content\/uploads\/2022\/09\/3d453ed1706dea0b01db24fa67393adf-110x73.jpg 110w\" sizes=\"auto, (max-width: 476px) 100vw, 476px\" \/><\/p>\n<p><em>Decenas de personas manifiestan en Caracas por la recuperaci\u00f3n del avi\u00f3n venezolano.\u00a0 \u00a0 \u00a0 \u00a0(foto: ANSA)<\/em><\/p>\n<p>&nbsp;<\/p>\n<p>Un tribunal de apelaciones argentino confirm\u00f3 la revocaci\u00f3n de la prohibici\u00f3n de abandonar el pa\u00eds para 12 de los 19 ocupantes del avi\u00f3n de la compa\u00f1\u00eda venezolana Emtrasur bloqueado desde junio en el aeropuerto internacional de Ezeiza (Pc\u00eda. de Buenos Aires).<\/p>\n<p><strong><em>\u00a0\u00a0BUENOS AIRES, 14 SET &#8211;\u00a0<\/em><\/strong> El tribunal tambi\u00e9n orden\u00f3 al juez federal de Lomas de Zamora (Pc\u00eda. de Buenos Aires), Federico Villena, definir en no m\u00e1s de 10 d\u00edas la situaci\u00f3n procesal de la totalidad de la tripulaci\u00f3n y del propio avi\u00f3n, inform\u00f3 la agencia de prensa Telam.<br \/>\nLa decisi\u00f3n del tribunal de apelaciones fue tomada en el marco del procedimiento iniciado tras el arribo, el 6 de junio pasado a Ezeiza, de un avi\u00f3n de la compa\u00f1\u00eda Emtrasur que llev\u00f3 a una investigaci\u00f3n de secuestro por parte de Estados Unidos, y una indagaci\u00f3n acerca de las actividades de los miembros de la tripulaci\u00f3n, algunos de ellos iran\u00edes, por la sospecha de nexos con actividades terroristas.<\/p>\n","protected":false},"excerpt":{"rendered":"<p>&nbsp; Decenas de personas manifiestan en Caracas por la recuperaci\u00f3n del avi\u00f3n venezolano.\u00a0 \u00a0 \u00a0 \u00a0(foto: ANSA) &nbsp; Un tribunal de apelaciones argentino confirm\u00f3 la&hellip;<\/p>\n","protected":false},"author":99,"featured_media":505390,"comment_status":"open","ping_status":"open","sticky":false,"template":"","format":"standard","meta":{"footnotes":""},"categories":[23],"tags":[],"class_list":["post-505389","post","type-post","status-publish","format-standard","has-post-thumbnail","hentry","category-latinoamerica"],"_links":{"self":[{"href":"https:\/\/diarioelpopular.com\/index.php\/wp-json\/wp\/v2\/posts\/505389","targetHints":{"allow":["GET"]}}],"collection":[{"href":"https:\/\/diarioelpopular.com\/index.php\/wp-json\/wp\/v2\/posts"}],"about":[{"href":"https:\/\/diarioelpopular.com\/index.php\/wp-json\/wp\/v2\/types\/post"}],"author":[{"embeddable":true,"href":"https:\/\/diarioelpopular.com\/index.php\/wp-json\/wp\/v2\/users\/99"}],"replies":[{"embeddable":true,"href":"https:\/\/diarioelpopular.com\/index.php\/wp-json\/wp\/v2\/comments?post=505389"}],"version-history":[{"count":1,"href":"https:\/\/diarioelpopular.com\/index.php\/wp-json\/wp\/v2\/posts\/505389\/revisions"}],"predecessor-version":[{"id":505391,"href":"https:\/\/diarioelpopular.com\/index.php\/wp-json\/wp\/v2\/posts\/505389\/revisions\/505391"}],"wp:featuredmedia":[{"embeddable":true,"href":"https:\/\/diarioelpopular.com\/index.php\/wp-json\/wp\/v2\/media\/505390"}],"wp:attachment":[{"href":"https:\/\/diarioelpopular.com\/index.php\/wp-json\/wp\/v2\/media?parent=505389"}],"wp:term":[{"taxonomy":"category","embeddable":true,"href":"https:\/\/diarioelpopular.com\/index.php\/wp-json\/wp\/v2\/categories?post=505389"},{"taxonomy":"post_tag","embeddable":true,"href":"https:\/\/diarioelpopular.com\/index.php\/wp-json\/wp\/v2\/tags?post=505389"}],"curies":[{"name":"wp","href":"https:\/\/api.w.org\/{rel}","templated":true}]}}