{"id":505393,"date":"2022-09-14T10:49:19","date_gmt":"2022-09-14T14:49:19","guid":{"rendered":"https:\/\/diarioelpopular.com\/?p=505393"},"modified":"2022-09-14T10:49:19","modified_gmt":"2022-09-14T14:49:19","slug":"ecuador-presidente-lasso-extiende-estado-de-excepcion","status":"publish","type":"post","link":"https:\/\/diarioelpopular.com\/index.php\/2022\/09\/14\/ecuador-presidente-lasso-extiende-estado-de-excepcion\/","title":{"rendered":"Ecuador: Presidente Lasso extiende estado de excepci\u00f3n"},"content":{"rendered":"<p>&nbsp;<\/p>\n<p><img loading=\"lazy\" decoding=\"async\" class=\"alignnone size-custom-full-size wp-image-505394\" src=\"https:\/\/diarioelpopular.com\/wp-content\/uploads\/2022\/09\/1a216e22c25200e33135374e31af5891.jpg\" alt=\"\" width=\"476\" height=\"318\" srcset=\"https:\/\/diarioelpopular.com\/wp-content\/uploads\/2022\/09\/1a216e22c25200e33135374e31af5891.jpg 476w, https:\/\/diarioelpopular.com\/wp-content\/uploads\/2022\/09\/1a216e22c25200e33135374e31af5891-300x200.jpg 300w, https:\/\/diarioelpopular.com\/wp-content\/uploads\/2022\/09\/1a216e22c25200e33135374e31af5891-109x73.jpg 109w\" sizes=\"auto, (max-width: 476px) 100vw, 476px\" \/><\/p>\n<p><em>Soldados realizan operativos para contrarrestar hechos delictivos y de violencia en Guayaquil (foto: ANSA)<\/em><\/p>\n<p>&nbsp;<\/p>\n<p><em>&#8211;\u00a0\u00a0<strong>El presidente ecuatoriano, Guillermo Lasso, renov\u00f3 el estado de excepci\u00f3n que ya rige desde agosto en los cantones de Guayaquil, Dur\u00e1n y Samborond\u00f3n de la sure\u00f1a provincia costera del Guayas.<\/strong><\/em><br \/>\n<em><strong>QUITO, 14 SET &#8211;<\/strong><\/em> En el decreto relativo, inform\u00f3 la presidencia, se establece que &#8220;en los cantones antes se\u00f1alados se mantendr\u00e1 la suspensi\u00f3n del ejercicio del derecho a la libertad de asociaci\u00f3n y reuni\u00f3n, la inviolabilidad del domicilio y la inviolabilidad de la correspondencia&#8221;.<br \/>\nSe espera que la disposici\u00f3n, al igual que la anterior, sea aprobada la Corte Constitucional y se aplique por otros 30 d\u00edas, &#8220;con el objetivo de intensificar las medidas de seguridad para proteger el bienestar de los ciudadanos&#8221;.<br \/>\nSeg\u00fan datos oficiales, en el primer semestre del a\u00f1o hubo m\u00e1s de 2.000 homicidios en Ecuador -de los cuales un tercio ocurrieron en Guayaquil- con un aumento de casi el 100% respecto a los primeros seis meses de 2021.<\/p>\n","protected":false},"excerpt":{"rendered":"<p>&nbsp; Soldados realizan operativos para contrarrestar hechos delictivos y de violencia en Guayaquil (foto: ANSA) &nbsp; &#8211;\u00a0\u00a0El presidente ecuatoriano, Guillermo Lasso, renov\u00f3 el estado de&hellip;<\/p>\n","protected":false},"author":99,"featured_media":505394,"comment_status":"open","ping_status":"open","sticky":false,"template":"","format":"standard","meta":{"footnotes":""},"categories":[23],"tags":[],"class_list":["post-505393","post","type-post","status-publish","format-standard","has-post-thumbnail","hentry","category-latinoamerica"],"_links":{"self":[{"href":"https:\/\/diarioelpopular.com\/index.php\/wp-json\/wp\/v2\/posts\/505393","targetHints":{"allow":["GET"]}}],"collection":[{"href":"https:\/\/diarioelpopular.com\/index.php\/wp-json\/wp\/v2\/posts"}],"about":[{"href":"https:\/\/diarioelpopular.com\/index.php\/wp-json\/wp\/v2\/types\/post"}],"author":[{"embeddable":true,"href":"https:\/\/diarioelpopular.com\/index.php\/wp-json\/wp\/v2\/users\/99"}],"replies":[{"embeddable":true,"href":"https:\/\/diarioelpopular.com\/index.php\/wp-json\/wp\/v2\/comments?post=505393"}],"version-history":[{"count":1,"href":"https:\/\/diarioelpopular.com\/index.php\/wp-json\/wp\/v2\/posts\/505393\/revisions"}],"predecessor-version":[{"id":505395,"href":"https:\/\/diarioelpopular.com\/index.php\/wp-json\/wp\/v2\/posts\/505393\/revisions\/505395"}],"wp:featuredmedia":[{"embeddable":true,"href":"https:\/\/diarioelpopular.com\/index.php\/wp-json\/wp\/v2\/media\/505394"}],"wp:attachment":[{"href":"https:\/\/diarioelpopular.com\/index.php\/wp-json\/wp\/v2\/media?parent=505393"}],"wp:term":[{"taxonomy":"category","embeddable":true,"href":"https:\/\/diarioelpopular.com\/index.php\/wp-json\/wp\/v2\/categories?post=505393"},{"taxonomy":"post_tag","embeddable":true,"href":"https:\/\/diarioelpopular.com\/index.php\/wp-json\/wp\/v2\/tags?post=505393"}],"curies":[{"name":"wp","href":"https:\/\/api.w.org\/{rel}","templated":true}]}}