{"id":505429,"date":"2022-09-16T09:15:38","date_gmt":"2022-09-16T13:15:38","guid":{"rendered":"https:\/\/diarioelpopular.com\/?p=505429"},"modified":"2022-09-16T09:15:38","modified_gmt":"2022-09-16T13:15:38","slug":"nayib-bukele-anuncia-que-buscara-reeleccion-en-el-salvador-en-2024","status":"publish","type":"post","link":"https:\/\/diarioelpopular.com\/index.php\/2022\/09\/16\/nayib-bukele-anuncia-que-buscara-reeleccion-en-el-salvador-en-2024\/","title":{"rendered":"Nayib Bukele anuncia que buscar\u00e1 reelecci\u00f3n en El Salvador en 2024"},"content":{"rendered":"<p><img loading=\"lazy\" decoding=\"async\" class=\"alignnone size-custom-full-size wp-image-505430\" src=\"https:\/\/diarioelpopular.com\/wp-content\/uploads\/2022\/09\/20220629-8cebcd528e6b9aaa69b425f4ea268df64a491843-636x360.jpg\" alt=\"\" width=\"636\" height=\"360\" srcset=\"https:\/\/diarioelpopular.com\/wp-content\/uploads\/2022\/09\/20220629-8cebcd528e6b9aaa69b425f4ea268df64a491843-636x360.jpg 636w, https:\/\/diarioelpopular.com\/wp-content\/uploads\/2022\/09\/20220629-8cebcd528e6b9aaa69b425f4ea268df64a491843-300x170.jpg 300w, https:\/\/diarioelpopular.com\/wp-content\/uploads\/2022\/09\/20220629-8cebcd528e6b9aaa69b425f4ea268df64a491843-768x435.jpg 768w, https:\/\/diarioelpopular.com\/wp-content\/uploads\/2022\/09\/20220629-8cebcd528e6b9aaa69b425f4ea268df64a491843-1200x679.jpg 1200w, https:\/\/diarioelpopular.com\/wp-content\/uploads\/2022\/09\/20220629-8cebcd528e6b9aaa69b425f4ea268df64a491843-129x73.jpg 129w, https:\/\/diarioelpopular.com\/wp-content\/uploads\/2022\/09\/20220629-8cebcd528e6b9aaa69b425f4ea268df64a491843.jpg 1024w\" sizes=\"auto, (max-width: 636px) 100vw, 636px\" \/><\/p>\n<p><em>Tal como se esperaba, el presidente Nayib Bukele confirm\u00f3 que buscar\u00e1 la reelecci\u00f3n en 2024.<\/em><\/p>\n<p>&nbsp;<\/p>\n<p><em><strong>&#8211; Para algunos cr\u00edticos, la Constituci\u00f3n proh\u00edbe la reelecci\u00f3n. Sin embargo, la Sala de lo Constitucional fall\u00f3 a su favor el a\u00f1o pasado.<\/strong><\/em><\/p>\n<p>&nbsp;<\/p>\n<div id=\"gradient-content\" class=\"sart-content\">\n<p>El presidente de El Salvador, Nayib Bukele, anunci\u00f3 que buscar\u00e1 la reelecci\u00f3n en los comicios generales de 2024.<\/p>\n<p>\u201cLuego de conversarlo con mi esposa Gabriela y con mi familia, anuncio al pueblo salvadore\u00f1o que he decidido correr como candidato a la presidencia de la Rep\u00fablica\u201c, se\u00f1al\u00f3 el mandatario en un mensaje difundido en cadena nacional de radio y televisi\u00f3n en virtud del 201 aniversario de la Independencia del pa\u00eds.<\/p>\n<\/div>\n<div id=\"tinypass_handler_single\" class=\"tinypass_handler_single sart-content\">\n<p>En las elecciones de 2024, los salvadore\u00f1os adem\u00e1s de elegir presidente, deber\u00e1n votar por una nueva Asamblea Legislativa y los consejos municipales de los 262 municipios del pa\u00eds.<\/p>\n<p>Bukele reconoci\u00f3 que\u00a0\u201cm\u00e1s de alg\u00fan pa\u00eds desarrollado no estar\u00e1 de acuerdo con esta decisi\u00f3n\u201d de buscar nuevamente la presidencia por otros cinco a\u00f1os.<\/p>\n<p>Pero\u00a0\u201cno son ellos los que decidir\u00e1n, sino (\u2026) el pueblo salvadore\u00f1o\u201d,\u00a0sostuvo el mandatario que goza de una amplia popularidad, seg\u00fan han se\u00f1alado diversas encuestas.<\/p>\n<p>A mediados de 2021,\u00a0<a href=\"https:\/\/www.prensalibre.com\/internacional\/corte-de-el-salvador-da-luz-verde-para-que-el-presidente-nayib-bukele-pueda-postularse-a-la-reeleccion\/?utm_source=modulosPL&amp;utm_medium=linkinterno&amp;utm_campaign=ux\">la Sala de lo Constitucional de la Corte Suprema de Justicia (CSJ)<\/a>\u00a0de\u00a0El Salvador\u00a0emiti\u00f3 una resoluci\u00f3n que habilita la reelecci\u00f3n presidencial inmediata, pese a que cr\u00edticos consideran que la carta magna lo proh\u00edbe.<\/p>\n<p>Si bien goza de un fuerte apoyo popular interno,\u00a0Bukele\u00a0mantiene sin embargo relaciones tensas con Estados Unidos, su viejo aliado en el continente.<\/p>\n<p>Las relaciones de por si complejas del mandatario con el presidente\u00a0Joe Biden\u00a0se enredaron a\u00fan m\u00e1s desde que en mayo de 2021, con ayuda de sus aliados en el Congreso,\u00a0<a href=\"https:\/\/www.prensalibre.com\/internacional\/efe\/oficialismo-salvadoreno-pide-destituir-a-jueces-constitucionales-del-supremo-breaking\/?utm_source=modulosPL&amp;utm_medium=linkinterno&amp;utm_campaign=ux\"><strong>destituy\u00f3 a magistrados de una sala de la Corte Suprema y al fiscal general,<\/strong><\/a>\u00a0lo cual fue considerado \u201cantidemocr\u00e1tico\u201d por Estados Unidos.<\/p>\n<h2>\u00bfDerecho a reelecci\u00f3n?<\/h2>\n<p>Para el presidente Salvadore\u00f1o, que una naci\u00f3n desarrollada lo critique por su decisi\u00f3n de buscar la reelecci\u00f3n\u00a0\u201cser\u00eda una protesta hip\u00f3crita\u201d.<\/p>\n<p>\u201cPr\u00e1cticamente todos los pa\u00edses desarrollados tienen la reelecci\u00f3n\u201d, dijo Bukele\u00a0que ley\u00f3 un listado del FMI de 39 pa\u00edses desarrollados que tienen contemplada la reelecci\u00f3n, entre los que mencion\u00f3 a \u201cAndorra, Austria, B\u00e9lgica, Canad\u00e1, Chipre, Rep\u00fablica Checa, Dinamarca, Estonia, Finlandia, Francia, Alemania, Grecia, Islandia (\u2026), Estados Unidos\u201d.<\/p>\n<p>Pero la apuesta de Bukele divide a algunos expertos de su pa\u00eds.<\/p>\n<p>Seg\u00fan Eduardo Escobar, director ejecutivo de la organizaci\u00f3n Acci\u00f3n Ciudadana, una ONG que fiscaliza la corrupci\u00f3n, el mandatario salvadore\u00f1o \u201cno tiene derecho a la reelecci\u00f3n\u201d.<\/p>\n<p>\u201c\u00c9l no puede buscar la reelecci\u00f3n pues la Constituci\u00f3n se lo proh\u00edbe, y (\u2026) hacerlo es ir en contra del ordenamiento jur\u00eddico y no respetar las leyes, aunque eso no es nada extra\u00f1o por parte de \u00e9l\u201d, consider\u00f3 Escobar antes de que se conociera la intenci\u00f3n de Bukele de postular a un nuevo mandato.<\/p>\n<p>Mientras que al contrario, el exministro de Justicia\u00a0Francisco Bertrand,\u00a0respetado abogado constitucionalista, asegur\u00f3 recientemente que Bukele\u00a0\u201cs\u00ed est\u00e1 habilitado a buscar la reelecci\u00f3n, tomando en cuenta la decisi\u00f3n de la Sala de lo Constitucional que es inapelable\u201d.<\/p>\n<p>El Tribunal Supremo Electoral (TSE)\u00a0ha se\u00f1alado que acatar\u00e1 la resoluci\u00f3n de la sala Constitucional de la Corte Suprema y avalar\u00e1 que\u00a0Bukele\u00a0se inscriba, en su debido tiempo, como candidato en busca de reelecci\u00f3n presidencial.<\/p>\n<p>Tras el anuncio del mandatario,\u00a0personas celebraron en distintos lugares de la capital, San Salvador, quemando petardos, pues ha sido el \u00fanico mandatario que viene saneando el pa\u00eds de las bandas criminales.<\/p>\n<\/div>\n","protected":false},"excerpt":{"rendered":"<p>Tal como se esperaba, el presidente Nayib Bukele confirm\u00f3 que buscar\u00e1 la reelecci\u00f3n en 2024. &nbsp; &#8211; Para algunos cr\u00edticos, la Constituci\u00f3n proh\u00edbe la reelecci\u00f3n.&hellip;<\/p>\n","protected":false},"author":99,"featured_media":505430,"comment_status":"open","ping_status":"open","sticky":false,"template":"","format":"standard","meta":{"footnotes":""},"categories":[23],"tags":[],"class_list":["post-505429","post","type-post","status-publish","format-standard","has-post-thumbnail","hentry","category-latinoamerica"],"_links":{"self":[{"href":"https:\/\/diarioelpopular.com\/index.php\/wp-json\/wp\/v2\/posts\/505429","targetHints":{"allow":["GET"]}}],"collection":[{"href":"https:\/\/diarioelpopular.com\/index.php\/wp-json\/wp\/v2\/posts"}],"about":[{"href":"https:\/\/diarioelpopular.com\/index.php\/wp-json\/wp\/v2\/types\/post"}],"author":[{"embeddable":true,"href":"https:\/\/diarioelpopular.com\/index.php\/wp-json\/wp\/v2\/users\/99"}],"replies":[{"embeddable":true,"href":"https:\/\/diarioelpopular.com\/index.php\/wp-json\/wp\/v2\/comments?post=505429"}],"version-history":[{"count":1,"href":"https:\/\/diarioelpopular.com\/index.php\/wp-json\/wp\/v2\/posts\/505429\/revisions"}],"predecessor-version":[{"id":505431,"href":"https:\/\/diarioelpopular.com\/index.php\/wp-json\/wp\/v2\/posts\/505429\/revisions\/505431"}],"wp:featuredmedia":[{"embeddable":true,"href":"https:\/\/diarioelpopular.com\/index.php\/wp-json\/wp\/v2\/media\/505430"}],"wp:attachment":[{"href":"https:\/\/diarioelpopular.com\/index.php\/wp-json\/wp\/v2\/media?parent=505429"}],"wp:term":[{"taxonomy":"category","embeddable":true,"href":"https:\/\/diarioelpopular.com\/index.php\/wp-json\/wp\/v2\/categories?post=505429"},{"taxonomy":"post_tag","embeddable":true,"href":"https:\/\/diarioelpopular.com\/index.php\/wp-json\/wp\/v2\/tags?post=505429"}],"curies":[{"name":"wp","href":"https:\/\/api.w.org\/{rel}","templated":true}]}}