{"id":505471,"date":"2022-09-18T11:34:19","date_gmt":"2022-09-18T15:34:19","guid":{"rendered":"https:\/\/diarioelpopular.com\/?p=505471"},"modified":"2022-09-18T11:34:19","modified_gmt":"2022-09-18T15:34:19","slug":"por-que-chile-celebra-su-independencia-en-septiembre-si-ocurrio-el-12-de-febrero","status":"publish","type":"post","link":"https:\/\/diarioelpopular.com\/index.php\/2022\/09\/18\/por-que-chile-celebra-su-independencia-en-septiembre-si-ocurrio-el-12-de-febrero\/","title":{"rendered":"Por qu\u00e9 Chile celebra su independencia en septiembre si ocurri\u00f3 el 12 de febrero"},"content":{"rendered":"<p>&nbsp;<\/p>\n<p><img loading=\"lazy\" decoding=\"async\" class=\"alignnone size-custom-full-size wp-image-505472\" src=\"https:\/\/diarioelpopular.com\/wp-content\/uploads\/2022\/09\/AJRNNEGZDNBXVNTBH6SOCV4BOQ.jpg\" alt=\"\" width=\"580\" height=\"330\" srcset=\"https:\/\/diarioelpopular.com\/wp-content\/uploads\/2022\/09\/AJRNNEGZDNBXVNTBH6SOCV4BOQ.jpg 580w, https:\/\/diarioelpopular.com\/wp-content\/uploads\/2022\/09\/AJRNNEGZDNBXVNTBH6SOCV4BOQ-300x171.jpg 300w, https:\/\/diarioelpopular.com\/wp-content\/uploads\/2022\/09\/AJRNNEGZDNBXVNTBH6SOCV4BOQ-128x73.jpg 128w\" sizes=\"auto, (max-width: 580px) 100vw, 580px\" \/><\/p>\n<p><em>Chile declar\u00f3 oficialmente su independencia de Espa\u00f1a el 12 de febrero de 1818. (PEDRO SUBERCASEAUX).<\/em><\/p>\n<p>&nbsp;<\/p>\n<h4 class=\"sht__summary sht--w-list\"><em>&#8211; El 12 de febrero de 1818, Bernardo O\u2019Higgins proclam\u00f3 oficialmente la independencia de Chile. Sin embargo, desde hace casi un siglo, los desfiles militares, fiestas, celebraciones y discursos oficiales se cambiaron s\u00fabitamente para el 18 de septiembre. \u00bfPor qu\u00e9?<\/em><\/h4>\n<p class=\"story-contents__font-paragraph \"><b>La historia tiene sus caprichos y\u00a0<\/b><a href=\"https:\/\/elcomercio.pe\/noticias\/chile\/\" target=\"_blank\" rel=\"noopener\"><b>Chile\u00a0<\/b><\/a><b>no es una excepci\u00f3n.<\/b><\/p>\n<p class=\"story-contents__font-paragraph \">Para muchos chilenos, este 12 de febrero ser\u00e1 una jornada com\u00fan y corriente del verano austral y quiz\u00e1s muy pocos recordar\u00e1n que, probablemente, es uno de los d\u00edas m\u00e1s importante en su historia.<\/p>\n<p class=\"story-contents__font-paragraph \">Sin ir m\u00e1s lejos, es\u00a0el aniversario de su fundaci\u00f3n como naci\u00f3n.<\/p>\n<p class=\"story-contents__font-paragraph \">Y es que el 12 de febrero de 1818, Bernardo O\u2019Higgins (el padre de la patria chilena) proclam\u00f3 oficialmente la independencia de Espa\u00f1a. As\u00ed, Chile daba su primer paso por la avenida de las rep\u00fablicas a\u00fan nacientes de Am\u00e9rica Latina.<\/p>\n<p class=\"story-contents__font-paragraph \">\u201cEs la fecha de la fundaci\u00f3n del Estado chileno. A partir del 12 de febrero, Chile se presenta ante el mundo como una naci\u00f3n soberana que tendr\u00eda su ciudadan\u00eda, leyes y formas de comercio\u201d, cuenta a BBC Mundo Lucrecia Enr\u00edquez, profesora de historia de la Universidad Cat\u00f3lica de Chile.<\/p>\n<p class=\"story-contents__font-paragraph \">\u201cSin embargo, es una fecha que pasa desapercibida para gran parte de la poblaci\u00f3n, puesmuchos creen que la independencia ocurri\u00f3 en otra fecha\u201d,\u00a0a\u00f1ade la tambi\u00e9n autora de \u201cHistoria, memoria y olvido del 12 de febrero de 1818. Los pueblos y su declaraci\u00f3n de la independencia de Chile\u201d.<\/p>\n<p class=\"story-contents__font-paragraph \">Pero no siempre fue as\u00ed.<\/p>\n<p class=\"story-contents__font-paragraph \">Seg\u00fan la acad\u00e9mica, Chile conmemor\u00f3 su independencia en febrero con fiesta y jolgorios por algunos a\u00f1os.<\/p>\n<p class=\"story-contents__font-paragraph \">Sin embargo, desde hace casi un siglo, los desfiles militares, fiestas, celebraciones y discursos oficiales por la emancipaci\u00f3n de Espa\u00f1a en ese lado de los Andes\u00a0se cambiaron s\u00fabitamente para el 18 de septiembre.<\/p>\n<div class=\"content_gpt_caja5\">\n<div id=\"gpt_caja5\" data-ads-name=\"\/28253241\/elcomercio\/web\/post\/mundo\/caja5\" data-ads-dimensions-m=\"[[300, 100], [320, 50], [300, 50], [320, 100], [300, 250]]\" data-bloque=\"4\" data-prebid-enabled=\"true\"><\/div>\n<\/div>\n<figure><picture><source class=\"lazy\" srcset=\"https:\/\/elcomercio.pe\/resizer\/yBZCAfDpqMnZT5LzKujHDTPOSio=\/280x0\/smart\/filters:format(jpeg):quality(75)\/cloudfront-us-east-1.images.arcpublishing.com\/elcomercio\/3TJKGNJJO5BSRJ5F5LUBECJEUQ.webp\" media=\"(max-width: 360px)\" data-srcset=\"https:\/\/elcomercio.pe\/resizer\/yBZCAfDpqMnZT5LzKujHDTPOSio=\/280x0\/smart\/filters:format(jpeg):quality(75)\/cloudfront-us-east-1.images.arcpublishing.com\/elcomercio\/3TJKGNJJO5BSRJ5F5LUBECJEUQ.webp\" data-was-processed=\"true\" \/><source class=\"lazy\" srcset=\"https:\/\/elcomercio.pe\/resizer\/W58Tw6W3xIJxNMRz1LeyuBg3TCI=\/482x0\/smart\/filters:format(jpeg):quality(75)\/cloudfront-us-east-1.images.arcpublishing.com\/elcomercio\/3TJKGNJJO5BSRJ5F5LUBECJEUQ.webp\" media=\"(max-width: 639px)\" data-srcset=\"https:\/\/elcomercio.pe\/resizer\/W58Tw6W3xIJxNMRz1LeyuBg3TCI=\/482x0\/smart\/filters:format(jpeg):quality(75)\/cloudfront-us-east-1.images.arcpublishing.com\/elcomercio\/3TJKGNJJO5BSRJ5F5LUBECJEUQ.webp\" data-was-processed=\"true\" \/><img loading=\"lazy\" decoding=\"async\" class=\"lazy story-contents__image w-full o-cover loaded\" src=\"https:\/\/elcomercio.pe\/resizer\/900gxMafLrTDChDjy6j5yDRxsSc=\/620x0\/smart\/filters:format(jpeg):quality(75)\/cloudfront-us-east-1.images.arcpublishing.com\/elcomercio\/3TJKGNJJO5BSRJ5F5LUBECJEUQ.webp\" alt=\"Chile celebra tradicionalmente la independencia el 18 de septiembre. (AFP).\" width=\"800\" height=\"450\" data-src=\"https:\/\/elcomercio.pe\/resizer\/900gxMafLrTDChDjy6j5yDRxsSc=\/620x0\/smart\/filters:format(jpeg):quality(75)\/cloudfront-us-east-1.images.arcpublishing.com\/elcomercio\/3TJKGNJJO5BSRJ5F5LUBECJEUQ.webp\" data-was-processed=\"true\" \/><\/picture><figcaption class=\"story-contents__caption\"><em>Chile celebra tradicionalmente la independencia el 18 de septiembre. (AFP).<\/p>\n<p><\/em><\/figcaption><\/figure>\n<p class=\"story-contents__font-paragraph \">As\u00ed, la fecha original se fue perdiendo en la memoria colectiva y para muchos ya es solo un d\u00eda m\u00e1s de verano.<\/p>\n<p class=\"story-contents__font-paragraph \">\u201cEl 18 de septiembre comenz\u00f3 a considerarse como el primer paso a la emancipaci\u00f3n, porque fue ese d\u00eda cuando se cre\u00f3 la Junta Nacional de Gobierno\u201d, le dice a BBC Mundo el historiador Crist\u00f3bal Garc\u00eda-Huidobro, profesor de la Facultad de Derecho de la Universidad Cat\u00f3lica de Chile.<\/p>\n<p class=\"story-contents__font-paragraph \">\u201cPero\u00a0lo que ocurri\u00f3 esa fecha en realidad fue un acto de declaraci\u00f3n de lealtad al monarca espa\u00f1ol\u201d, asegura.<\/p>\n<p class=\"story-contents__font-paragraph \">De acuerdo con el experto, lo que sucedi\u00f3 entonces fue que la Junta jur\u00f3 gobernar el pa\u00eds en nombre de Fernando VII y conservarlo para \u00e9l, luego de que fuera depuesto por las tropas de Napole\u00f3n Bonaparte.<\/p>\n<p class=\"story-contents__font-paragraph \">\u00bfC\u00f3mo se explica entonces que la fecha de la independencia se haya cambiado por otra en que se declaraba lealtad\u2026\u00a0al rey de Espa\u00f1a?<\/p>\n<h2 class=\"story-contents__header\"><b>Una historia convulsa<\/b><\/h2>\n<p class=\"story-contents__font-paragraph \">De acuerdo con los historiadores consultados por BBC Mundo, una sucesi\u00f3n de factores que fueron desde lo religioso hasta lo pol\u00edtico coincidieron en este sentido.<\/p>\n<p class=\"story-contents__font-paragraph \">\u201cA las celebraciones del 12 de febrero le segu\u00eda otra muy importante tambi\u00e9n: el 5 de abril era la batalla de Maip\u00fa, que algunos dicen que fue el cimiento que va a permitir la declaraci\u00f3n de independencia\u201d, explica Garc\u00eda-Huidobro.<\/p>\n<p class=\"story-contents__font-paragraph \">\u201cLo que pasa es que esas dos fiestas ca\u00edan muy cerca de la Semana Santa y la Iglesia cat\u00f3lica, que ten\u00eda gran poder en Chile, le pidi\u00f3 al gobierno que tratase de cambiar estas fechas a otras que fueran m\u00e1s oportunas, porque las celebraciones eran bastante desmadradas y eso no iba a tono con el momento de recogimiento y reflexi\u00f3n que deb\u00eda ser la Cuaresma y la Semana Santa\u201d, afirma.<\/p>\n<p class=\"story-contents__font-paragraph \">De acuerdo con el historiador, el hecho de que coincidiera tambi\u00e9n con los meses de verano\u00a0no era propicio para celebraciones solemnes.<\/p>\n<figure><picture><source class=\"lazy\" srcset=\"https:\/\/elcomercio.pe\/resizer\/XEmZmRBgqhKMOs2n7NNnD5D_F4Q=\/280x0\/smart\/filters:format(jpeg):quality(75)\/cloudfront-us-east-1.images.arcpublishing.com\/elcomercio\/ILGXEWNYRVF4JLN76NSIZK5W4I.webp\" media=\"(max-width: 360px)\" data-srcset=\"https:\/\/elcomercio.pe\/resizer\/XEmZmRBgqhKMOs2n7NNnD5D_F4Q=\/280x0\/smart\/filters:format(jpeg):quality(75)\/cloudfront-us-east-1.images.arcpublishing.com\/elcomercio\/ILGXEWNYRVF4JLN76NSIZK5W4I.webp\" data-was-processed=\"true\" \/><source class=\"lazy\" srcset=\"https:\/\/elcomercio.pe\/resizer\/XGcMKFJb1YkPb09HlbwuAeP-umw=\/482x0\/smart\/filters:format(jpeg):quality(75)\/cloudfront-us-east-1.images.arcpublishing.com\/elcomercio\/ILGXEWNYRVF4JLN76NSIZK5W4I.webp\" media=\"(max-width: 639px)\" data-srcset=\"https:\/\/elcomercio.pe\/resizer\/XGcMKFJb1YkPb09HlbwuAeP-umw=\/482x0\/smart\/filters:format(jpeg):quality(75)\/cloudfront-us-east-1.images.arcpublishing.com\/elcomercio\/ILGXEWNYRVF4JLN76NSIZK5W4I.webp\" data-was-processed=\"true\" \/><img loading=\"lazy\" decoding=\"async\" class=\"lazy story-contents__image w-full o-cover loaded\" src=\"https:\/\/elcomercio.pe\/resizer\/-JkX6ywlA9kCVGfQOc5Yz_wAli4=\/620x0\/smart\/filters:format(jpeg):quality(75)\/cloudfront-us-east-1.images.arcpublishing.com\/elcomercio\/ILGXEWNYRVF4JLN76NSIZK5W4I.webp\" alt=\"Los platos tradicionales forman parte de la celebraci\u00f3n de la independencia en septiembre. (Getty Images).\" width=\"800\" height=\"450\" data-src=\"https:\/\/elcomercio.pe\/resizer\/-JkX6ywlA9kCVGfQOc5Yz_wAli4=\/620x0\/smart\/filters:format(jpeg):quality(75)\/cloudfront-us-east-1.images.arcpublishing.com\/elcomercio\/ILGXEWNYRVF4JLN76NSIZK5W4I.webp\" data-was-processed=\"true\" \/><\/picture><figcaption class=\"story-contents__caption\"><em>Los platos tradicionales forman parte de la celebraci\u00f3n de la independencia en septiembre. (Getty Images).<\/p>\n<p><\/em><\/figcaption><\/figure>\n<p class=\"story-contents__font-paragraph \">Pero seg\u00fan Enr\u00edquez hubo otro motivo mayor que estaba vinculado a la propia figura que propici\u00f3 la fecha.<\/p>\n<p class=\"story-contents__font-paragraph \">\u201cLa fiesta del 12 de febrero era muy cercana a la figura de Bernardo O\u2019Higgins, que fue derrocado en 1823 por una revuelta y partir de ah\u00ed se comenz\u00f3 a cuestionar todo lo asociado a \u00e9l\u201d, cuenta.<\/p>\n<p class=\"story-contents__font-paragraph \">La experta se\u00f1ala que las principales cr\u00edticas a la fecha se concentraron en que la declaraci\u00f3n de la independencia la realiz\u00f3 O\u2019Higgins por s\u00ed mismo y en el contexto de un Congreso de diputados elegidos, por lo que para una parte de la sociedad\u00a0carec\u00eda de legitimidad.<\/p>\n<p class=\"story-contents__font-paragraph \">Luego, tras la ca\u00edda y exilio en Per\u00fa del \u201cdirector supremo\u201d, los d\u00edas de la fiesta de febrero comenzaron a estar contados.<\/p>\n<figure><picture><source class=\"lazy\" srcset=\"https:\/\/elcomercio.pe\/resizer\/YZVy7iAQuVZ9kRUuvOqK37vG_UI=\/280x0\/smart\/filters:format(jpeg):quality(75)\/cloudfront-us-east-1.images.arcpublishing.com\/elcomercio\/4SLJRQ2DL5EMDHZSYDT4YBZ4XQ.webp\" media=\"(max-width: 360px)\" data-srcset=\"https:\/\/elcomercio.pe\/resizer\/YZVy7iAQuVZ9kRUuvOqK37vG_UI=\/280x0\/smart\/filters:format(jpeg):quality(75)\/cloudfront-us-east-1.images.arcpublishing.com\/elcomercio\/4SLJRQ2DL5EMDHZSYDT4YBZ4XQ.webp\" data-was-processed=\"true\" \/><source class=\"lazy\" srcset=\"https:\/\/elcomercio.pe\/resizer\/6WfvtQFQUq9aAvBs-CvblkprvcI=\/482x0\/smart\/filters:format(jpeg):quality(75)\/cloudfront-us-east-1.images.arcpublishing.com\/elcomercio\/4SLJRQ2DL5EMDHZSYDT4YBZ4XQ.webp\" media=\"(max-width: 639px)\" data-srcset=\"https:\/\/elcomercio.pe\/resizer\/6WfvtQFQUq9aAvBs-CvblkprvcI=\/482x0\/smart\/filters:format(jpeg):quality(75)\/cloudfront-us-east-1.images.arcpublishing.com\/elcomercio\/4SLJRQ2DL5EMDHZSYDT4YBZ4XQ.webp\" data-was-processed=\"true\" \/><img loading=\"lazy\" decoding=\"async\" class=\"lazy story-contents__image w-full o-cover loaded\" src=\"https:\/\/elcomercio.pe\/resizer\/7Me6Tx-QMOfcEo7jH0ryHtHLTbY=\/620x0\/smart\/filters:format(jpeg):quality(75)\/cloudfront-us-east-1.images.arcpublishing.com\/elcomercio\/4SLJRQ2DL5EMDHZSYDT4YBZ4XQ.webp\" alt=\"O'Higgins fue derrocado y vivi\u00f3 el resto de su vida exiliado en el Per\u00fa. (INSTITUTO GEOGR\u00c1FICO MILITAR DE CHILE).\" width=\"676\" height=\"549\" data-src=\"https:\/\/elcomercio.pe\/resizer\/7Me6Tx-QMOfcEo7jH0ryHtHLTbY=\/620x0\/smart\/filters:format(jpeg):quality(75)\/cloudfront-us-east-1.images.arcpublishing.com\/elcomercio\/4SLJRQ2DL5EMDHZSYDT4YBZ4XQ.webp\" data-was-processed=\"true\" \/><\/picture><figcaption class=\"story-contents__caption\"><em>O&#8217;Higgins fue derrocado y vivi\u00f3 el resto de su vida exiliado en el Per\u00fa. (INSTITUTO GEOGR\u00c1FICO MILITAR DE CHILE).<\/em><\/figcaption><\/figure>\n<p>&nbsp;<\/p>\n<p class=\"story-contents__font-paragraph \">\u201cFueron a\u00f1os de mucha turbulencia. Finalmente se implant\u00f3 un r\u00e9gimen conservador y se gener\u00f3 un movimiento opositor que defend\u00eda el regreso de O\u2019Higgins. Para evitar que la fecha sirviera como pretexto para una posible insurrecci\u00f3n\u00a0decide cambiarse entonces por decreto para septiembre\u201d,\u00a0comenta.<\/p>\n<p class=\"story-contents__font-paragraph \">En 1837, el entonces presidente Joaqu\u00edn Prieto decidi\u00f3 concentrar las fiestas nacionales de febrero y abril -de pasado o\u2019higginista- en el 18 de septiembre, fecha vista como la fecha que dio paso a la guerra de independencia.<\/p>\n<p class=\"story-contents__font-paragraph \">\u201cAs\u00ed se ha ido pasando entonces de generaci\u00f3n en generaci\u00f3n y as\u00ed se ha ense\u00f1ado desde entonces en las escuelas. Por eso, muchos en Chile\u00a0desconocen realmente cu\u00e1ndo fue que se declar\u00f3 la independencia\u201d,\u00a0se\u00f1ala Enr\u00edquez.<\/p>\n","protected":false},"excerpt":{"rendered":"<p>&nbsp; Chile declar\u00f3 oficialmente su independencia de Espa\u00f1a el 12 de febrero de 1818. (PEDRO SUBERCASEAUX). &nbsp; &#8211; El 12 de febrero de 1818, Bernardo&hellip;<\/p>\n","protected":false},"author":99,"featured_media":505472,"comment_status":"open","ping_status":"open","sticky":false,"template":"","format":"standard","meta":{"footnotes":""},"categories":[11358,23],"tags":[],"class_list":["post-505471","post","type-post","status-publish","format-standard","has-post-thumbnail","hentry","category-especiales","category-latinoamerica"],"_links":{"self":[{"href":"https:\/\/diarioelpopular.com\/index.php\/wp-json\/wp\/v2\/posts\/505471","targetHints":{"allow":["GET"]}}],"collection":[{"href":"https:\/\/diarioelpopular.com\/index.php\/wp-json\/wp\/v2\/posts"}],"about":[{"href":"https:\/\/diarioelpopular.com\/index.php\/wp-json\/wp\/v2\/types\/post"}],"author":[{"embeddable":true,"href":"https:\/\/diarioelpopular.com\/index.php\/wp-json\/wp\/v2\/users\/99"}],"replies":[{"embeddable":true,"href":"https:\/\/diarioelpopular.com\/index.php\/wp-json\/wp\/v2\/comments?post=505471"}],"version-history":[{"count":1,"href":"https:\/\/diarioelpopular.com\/index.php\/wp-json\/wp\/v2\/posts\/505471\/revisions"}],"predecessor-version":[{"id":505473,"href":"https:\/\/diarioelpopular.com\/index.php\/wp-json\/wp\/v2\/posts\/505471\/revisions\/505473"}],"wp:featuredmedia":[{"embeddable":true,"href":"https:\/\/diarioelpopular.com\/index.php\/wp-json\/wp\/v2\/media\/505472"}],"wp:attachment":[{"href":"https:\/\/diarioelpopular.com\/index.php\/wp-json\/wp\/v2\/media?parent=505471"}],"wp:term":[{"taxonomy":"category","embeddable":true,"href":"https:\/\/diarioelpopular.com\/index.php\/wp-json\/wp\/v2\/categories?post=505471"},{"taxonomy":"post_tag","embeddable":true,"href":"https:\/\/diarioelpopular.com\/index.php\/wp-json\/wp\/v2\/tags?post=505471"}],"curies":[{"name":"wp","href":"https:\/\/api.w.org\/{rel}","templated":true}]}}