{"id":505481,"date":"2022-09-19T08:17:56","date_gmt":"2022-09-19T12:17:56","guid":{"rendered":"https:\/\/diarioelpopular.com\/?p=505481"},"modified":"2022-09-19T08:17:56","modified_gmt":"2022-09-19T12:17:56","slug":"mexico-una-mujer-como-sucesora-de-obrador","status":"publish","type":"post","link":"https:\/\/diarioelpopular.com\/index.php\/2022\/09\/19\/mexico-una-mujer-como-sucesora-de-obrador\/","title":{"rendered":"M\u00e9xico: Una mujer como sucesora de Obrador"},"content":{"rendered":"<p>&nbsp;<\/p>\n<p><img loading=\"lazy\" decoding=\"async\" class=\"alignnone size-custom-full-size wp-image-505482\" src=\"https:\/\/diarioelpopular.com\/wp-content\/uploads\/2022\/09\/abb74737fc0ffb9e27c25f1cabddee6e.jpg\" alt=\"\" width=\"476\" height=\"317\" srcset=\"https:\/\/diarioelpopular.com\/wp-content\/uploads\/2022\/09\/abb74737fc0ffb9e27c25f1cabddee6e.jpg 476w, https:\/\/diarioelpopular.com\/wp-content\/uploads\/2022\/09\/abb74737fc0ffb9e27c25f1cabddee6e-300x200.jpg 300w, https:\/\/diarioelpopular.com\/wp-content\/uploads\/2022\/09\/abb74737fc0ffb9e27c25f1cabddee6e-110x73.jpg 110w\" sizes=\"auto, (max-width: 476px) 100vw, 476px\" \/><\/p>\n<h4><em>&#8211; Sheinbaum acapara posiciones en Congreso de partido gobernante<\/em><\/h4>\n<div class=\"row bk-sep\">\n<div class=\"mm-photo-img\"><em><strong>CIUDAD DE MEXICO, 19 SET &#8211;<\/strong><\/em> La jefa de gobierno de la capital mexicana, Claudia Sheinbaum, se perfila como favorita del oficialismo para la sucesi\u00f3n del presidente Andr\u00e9s Manuel L\u00f3pez Obrador luego que acapar\u00f3 las posiciones clave en el Congreso del gobernante Movimiento de Regeneraci\u00f3n Nacional (Morena).<br \/>\nSheinbaum, quien tambi\u00e9n es la m\u00e1s cercana al mandatario, y se le considera su &#8220;delfin&#8221;, coloc\u00f3 a sus aliados en la mayor\u00eda de los puestos de direcci\u00f3n del Consejo nacional de Morena, donde fue designado como presidente el gobernador del norte\u00f1o estado de Sonora Alfonso Durazo, que tambi\u00e9n le ha demostrado su apoyo.<br \/>\nEl presidente de Morena (centroizquierda) Mario Delgado y la secretaria general Citlalli Hern\u00e1ndez, que tambi\u00e9n son sus cercanos, fueron reelectos en sus cargos hasta 2024, lo que extiende su gesti\u00f3n un a\u00f1o m\u00e1s de lo establecido, en medio de algunas protestas y rechiflas de los delegados.<br \/>\nLos grandes ausentes del Congreso, celebrado el s\u00e1bado en Ciudad de M\u00e9xico, fueron el canciller Marcelo Ebrard, el otro favorito para suceder a L\u00f3pez Obrador, designado para representar al gobierno en los funerales de la reina Isabel de Inglaterra y el l\u00edder de la bancada de Morena en la C\u00e1mara de Senadores, Ricardo Monreal.<br \/>\nMonreal, otro de los precandidatos a la presidencia, junto con el ministro de Gobernaci\u00f3n Ad\u00e1n Augusto L\u00f3pez, es un &#8220;disidente&#8221; que cada vez se aleja m\u00e1s de Morena y de L\u00f3pez Obrador y de quien se especula que podr\u00eda abandonar el barco en cuesti\u00f3n de semanas o meses y sumarse a la oposici\u00f3n.<br \/>\nEn cuanto al ministro de Gobernaci\u00f3n, las encuestas le conceden pocas posibilidades y crecen las versiones de que podr\u00eda respaldar a la intendente Claudia Sheinbaum.<br \/>\nEbrard, que ha sido la figura m\u00e1s influyente del gabinete de L\u00f3pez Obrador y quien es considerado el m\u00e1s h\u00e1bil de los precandidatos, s\u00f3lo pudo colocar 13% de sus allegados en el Congreso Nacional de Morena, mientras que la mayor\u00eda fueron afines a Sheinbaum.<br \/>\nLa alcaldesa fue arropada con coros de aclamaci\u00f3n por parte de los delegados a su arribo al lugar de sesiones, quienes le gritaron varias veces &#8220;presidenta&#8221;.<br \/>\nEl c\u00f3nclave, que sesion\u00f3 hasta los primeros minutos de hoy, aprob\u00f3 reformas a los estatutos, que incluyen la definici\u00f3n de Morena como un partido &#8220;de izquierda y antineoliberal&#8221; y el rechazo a las &#8220;campa\u00f1as de denostaci\u00f3n, calumnia e injuria&#8221; y de quienes &#8220;act\u00faen en contra de los principios&#8221; de la organizaci\u00f3n.<br \/>\nDurante la sesi\u00f3n se proyect\u00f3 un video del ex presidente de Uruguay Jos\u00e9 Mujica, quien llam\u00f3 a los delegados a evitar el ejemplo del opositor Partido Revolucionario Institucional (PRI, centro), que gobern\u00f3 a M\u00e9xico desde 1929 hasta 2018, con una pausa de 12 a\u00f1os.<br \/>\n&#8220;Si la gente pierde la confianza, despu\u00e9s no creer\u00e1 en el partido&#8221;, afirm\u00f3 Mujica, invitado especial a las fiestas de la Independencia Nacional por L\u00f3pez Obrador, quien se\u00f1al\u00f3 que &#8220;sin fuerza colectiva no hay durabilidad&#8221;.<br \/>\nA su vez, en otro video, el ex presidente de Bolivia, otro invitado especial a estas ceremonias, recomend\u00f3 a los delegados &#8220;nunca claudicar en la posici\u00f3n ideol\u00f3gica y estar siempre del lado de la gente humilde&#8221; y dijo que &#8220;si fuera mexicano ser\u00eda militante de Morena&#8221;.<br \/>\nEl nuevo presidente del Consejo Nacional de Morena afirm\u00f3 que vienen tiempos muy intensos y los mejores&#8221; para esta fuerza pol\u00edtica dominante en el pa\u00eds, fundada por L\u00f3pez Obrador en 2014, y se\u00f1al\u00f3 que &#8220;nuestro mayor reto es darle continuidad hist\u00f3rica&#8221;.<br \/>\n&#8220;Hay que trabajar de manera muy comprometida, en unidad, con vocaci\u00f3n democr\u00e1tica y pensando en el bienestar general de los mexicanos&#8221;, agreg\u00f3 al comprometerse a hacer que Morena siga &#8220;siendo la voz que representa a millones de personas comprometidas en lograr un mejor pa\u00eds para todos&#8221;.<br \/>\n&#8220;Nuestra responsabilidad traducir las pol\u00edticas p\u00fablicas en bienestar para la gente. Por eso la mejor manera de hacerlo es en un \u00e1mbito democr\u00e1tico, incluyente, abierto, tolerante&#8221;, expuso.<br \/>\nSeg\u00fan las m\u00e1s recientes encuestas, Morena con Ebrard o Sheinbaum como candidatos ganar\u00edan la presidencia en las elecciones del 2024 por una diferencia de m\u00e1s de 10 puntos frente a un bloque que agrupara a los principales partidos de la oposici\u00f3n, aunque se duda que estos logren consolidar una alianza.<\/div>\n<\/div>\n","protected":false},"excerpt":{"rendered":"<p>&nbsp; &#8211; Sheinbaum acapara posiciones en Congreso de partido gobernante CIUDAD DE MEXICO, 19 SET &#8211; La jefa de gobierno de la capital mexicana, Claudia&hellip;<\/p>\n","protected":false},"author":99,"featured_media":505482,"comment_status":"open","ping_status":"open","sticky":false,"template":"","format":"standard","meta":{"footnotes":""},"categories":[23],"tags":[],"class_list":["post-505481","post","type-post","status-publish","format-standard","has-post-thumbnail","hentry","category-latinoamerica"],"_links":{"self":[{"href":"https:\/\/diarioelpopular.com\/index.php\/wp-json\/wp\/v2\/posts\/505481","targetHints":{"allow":["GET"]}}],"collection":[{"href":"https:\/\/diarioelpopular.com\/index.php\/wp-json\/wp\/v2\/posts"}],"about":[{"href":"https:\/\/diarioelpopular.com\/index.php\/wp-json\/wp\/v2\/types\/post"}],"author":[{"embeddable":true,"href":"https:\/\/diarioelpopular.com\/index.php\/wp-json\/wp\/v2\/users\/99"}],"replies":[{"embeddable":true,"href":"https:\/\/diarioelpopular.com\/index.php\/wp-json\/wp\/v2\/comments?post=505481"}],"version-history":[{"count":1,"href":"https:\/\/diarioelpopular.com\/index.php\/wp-json\/wp\/v2\/posts\/505481\/revisions"}],"predecessor-version":[{"id":505483,"href":"https:\/\/diarioelpopular.com\/index.php\/wp-json\/wp\/v2\/posts\/505481\/revisions\/505483"}],"wp:featuredmedia":[{"embeddable":true,"href":"https:\/\/diarioelpopular.com\/index.php\/wp-json\/wp\/v2\/media\/505482"}],"wp:attachment":[{"href":"https:\/\/diarioelpopular.com\/index.php\/wp-json\/wp\/v2\/media?parent=505481"}],"wp:term":[{"taxonomy":"category","embeddable":true,"href":"https:\/\/diarioelpopular.com\/index.php\/wp-json\/wp\/v2\/categories?post=505481"},{"taxonomy":"post_tag","embeddable":true,"href":"https:\/\/diarioelpopular.com\/index.php\/wp-json\/wp\/v2\/tags?post=505481"}],"curies":[{"name":"wp","href":"https:\/\/api.w.org\/{rel}","templated":true}]}}