{"id":505487,"date":"2022-09-19T09:00:29","date_gmt":"2022-09-19T13:00:29","guid":{"rendered":"https:\/\/diarioelpopular.com\/?p=505487"},"modified":"2022-09-19T09:00:29","modified_gmt":"2022-09-19T13:00:29","slug":"estas-son-las-reformas-con-las-que-en-ecuador-quieren-cambiar-el-estado","status":"publish","type":"post","link":"https:\/\/diarioelpopular.com\/index.php\/2022\/09\/19\/estas-son-las-reformas-con-las-que-en-ecuador-quieren-cambiar-el-estado\/","title":{"rendered":"Estas son las reformas con las que en Ecuador quieren cambiar el Estado"},"content":{"rendered":"<p><img loading=\"lazy\" decoding=\"async\" class=\"alignnone size-custom-full-size wp-image-505488\" src=\"https:\/\/diarioelpopular.com\/wp-content\/uploads\/2022\/09\/gettyimages-1241635277_40697559_20220918202258-636x461.jpg\" alt=\"\" width=\"636\" height=\"461\" srcset=\"https:\/\/diarioelpopular.com\/wp-content\/uploads\/2022\/09\/gettyimages-1241635277_40697559_20220918202258-636x461.jpg 636w, https:\/\/diarioelpopular.com\/wp-content\/uploads\/2022\/09\/gettyimages-1241635277_40697559_20220918202258-300x217.jpg 300w, https:\/\/diarioelpopular.com\/wp-content\/uploads\/2022\/09\/gettyimages-1241635277_40697559_20220918202258-768x556.jpg 768w, https:\/\/diarioelpopular.com\/wp-content\/uploads\/2022\/09\/gettyimages-1241635277_40697559_20220918202258-101x73.jpg 101w, https:\/\/diarioelpopular.com\/wp-content\/uploads\/2022\/09\/gettyimages-1241635277_40697559_20220918202258.jpg 780w\" sizes=\"auto, (max-width: 636px) 100vw, 636px\" \/><\/p>\n<p><em>Las constantes protestas por inseguridad y corrupci\u00f3n detonaron en el referendo de Lasso.<\/em><\/p>\n<h4 class=\"lead cita\"><em><strong>&#8211; El Presidente ecuatoriano busca reconfigurar la justicia y la seguridad del pa\u00eds v\u00eda referendo.<\/strong><\/em><\/h4>\n<p>En una plaza p\u00fablica del barrio Carapungo y bajo el sol de medio d\u00eda, el presidente de Ecuador, Guillermo Lasso, present\u00f3 oficialmente las propuestas con las que pretende reconfigurar el Estado e\u00a0invit\u00f3 a la comunidad a participar en una consulta ciudadana para escuchar las peticiones de v\u00edctimas, asociaciones estudiantiles, sectores ind\u00edgenas, mujeres, polic\u00edas, militares y grupos de Derechos Humanos.<\/p>\n<p>El documento, que recoge ocho preguntas que configuran el referendo, fue enviado el pasado 12 de septiembre a la Corte Constitucional\u00a0por el ministro de Gobierno, Francisco Jim\u00e9nez, con el objetivo de ser revisado y aceptado seg\u00fan su pertinencia legal y constitucional.<\/p>\n<p>En medio de la reuni\u00f3n, el presidente\u00a0Lasso escuch\u00f3 las quejas y los argumentos de los asistentes que trataron de esquivar el sol durante el evento que dur\u00f3 casi 40 minutos.<\/p>\n<p>\u201cLe pedimos que combata el narcotr\u00e1fico y que nos d\u00e9 soluciones estables, no podemos andar tranquilamente en la ciudad.\u00a0Ponga mano dura para los delincuentes\u201d, expres\u00f3 un ciudadano.<\/p>\n<p>Precisamente, una de las propuestas de enmienda tiene que ver con permitir el apoyo de las Fuerzas Armadas a la Polic\u00eda para combatir el crimen organizado debido a los \u00edndices de inseguridad en el pa\u00eds que siguen en aumento.<\/p>\n<p>Otra de las propuestas en materia de seguridad es\u00a0la extradici\u00f3n de ecuatorianos que hayan cometido delitos como narcotr\u00e1fico, tr\u00e1fico de armas, tr\u00e1fico de migrantes y trata de personas.\u00a0Actualmente, en ese pa\u00eds la extradici\u00f3n est\u00e1 prohibida en cualquier caso, sin importar el crimen. Lasso espera que esta reforma permita un castigo con penas m\u00e1s duras de los pa\u00edses que soliciten a cualquier persona que cometa un crimen trasnacional.<\/p>\n<p>La comunidad tambi\u00e9n mostr\u00f3\u00a0inconformidad con respecto a las entidades actuales del pa\u00eds que se han visto envueltas en diferentes casos de corrupci\u00f3n y demoras en los procesos.<\/p>\n<p>Frente a esto, Lasso\u00a0quiere reformar de fondo algunos \u00f3rganos como la Fiscal\u00eda y la Asamblea que tiene, hasta ahora, una credibilidad m\u00ednima y una mala imagen.<\/p>\n<p>Uno de los principales problemas que quiere atacar Lasso es\u00a0la insuficiencia de fiscales porque hasta finales de 2021, en Ecuador se registraba un d\u00e9ficit de 573 agentes y la cifra cae cada a\u00f1o.\u00a0Sin embargo, la entidad expres\u00f3 que no era necesaria la reforma porque las unidades t\u00e9cnicas que tienen son suficientes para hacerse cargo de las demandantes tareas.<\/p>\n<p>Pero aceptan que en parte est\u00e1n de acuerdo con la reforma puesto que pretende que la Fiscal\u00eda sea un \u00f3rgano con autonom\u00eda propia, independiente del Consejo de la Judicatura;\u00a0con esto, la entidad podr\u00eda seleccionar, evaluar, y sancionar a sus propios funcionarios a trav\u00e9s de la creaci\u00f3n de un Consejo Fiscal.<\/p>\n<p>En cuanto a la reforma de la Asamblea,\u00a0la propuesta busca reducir el n\u00famero de asamble\u00edstas a 100 con el fin de que la ciudadan\u00eda pueda hacerles un control m\u00e1s riguroso.<\/p>\n<p>La reducci\u00f3n de funcionarios va por todos lados. Lasso tambi\u00e9n espera aplicarla a los movimientos pol\u00edticos exigi\u00e9ndoles un n\u00famero m\u00ednimo de afiliados que ser\u00e1n auditados directamente por el Consejo Nacional Electoral, al conocer varios esc\u00e1ndalos por la afiliaci\u00f3n fraudulenta de algunos militantes.<\/p>\n<p>Actualmente, en Ecuador existen 272 movimientos pol\u00edticos que seg\u00fan el presidente,\u201cno garantizan la representaci\u00f3n ciudadana, ni la adecuada participaci\u00f3n de sus miembros\u201d.<\/p>\n<p>La reforma tambi\u00e9n le caer\u00eda al Consejo de Participaci\u00f3n Ciudadana y Control Social (Cpccs).\u00a0Lasso plantea una serie de modificaciones internas con el objetivo de \u201celiminar la politiquer\u00eda y manoseo en la selecci\u00f3n de autoridades\u201d, se\u00f1al\u00f3. Este Consejo tiene la facultad de designar al contralor, el fiscal, el procurador y los superintendentes, pero con la reforma, ser\u00eda la Asamble Nacional la encargada de esa selecci\u00f3n.<\/p>\n<p>Lasso tambi\u00e9n quiere reconfigurar su Estado en torno al medio ambiente y por eso plante\u00f3\u00a0en su referendo dos propuestas que buscan cuidar el agua y recompensar a los ciudadanos que cuiden la naturaleza.<\/p>\n<p>\u201cSe\u00f1or presidente, este es el clamor de su pueblo\u201d, dijo la moderadora del evento en la plaza p\u00fablica del pasado 12 de septiembre y dio paso a las declaraciones de Lasso.\u00a0El Consejo Nacional ser\u00eda el encargado de convocar a las nuevas elecciones para saber si los ecuatorianos est\u00e1n o no de acuerdo con las preguntas del referendo.<\/p>\n","protected":false},"excerpt":{"rendered":"<p>Las constantes protestas por inseguridad y corrupci\u00f3n detonaron en el referendo de Lasso. &#8211; El Presidente ecuatoriano busca reconfigurar la justicia y la seguridad del&hellip;<\/p>\n","protected":false},"author":99,"featured_media":505488,"comment_status":"open","ping_status":"open","sticky":false,"template":"","format":"standard","meta":{"footnotes":""},"categories":[23],"tags":[],"class_list":["post-505487","post","type-post","status-publish","format-standard","has-post-thumbnail","hentry","category-latinoamerica"],"_links":{"self":[{"href":"https:\/\/diarioelpopular.com\/index.php\/wp-json\/wp\/v2\/posts\/505487","targetHints":{"allow":["GET"]}}],"collection":[{"href":"https:\/\/diarioelpopular.com\/index.php\/wp-json\/wp\/v2\/posts"}],"about":[{"href":"https:\/\/diarioelpopular.com\/index.php\/wp-json\/wp\/v2\/types\/post"}],"author":[{"embeddable":true,"href":"https:\/\/diarioelpopular.com\/index.php\/wp-json\/wp\/v2\/users\/99"}],"replies":[{"embeddable":true,"href":"https:\/\/diarioelpopular.com\/index.php\/wp-json\/wp\/v2\/comments?post=505487"}],"version-history":[{"count":1,"href":"https:\/\/diarioelpopular.com\/index.php\/wp-json\/wp\/v2\/posts\/505487\/revisions"}],"predecessor-version":[{"id":505489,"href":"https:\/\/diarioelpopular.com\/index.php\/wp-json\/wp\/v2\/posts\/505487\/revisions\/505489"}],"wp:featuredmedia":[{"embeddable":true,"href":"https:\/\/diarioelpopular.com\/index.php\/wp-json\/wp\/v2\/media\/505488"}],"wp:attachment":[{"href":"https:\/\/diarioelpopular.com\/index.php\/wp-json\/wp\/v2\/media?parent=505487"}],"wp:term":[{"taxonomy":"category","embeddable":true,"href":"https:\/\/diarioelpopular.com\/index.php\/wp-json\/wp\/v2\/categories?post=505487"},{"taxonomy":"post_tag","embeddable":true,"href":"https:\/\/diarioelpopular.com\/index.php\/wp-json\/wp\/v2\/tags?post=505487"}],"curies":[{"name":"wp","href":"https:\/\/api.w.org\/{rel}","templated":true}]}}