{"id":505499,"date":"2022-09-20T09:12:03","date_gmt":"2022-09-20T13:12:03","guid":{"rendered":"https:\/\/diarioelpopular.com\/?p=505499"},"modified":"2022-09-20T09:12:03","modified_gmt":"2022-09-20T13:12:03","slug":"colombia-no-paran-las-criticas-a-la-paz-total-de-petro","status":"publish","type":"post","link":"https:\/\/diarioelpopular.com\/index.php\/2022\/09\/20\/colombia-no-paran-las-criticas-a-la-paz-total-de-petro\/","title":{"rendered":"Colombia: No paran las cr\u00edticas a la paz total de Petro"},"content":{"rendered":"<p>&nbsp;<\/p>\n<p><img loading=\"lazy\" decoding=\"async\" class=\"alignnone size-custom-full-size wp-image-505500\" src=\"https:\/\/diarioelpopular.com\/wp-content\/uploads\/2022\/09\/efbadd61b359a7bbbce9ba7e0fff79b9.jpg\" alt=\"\" width=\"476\" height=\"311\" srcset=\"https:\/\/diarioelpopular.com\/wp-content\/uploads\/2022\/09\/efbadd61b359a7bbbce9ba7e0fff79b9.jpg 476w, https:\/\/diarioelpopular.com\/wp-content\/uploads\/2022\/09\/efbadd61b359a7bbbce9ba7e0fff79b9-300x196.jpg 300w, https:\/\/diarioelpopular.com\/wp-content\/uploads\/2022\/09\/efbadd61b359a7bbbce9ba7e0fff79b9-85x55.jpg 85w, https:\/\/diarioelpopular.com\/wp-content\/uploads\/2022\/09\/efbadd61b359a7bbbce9ba7e0fff79b9-112x73.jpg 112w\" sizes=\"auto, (max-width: 476px) 100vw, 476px\" \/><\/p>\n<p><em>Negociadores rechazan aspectos de su propuesta de paz. (foto: EPA)<\/em><\/p>\n<h4><em><strong>&#8211; Fuego amigo de parte de negociadores del acuerdo con terroristas de las FARC<\/strong><\/em><\/h4>\n<p><em><strong>BOGOTA 20 SEPT &#8211;<\/strong><\/em> El presidente colombiano, Gustavo Petro, sali\u00f3 este lunes por segunda vez en defensa de su propuesta de &#8220;paz total&#8221; desde que lleg\u00f3 a Nueva York, tras los serios cuestionamientos a los acercamientos de funcionarios de su gobierno con disidencias de las terroristas FARC.<br \/>\n&#8220;Mi gobierno aspira a la paz total, a dejar atr\u00e1s las tragedias traslapadas de la exclusi\u00f3n y la violencia&#8221;, manifest\u00f3 el mandatario durante su intervenci\u00f3n en la Cumbre sobre la Transformaci\u00f3n de la Educaci\u00f3n, convocada por el Secretario General de la ONU, Antonio Guterres.<br \/>\nSeg\u00fan el Jefe de Estado, ser\u00e1 necesario &#8220;multiplicar las oportunidades, lograr que el joven que hoy ve en una organizaci\u00f3n criminal un alivio para el hambre y la soledad, pueda imagina un futuro distinto&#8221;, argument\u00f3.<br \/>\nEl fin de semana el gobierno izquierdista de Petro sorprendi\u00f3 al pa\u00eds con un comunicado e im\u00e1genes de una reuni\u00f3n entre disidentes de las FARC y el comisionado para la Paz, Danilo Rueda, donde se hac\u00eda p\u00fablico el acercamiento para explorar caminos hacia la pacificaci\u00f3n.<br \/>\n&#8220;Hemos sostenido una reuni\u00f3n de exploraci\u00f3n y acercamiento para valorar la posibilidad de iniciar di\u00e1logos en el marco de la Paz Total&#8221;, dijeron los firmantes del mensaje, y a\u00f1adieron que hab\u00eda &#8220;disposici\u00f3n&#8221; de que &#8220;estos di\u00e1logos est\u00e9n ambientados por un cese al fuego bilateral, cuya ejecuci\u00f3n deber\u00e1 ser verificada&#8221;.<br \/>\nSin embargo, la respuesta a esos acercamientos ha sido negativa, incluso de desde bandos afines al acuerdo de paz, quienes coinciden que nada se tiene que negociar con aquellos que &#8220;traicionaron&#8221; la firma del tratado con las FARC de 2016.<br \/>\nEl primero en sentar su posici\u00f3n en contra de esos acercamientos fue el senador y exjefe de la negociaci\u00f3n con las FARC, Humberto de la Calle, quien dijo estar en desacuerdo con la reapertura de &#8220;negociaciones&#8221; con Iv\u00e1n M\u00e1rquez.<br \/>\nM\u00e1rquez, cuyo verdadero nombre es Luciano Mar\u00edn, fue su contraparte durante las negociaciones de paz, pero una vez firmado el tratado y tras ser revelado de sus nexos con organizaciones del narcotr\u00e1fico desert\u00f3 y fund\u00f3 un grupo disidente llamado &#8220;Segunda Marquetalia&#8221;.<br \/>\n&#8220;Ellos tuvieron su oportunidad; yo creo que el camino que les queda es el del sometimiento&#8221;, argument\u00f3 de la Calle en un mensaje en Twitter.<br \/>\nEste lunes, Sergio Jaramillo, excomisionado para la Paz y miembro del equipo negociador junto a de la Calle, calific\u00f3 de &#8220;grotesca&#8221; y poco &#8220;razonable&#8221; la decisi\u00f3n de la administraci\u00f3n de Petro de sentarse a una mesa a discutir una paz que ya se firm\u00f3 con las FARC con quienes evadieron lo pactado.<br \/>\nPero lo m\u00e1s cr\u00edtico para Jaramillo fue el tratamiento que el gobierno le otorg\u00f3 a los renegados de presentarse como si fueran de nuevo las ya desaparecidas FARC, con lo que abri\u00f3 el camino para argumentar su estatus pol\u00edtico, seg\u00fan su interpretaci\u00f3n.<br \/>\n&#8220;Tratarlos como una insurgencia en t\u00e9rminos de una negociaci\u00f3n pol\u00edtica es un enorme error estrat\u00e9gico&#8221;, precis\u00f3 el excomisionado en declaraciones a W Radio.<br \/>\nPara Jaramillo el camino que le queda a esas estructuras que desertaron del acuerdo es el sometimiento a la justicia y el arrepentimiento.<br \/>\n&#8220;Lo que no me parece razonable y me parece incluso una cosa grotesca, es comenzar a darle tratamiento pol\u00edtico a esas organizaciones y tildarlas formalmente de insurgencias y terminar politizando el crimen organizado, que creo es lo que est\u00e1 ocurriendo&#8221;, critic\u00f3.<br \/>\nEn su interpretaci\u00f3n sobre lo que est\u00e1 ocurriendo, Jaramillo opin\u00f3 que se &#8220;desvaloriza&#8221; el acuerdo con las FARC abriendo un espacio con los disidentes, en esos t\u00e9rminos, y sostuvo que con ello se &#8220;crean incentivos perversos&#8221; que le hacen &#8220;da\u00f1o no solo a la paz sino a la seguridad del pa\u00eds&#8221;.<br \/>\n&#8220;No estoy de acuerdo con negociar nada con Iv\u00e1n M\u00e1rquez&#8221;, a\u00f1adi\u00f3.<br \/>\nPero no solo Jaramillo y de la Calle se manifestaron en contra, el presidente del Senado, Roy Barreras, incondicional a Petro, calific\u00f3 de &#8220;valiente&#8221; y &#8220;noble&#8221; la intenci\u00f3n del comisionado Rueda de reunirse con las disidencias, pero advirti\u00f3 que es un llamado a la pol\u00e9mica.<br \/>\n&#8220;Hay que valorar el esfuerzo valiente y la noble intenci\u00f3n del Comisionado de Paz en estas reuniones. Las reuniones exploratorias exigen prudencia y sus conclusiones preliminares deben ser privadas sobre todo si se firman a nombre del Estado.<br \/>\nEso evita pol\u00e9micas que entorpecen&#8221;.<br \/>\nEscribi\u00f3 Barreras en su cuenta de Twitter, en la que anunci\u00f3 que al margen de emitir opiniones a los medios de prensa, hablar\u00eda con Rueda en privado para darle sus opiniones frente a los acercamientos con los renegados del acuerdo de paz.<br \/>\nEl senador Barreras fue tambi\u00e9n uno de los impulsores pol\u00edticos del acuerdo de paz durante el gobierno de Juan Manuel Santos.<\/p>\n","protected":false},"excerpt":{"rendered":"<p>&nbsp; Negociadores rechazan aspectos de su propuesta de paz. (foto: EPA) &#8211; Fuego amigo de parte de negociadores del acuerdo con terroristas de las FARC&hellip;<\/p>\n","protected":false},"author":99,"featured_media":505500,"comment_status":"open","ping_status":"open","sticky":false,"template":"","format":"standard","meta":{"footnotes":""},"categories":[23],"tags":[],"class_list":["post-505499","post","type-post","status-publish","format-standard","has-post-thumbnail","hentry","category-latinoamerica"],"_links":{"self":[{"href":"https:\/\/diarioelpopular.com\/index.php\/wp-json\/wp\/v2\/posts\/505499","targetHints":{"allow":["GET"]}}],"collection":[{"href":"https:\/\/diarioelpopular.com\/index.php\/wp-json\/wp\/v2\/posts"}],"about":[{"href":"https:\/\/diarioelpopular.com\/index.php\/wp-json\/wp\/v2\/types\/post"}],"author":[{"embeddable":true,"href":"https:\/\/diarioelpopular.com\/index.php\/wp-json\/wp\/v2\/users\/99"}],"replies":[{"embeddable":true,"href":"https:\/\/diarioelpopular.com\/index.php\/wp-json\/wp\/v2\/comments?post=505499"}],"version-history":[{"count":1,"href":"https:\/\/diarioelpopular.com\/index.php\/wp-json\/wp\/v2\/posts\/505499\/revisions"}],"predecessor-version":[{"id":505501,"href":"https:\/\/diarioelpopular.com\/index.php\/wp-json\/wp\/v2\/posts\/505499\/revisions\/505501"}],"wp:featuredmedia":[{"embeddable":true,"href":"https:\/\/diarioelpopular.com\/index.php\/wp-json\/wp\/v2\/media\/505500"}],"wp:attachment":[{"href":"https:\/\/diarioelpopular.com\/index.php\/wp-json\/wp\/v2\/media?parent=505499"}],"wp:term":[{"taxonomy":"category","embeddable":true,"href":"https:\/\/diarioelpopular.com\/index.php\/wp-json\/wp\/v2\/categories?post=505499"},{"taxonomy":"post_tag","embeddable":true,"href":"https:\/\/diarioelpopular.com\/index.php\/wp-json\/wp\/v2\/tags?post=505499"}],"curies":[{"name":"wp","href":"https:\/\/api.w.org\/{rel}","templated":true}]}}