{"id":505510,"date":"2022-09-20T09:19:17","date_gmt":"2022-09-20T13:19:17","guid":{"rendered":"https:\/\/diarioelpopular.com\/?p=505510"},"modified":"2022-09-20T09:19:17","modified_gmt":"2022-09-20T13:19:17","slug":"ecuador-asesinan-a-fiscal-que-investigaba-narcotrafico","status":"publish","type":"post","link":"https:\/\/diarioelpopular.com\/index.php\/2022\/09\/20\/ecuador-asesinan-a-fiscal-que-investigaba-narcotrafico\/","title":{"rendered":"Ecuador: Asesinan a fiscal que investigaba narcotr\u00e1fico"},"content":{"rendered":"<p>&nbsp;<\/p>\n<p><img loading=\"lazy\" decoding=\"async\" class=\"alignnone size-custom-full-size wp-image-505511\" src=\"https:\/\/diarioelpopular.com\/wp-content\/uploads\/2022\/09\/dd82f6b746de8a764d0b45c6eba0ea33.jpg\" alt=\"\" width=\"476\" height=\"357\" srcset=\"https:\/\/diarioelpopular.com\/wp-content\/uploads\/2022\/09\/dd82f6b746de8a764d0b45c6eba0ea33.jpg 476w, https:\/\/diarioelpopular.com\/wp-content\/uploads\/2022\/09\/dd82f6b746de8a764d0b45c6eba0ea33-300x225.jpg 300w, https:\/\/diarioelpopular.com\/wp-content\/uploads\/2022\/09\/dd82f6b746de8a764d0b45c6eba0ea33-97x73.jpg 97w\" sizes=\"auto, (max-width: 476px) 100vw, 476px\" \/><\/p>\n<p><em>El cad\u00e1ver del fiscal asesinado en pleno centro de Guayaquil. (foto: Fiscal\u00eda Ecuador)<\/em><\/p>\n<h4><em>&#8211; Polic\u00eda anuncia arresto de sicarios<\/em><\/h4>\n<p><em><strong>QUITO, 20 SET &#8211;<\/strong><\/em> Un comando de dos sicarios asesin\u00f3 este lunes a balazos en Guayaquil al fiscal \u00c9dgar Escobar, magistrado conocido por sus investigaciones sobre narcotr\u00e1fico, terrorismo y crimen organizado, afirm\u00f3 el diario El Universo.<br \/>\nEscobar, precisa el diario, fue asesinado en horas de la ma\u00f1ana frente al edificio de la fiscal\u00eda de la ciudad, donde trabajaba. Pocas horas despu\u00e9s del crimen, la polic\u00eda nacional anunci\u00f3 la detenci\u00f3n de dos personas responsables del crimen.<br \/>\nSeg\u00fan una reconstrucci\u00f3n provisional del hecho, el fiscal hab\u00eda salido de su oficina y se dirig\u00eda a un limpiabotas, cuando fue confrontado por los sicarios que le dispararon, mat\u00e1ndolo mientras intentaba desesperadamente de escapar de la emboscada.<br \/>\nEntre los casos m\u00e1s importantes que hab\u00eda tratado Escobar se destaca una investigaci\u00f3n sobre una banda de narcos que enviaba coca\u00edna a Europa, y una revuelta en el penal de Guayaquil que hab\u00eda causado la muerte de 65 personas y heridas a otras 25.<\/p>\n","protected":false},"excerpt":{"rendered":"<p>&nbsp; El cad\u00e1ver del fiscal asesinado en pleno centro de Guayaquil. (foto: Fiscal\u00eda Ecuador) &#8211; Polic\u00eda anuncia arresto de sicarios QUITO, 20 SET &#8211; Un&hellip;<\/p>\n","protected":false},"author":99,"featured_media":505511,"comment_status":"open","ping_status":"open","sticky":false,"template":"","format":"standard","meta":{"footnotes":""},"categories":[23],"tags":[],"class_list":["post-505510","post","type-post","status-publish","format-standard","has-post-thumbnail","hentry","category-latinoamerica"],"_links":{"self":[{"href":"https:\/\/diarioelpopular.com\/index.php\/wp-json\/wp\/v2\/posts\/505510","targetHints":{"allow":["GET"]}}],"collection":[{"href":"https:\/\/diarioelpopular.com\/index.php\/wp-json\/wp\/v2\/posts"}],"about":[{"href":"https:\/\/diarioelpopular.com\/index.php\/wp-json\/wp\/v2\/types\/post"}],"author":[{"embeddable":true,"href":"https:\/\/diarioelpopular.com\/index.php\/wp-json\/wp\/v2\/users\/99"}],"replies":[{"embeddable":true,"href":"https:\/\/diarioelpopular.com\/index.php\/wp-json\/wp\/v2\/comments?post=505510"}],"version-history":[{"count":1,"href":"https:\/\/diarioelpopular.com\/index.php\/wp-json\/wp\/v2\/posts\/505510\/revisions"}],"predecessor-version":[{"id":505512,"href":"https:\/\/diarioelpopular.com\/index.php\/wp-json\/wp\/v2\/posts\/505510\/revisions\/505512"}],"wp:featuredmedia":[{"embeddable":true,"href":"https:\/\/diarioelpopular.com\/index.php\/wp-json\/wp\/v2\/media\/505511"}],"wp:attachment":[{"href":"https:\/\/diarioelpopular.com\/index.php\/wp-json\/wp\/v2\/media?parent=505510"}],"wp:term":[{"taxonomy":"category","embeddable":true,"href":"https:\/\/diarioelpopular.com\/index.php\/wp-json\/wp\/v2\/categories?post=505510"},{"taxonomy":"post_tag","embeddable":true,"href":"https:\/\/diarioelpopular.com\/index.php\/wp-json\/wp\/v2\/tags?post=505510"}],"curies":[{"name":"wp","href":"https:\/\/api.w.org\/{rel}","templated":true}]}}