{"id":505549,"date":"2022-09-22T09:15:26","date_gmt":"2022-09-22T13:15:26","guid":{"rendered":"https:\/\/diarioelpopular.com\/?p=505549"},"modified":"2022-09-22T09:15:26","modified_gmt":"2022-09-22T13:15:26","slug":"colombia-excandidato-presidencial-renuncia-al-senado","status":"publish","type":"post","link":"https:\/\/diarioelpopular.com\/index.php\/2022\/09\/22\/colombia-excandidato-presidencial-renuncia-al-senado\/","title":{"rendered":"Colombia: Excandidato presidencial renuncia al Senado"},"content":{"rendered":"<p><img loading=\"lazy\" decoding=\"async\" class=\"alignnone size-custom-full-size wp-image-505550\" src=\"https:\/\/diarioelpopular.com\/wp-content\/uploads\/2022\/09\/55f14280-6f2e-4a69-a51c-24b48381b657-636x358.jpg\" alt=\"\" width=\"636\" height=\"358\" srcset=\"https:\/\/diarioelpopular.com\/wp-content\/uploads\/2022\/09\/55f14280-6f2e-4a69-a51c-24b48381b657-636x358.jpg 636w, https:\/\/diarioelpopular.com\/wp-content\/uploads\/2022\/09\/55f14280-6f2e-4a69-a51c-24b48381b657-300x169.jpg 300w, https:\/\/diarioelpopular.com\/wp-content\/uploads\/2022\/09\/55f14280-6f2e-4a69-a51c-24b48381b657-768x432.jpg 768w, https:\/\/diarioelpopular.com\/wp-content\/uploads\/2022\/09\/55f14280-6f2e-4a69-a51c-24b48381b657-130x73.jpg 130w, https:\/\/diarioelpopular.com\/wp-content\/uploads\/2022\/09\/55f14280-6f2e-4a69-a51c-24b48381b657.jpg 1024w\" sizes=\"auto, (max-width: 636px) 100vw, 636px\" \/><\/p>\n<p><em>ARCHIVO &#8211; Rodolfo Hern\u00e1ndez, ex candidato presidencial y ahora legislador, saluda a los periodistas durante la inauguraci\u00f3n de la sesi\u00f3n del Congreso en Bogot\u00e1, Colombia, el 20 de julio de 2022. Hern\u00e1ndez anunci\u00f3 el mi\u00e9rcoles 21 de septiembre de 2022 su renuncia al Senado colombiano, esca\u00f1o que gan\u00f3 al obtener el segundo mayor n\u00famero de votos en las elecciones presidenciales de este a\u00f1o. (Foto AP\/Iv\u00e1n Valencia, Archivo) IVAN VALENCIA AP<\/em><\/p>\n<p>&nbsp;<\/p>\n<p><strong><em>&#8211; El ex candidato presidencial Rodolfo Hern\u00e1ndez anunci\u00f3 este mi\u00e9rcoles su renuncia al Senado de Colombia, un puesto que gan\u00f3 por obtener la segunda votaci\u00f3n m\u00e1s alta en las elecciones presidenciales de este a\u00f1o en las que sali\u00f3 victorioso el izquierdista Gustavo Petro. <\/em><\/strong><\/p>\n<p>Su paso por el esca\u00f1o fue breve, se posesion\u00f3 el 20 de julio. Su renuncia, explic\u00f3 en un comunicado, se debe a que desde el Congreso considera que no est\u00e1 aportando toda su capacidad para ejecutar y es como tener a \u201cMessi de portero\u201d. Hern\u00e1ndez, de 77 a\u00f1os, se convirti\u00f3 en la sorpresa electoral de las elecciones presidenciales celebradas en junio. Es un magnate del negocio de los bienes ra\u00edces con poca experiencia en pol\u00edtica que centra su discurso en la lucha contra la corrupci\u00f3n y que lleg\u00f3 a ser llamado el \u201cTrump colombiano\u201d. \u201cCuando decid\u00ed ser candidato a la presidencia de Colombia, lo hice convencido de que a cargo de nuestro pa\u00eds se requer\u00eda un gerente y no un pol\u00edtico\u201d, record\u00f3 en su renuncia Hern\u00e1ndez, un fuerte cr\u00edtico de la clase pol\u00edtica tradicional. El pr\u00f3ximo a\u00f1o Colombia elegir\u00e1 a sus alcaldes y gobernadores. Hern\u00e1ndez ya fue alcalde de Bucaramanga, su tierra natal al noreste del pa\u00eds, y podr\u00eda aspirar de nuevo siempre y cuando se retire del Senado para no inhabilitarse por ley.<\/p>\n<p>El empresario agreg\u00f3 que continuar\u00e1 trabajando desde su propio movimiento llamado Liga de Gobernantes Anticorrupci\u00f3n y en los pr\u00f3ximos d\u00edas definir\u00e1 la fecha en la que formalmente presentar\u00e1 su renuncia ante el Congreso.<\/p>\n","protected":false},"excerpt":{"rendered":"<p>ARCHIVO &#8211; Rodolfo Hern\u00e1ndez, ex candidato presidencial y ahora legislador, saluda a los periodistas durante la inauguraci\u00f3n de la sesi\u00f3n del Congreso en Bogot\u00e1, Colombia,&hellip;<\/p>\n","protected":false},"author":99,"featured_media":505550,"comment_status":"open","ping_status":"open","sticky":false,"template":"","format":"standard","meta":{"footnotes":""},"categories":[23],"tags":[],"class_list":["post-505549","post","type-post","status-publish","format-standard","has-post-thumbnail","hentry","category-latinoamerica"],"_links":{"self":[{"href":"https:\/\/diarioelpopular.com\/index.php\/wp-json\/wp\/v2\/posts\/505549","targetHints":{"allow":["GET"]}}],"collection":[{"href":"https:\/\/diarioelpopular.com\/index.php\/wp-json\/wp\/v2\/posts"}],"about":[{"href":"https:\/\/diarioelpopular.com\/index.php\/wp-json\/wp\/v2\/types\/post"}],"author":[{"embeddable":true,"href":"https:\/\/diarioelpopular.com\/index.php\/wp-json\/wp\/v2\/users\/99"}],"replies":[{"embeddable":true,"href":"https:\/\/diarioelpopular.com\/index.php\/wp-json\/wp\/v2\/comments?post=505549"}],"version-history":[{"count":1,"href":"https:\/\/diarioelpopular.com\/index.php\/wp-json\/wp\/v2\/posts\/505549\/revisions"}],"predecessor-version":[{"id":505551,"href":"https:\/\/diarioelpopular.com\/index.php\/wp-json\/wp\/v2\/posts\/505549\/revisions\/505551"}],"wp:featuredmedia":[{"embeddable":true,"href":"https:\/\/diarioelpopular.com\/index.php\/wp-json\/wp\/v2\/media\/505550"}],"wp:attachment":[{"href":"https:\/\/diarioelpopular.com\/index.php\/wp-json\/wp\/v2\/media?parent=505549"}],"wp:term":[{"taxonomy":"category","embeddable":true,"href":"https:\/\/diarioelpopular.com\/index.php\/wp-json\/wp\/v2\/categories?post=505549"},{"taxonomy":"post_tag","embeddable":true,"href":"https:\/\/diarioelpopular.com\/index.php\/wp-json\/wp\/v2\/tags?post=505549"}],"curies":[{"name":"wp","href":"https:\/\/api.w.org\/{rel}","templated":true}]}}