{"id":505572,"date":"2022-09-22T09:46:46","date_gmt":"2022-09-22T13:46:46","guid":{"rendered":"https:\/\/diarioelpopular.com\/?p=505572"},"modified":"2022-09-22T09:46:46","modified_gmt":"2022-09-22T13:46:46","slug":"ecuador-encuentran-cuerpo-de-mujer-asesinada-dentro-de-escuela-de-policia","status":"publish","type":"post","link":"https:\/\/diarioelpopular.com\/index.php\/2022\/09\/22\/ecuador-encuentran-cuerpo-de-mujer-asesinada-dentro-de-escuela-de-policia\/","title":{"rendered":"Ecuador: Encuentran cuerpo de mujer asesinada dentro de escuela de polic\u00eda"},"content":{"rendered":"<p><img loading=\"lazy\" decoding=\"async\" class=\"alignnone size-custom-full-size wp-image-505573\" src=\"https:\/\/diarioelpopular.com\/wp-content\/uploads\/2022\/09\/632b9fb5641ea.r_1663803338264.0-473-3000-1975-636x318.jpg\" alt=\"\" width=\"636\" height=\"318\" srcset=\"https:\/\/diarioelpopular.com\/wp-content\/uploads\/2022\/09\/632b9fb5641ea.r_1663803338264.0-473-3000-1975-636x318.jpg 636w, https:\/\/diarioelpopular.com\/wp-content\/uploads\/2022\/09\/632b9fb5641ea.r_1663803338264.0-473-3000-1975-300x150.jpg 300w, https:\/\/diarioelpopular.com\/wp-content\/uploads\/2022\/09\/632b9fb5641ea.r_1663803338264.0-473-3000-1975-768x384.jpg 768w, https:\/\/diarioelpopular.com\/wp-content\/uploads\/2022\/09\/632b9fb5641ea.r_1663803338264.0-473-3000-1975-146x73.jpg 146w, https:\/\/diarioelpopular.com\/wp-content\/uploads\/2022\/09\/632b9fb5641ea.r_1663803338264.0-473-3000-1975.jpg 950w\" sizes=\"auto, (max-width: 636px) 100vw, 636px\" \/><\/p>\n<p><em><strong>&#8211; La abogada Mar\u00eda Bel\u00e9n, de 34 a\u00f1os, hab\u00eda acudido a la instituci\u00f3n a visitar a su esposo.\u00a0<\/strong><\/em><\/p>\n<p>&nbsp;<\/p>\n<p>Una abogada que desapareci\u00f3 dentro de una escuela de formaci\u00f3n de oficiales de la Polic\u00eda en Ecuador fue hallada muerta este mi\u00e9rcoles,\u00a0seg\u00fan inform\u00f3 el ministro del Interior, Patricio Carrillo, en medio de una alarma en el pa\u00eds por los crecientes feminicidios.<\/p>\n<p>La abogada Mar\u00eda Bel\u00e9n Bernal desapareci\u00f3 el 11 de septiembre\u00a0y su cuerpo fue encontrado -seg\u00fan la polic\u00eda- en el cerro Casitagua, a unos 5 km de la escuela ubicada en las afueras de Quito; lo que indica que luego a haber sido asesinada fu\u00e9 abandonada lejos de la escuela,<\/p>\n<p>El presidente Guillermo Lasso confirm\u00f3 por Twitter: &#8220;Con profundo dolor e indignaci\u00f3n lamento informar que Mar\u00eda Bel\u00e9n fue encontrada. Su femicidio no quedar\u00e1 impune y todos los responsables ser\u00e1n sometidos a la ley&#8221;.<\/p>\n<p>El mandatario, quien se encuentra en Estados Unidos, expres\u00f3 su &#8220;solidaridad&#8221; con la madre, Elizabeth Otavalo, y su peque\u00f1o hijo.<\/p>\n<p>Bernal, de 34 a\u00f1os, desapareci\u00f3 tras ingresar a la Escuela Superior de Polic\u00eda (ESP)\u00a0para visitar a su esposo, el teniente Germ\u00e1n C\u00e1ceres, de acuerdo con una denuncia de la familia de la v\u00edctima.<\/p>\n<p>C\u00e1ceres, instructor en esa instituci\u00f3n, fue llamado a declarar ante la Fiscal\u00eda dos d\u00edas despu\u00e9s de la desaparici\u00f3n y pas\u00f3 a la clandestinidad, por lo que la Polic\u00eda abri\u00f3 un proceso de destituci\u00f3n en su contra por no presentarse al trabajo.<\/p>\n<p>El caso reaviv\u00f3 los reclamos de colectivos sociales ante los altos \u00edndices de violencia de g\u00e9nero en Ecuador, donde seg\u00fan la Fiscal\u00eda se han registrado al menos 573 femicidios desde 2014.<\/p>\n<p id=\"p704252-m678-6-679\" class=\"contenido\">Carrillo a\u00f1adi\u00f3 que &#8220;encontraremos a C\u00e1ceres donde est\u00e9 y lo entregaremos a la justicia. Pido perd\u00f3n y ofrezco una disculpa a Elizabeth Otavalo (madre de Bernal) y a su nieto&#8221;.<\/p>\n<p>Seg\u00fan la polic\u00eda, C\u00e1ceres es el principal sospechoso. &#8220;Este es un crimen atroz que nos duele y nos averg\u00fcenza a todos; es inaceptable que un polic\u00eda haya privado la vida de otra persona, cuando el deber de todo polic\u00eda es servir y proteger a la ciudadan\u00eda&#8221;, agreg\u00f3 la instituci\u00f3n policial en un comunicado.<\/p>\n<p id=\"p704252-m684-7-685\" class=\"contenido\">Bernal ingres\u00f3 a la ESP en una hora inusual para visitas. Lo hizo durante la madrugada del domingo 11 de septiembre, seg\u00fan reconoci\u00f3 la Polic\u00eda.<\/p>\n<p>&#8220;Le llevaba alimentos (&#8230;) por eso el oficial (de control) autoriz\u00f3 que ella pase&#8221;, explic\u00f3 el comandante policial, general Fausto Salinas, durante el proceso de b\u00fasqueda de la abogada.<\/p>\n<p>Anot\u00f3 que los civiles &#8220;no pueden ingresar en altas horas (de la noche) a excepci\u00f3n de estos casos excepcionales&#8221;.<\/p>\n<p>Tras la desaparici\u00f3n, Lasso orden\u00f3 la separaci\u00f3n del cargo del entonces director de la ESP. El gobierno ofrece una recompensa de 20.000 d\u00f3lares para localizar a C\u00e1ceres.<\/p>\n<h3 id=\"p704252-m690-8-691\" class=\"articulo-subtitulo\">Un asesinato cada 28 horas<\/h3>\n<p id=\"p704252-m696-9-697\" class=\"contenido\">La Polic\u00eda apunt\u00f3 por su parte que &#8220;no vamos a descansar hasta poner a su asesino ante la justicia, mientras tanto se ejecutan los procesos disciplinaros contra quienes, por acci\u00f3n u omisi\u00f3n, incumplieron con su deber y permitieron que este hecho sucediera&#8221;.<\/p>\n<p>El feminicidio en Ecuador es castigado con hasta 26 a\u00f1os de c\u00e1rcel.<\/p>\n<p>Familiares de la v\u00edctima y activistas han protestado frente a la escuela policial y la Fiscal\u00eda debido al alto \u00edndice de asesinatos de mujeres por su condici\u00f3n de g\u00e9nero.<\/p>\n<div id=\"p704252-m847-12-848\" class=\"fotografia\">\n<div class=\"imagen-cuerpo-bk\">\n<p><a href=\"https:\/\/www.eltiempo.com\/mundo\/latinoamerica\/ecuador-hallan-cuerpo-de-abogada-que-desaparecio-en-escuela-de-policia-704252\" name=\"Linked\"><\/a><\/p>\n<figure id=\"m852-851-853\" class=\"foto-galeria-articulo\"><img decoding=\"async\" class=\"js-lazy-image--handled\" src=\"https:\/\/www.eltiempo.com\/files\/article_content_new\/uploads\/2022\/09\/21\/632ba05986176.jpeg\" alt=\"Ecuador\" width=\"652px\" height=\"366px\" \/><\/figure>\n<\/div>\n<div class=\"figcaption-cuerpo-bk credito-image-bk\">\n<div class=\"titulo-foto-bk\">\n<p id=\"m859-1-860\" class=\"titulo\"><em>El feminicidio en Ecuador es castigado con hasta 26 a\u00f1os de c\u00e1rcel<\/em><\/p>\n<\/div>\n<\/div>\n<\/div>\n<p>&nbsp;<\/p>\n<p id=\"p704252-m702-10-703\" class=\"contenido\">Geraldine Guerra, de la Fundaci\u00f3n Aldea que mapea femicidios en Ecuador, report\u00f3 que en lo que va de 2022 se han producido 206 asesinatos de mujeres.<\/p>\n<p>&#8220;Este a\u00f1o en el Ecuador cada 28 horas han asesinado a una mujer por la violencia femicida&#8221;, dijo.<\/p>\n<p>Estad\u00edsticas oficiales indican que 65 de cada 100 mujeres de 15 a 49 a\u00f1os han experimentado alguna forma de violencia en el pa\u00eds.<\/p>\n","protected":false},"excerpt":{"rendered":"<p>&#8211; La abogada Mar\u00eda Bel\u00e9n, de 34 a\u00f1os, hab\u00eda acudido a la instituci\u00f3n a visitar a su esposo.\u00a0 &nbsp; Una abogada que desapareci\u00f3 dentro de&hellip;<\/p>\n","protected":false},"author":99,"featured_media":505573,"comment_status":"open","ping_status":"open","sticky":false,"template":"","format":"standard","meta":{"footnotes":""},"categories":[23],"tags":[],"class_list":["post-505572","post","type-post","status-publish","format-standard","has-post-thumbnail","hentry","category-latinoamerica"],"_links":{"self":[{"href":"https:\/\/diarioelpopular.com\/index.php\/wp-json\/wp\/v2\/posts\/505572","targetHints":{"allow":["GET"]}}],"collection":[{"href":"https:\/\/diarioelpopular.com\/index.php\/wp-json\/wp\/v2\/posts"}],"about":[{"href":"https:\/\/diarioelpopular.com\/index.php\/wp-json\/wp\/v2\/types\/post"}],"author":[{"embeddable":true,"href":"https:\/\/diarioelpopular.com\/index.php\/wp-json\/wp\/v2\/users\/99"}],"replies":[{"embeddable":true,"href":"https:\/\/diarioelpopular.com\/index.php\/wp-json\/wp\/v2\/comments?post=505572"}],"version-history":[{"count":1,"href":"https:\/\/diarioelpopular.com\/index.php\/wp-json\/wp\/v2\/posts\/505572\/revisions"}],"predecessor-version":[{"id":505574,"href":"https:\/\/diarioelpopular.com\/index.php\/wp-json\/wp\/v2\/posts\/505572\/revisions\/505574"}],"wp:featuredmedia":[{"embeddable":true,"href":"https:\/\/diarioelpopular.com\/index.php\/wp-json\/wp\/v2\/media\/505573"}],"wp:attachment":[{"href":"https:\/\/diarioelpopular.com\/index.php\/wp-json\/wp\/v2\/media?parent=505572"}],"wp:term":[{"taxonomy":"category","embeddable":true,"href":"https:\/\/diarioelpopular.com\/index.php\/wp-json\/wp\/v2\/categories?post=505572"},{"taxonomy":"post_tag","embeddable":true,"href":"https:\/\/diarioelpopular.com\/index.php\/wp-json\/wp\/v2\/tags?post=505572"}],"curies":[{"name":"wp","href":"https:\/\/api.w.org\/{rel}","templated":true}]}}