{"id":505589,"date":"2022-09-23T08:51:06","date_gmt":"2022-09-23T12:51:06","guid":{"rendered":"https:\/\/diarioelpopular.com\/?p=505589"},"modified":"2022-09-23T08:51:06","modified_gmt":"2022-09-23T12:51:06","slug":"corruptos-saqueadores-y-algunos-de-ellos-hasta-asesinos-bukele-senala-a-expresidentes-que-critican-su-posible-reeleccion","status":"publish","type":"post","link":"https:\/\/diarioelpopular.com\/index.php\/2022\/09\/23\/corruptos-saqueadores-y-algunos-de-ellos-hasta-asesinos-bukele-senala-a-expresidentes-que-critican-su-posible-reeleccion\/","title":{"rendered":"\u201cCorruptos, saqueadores y algunos de ellos, hasta asesinos\u201d: Bukele se\u00f1ala a expresidentes que critican su posible reelecci\u00f3n"},"content":{"rendered":"<p>&nbsp;<\/p>\n<p><img loading=\"lazy\" decoding=\"async\" class=\"alignnone size-custom-full-size wp-image-505590\" src=\"https:\/\/diarioelpopular.com\/wp-content\/uploads\/2022\/09\/bukele-2.webp_-636x360.jpg\" alt=\"\" width=\"636\" height=\"360\" srcset=\"https:\/\/diarioelpopular.com\/wp-content\/uploads\/2022\/09\/bukele-2.webp_-636x360.jpg 636w, https:\/\/diarioelpopular.com\/wp-content\/uploads\/2022\/09\/bukele-2.webp_-300x170.jpg 300w, https:\/\/diarioelpopular.com\/wp-content\/uploads\/2022\/09\/bukele-2.webp_-768x435.jpg 768w, https:\/\/diarioelpopular.com\/wp-content\/uploads\/2022\/09\/bukele-2.webp_-1200x679.jpg 1200w, https:\/\/diarioelpopular.com\/wp-content\/uploads\/2022\/09\/bukele-2.webp_-129x73.jpg 129w, https:\/\/diarioelpopular.com\/wp-content\/uploads\/2022\/09\/bukele-2.webp_.jpg 1024w\" sizes=\"auto, (max-width: 636px) 100vw, 636px\" \/><\/p>\n<p><em>El presidente de El Salvador, Nayib Bukele, se\u00f1al\u00f3 a expresidentes de Espa\u00f1a y Latinoam\u00e9rica, que critican su reelecci\u00f3n.<\/em><\/p>\n<p>&nbsp;<\/p>\n<div id=\"gradient-content\" class=\"sart-content\">\n<p><em><strong>&#8211; El presidente de El Salvador, Nayib Bukele, se\u00f1al\u00f3 este jueves a 21 de septiembre a expresidentes de Espa\u00f1a y Latinoam\u00e9rica, que pidieron a la Organizaci\u00f3n de Estados Americanos (OEA) acciones por su intenci\u00f3n se reelegirse, de ser\u00a0\u201ccorruptos, saqueadores y algunos de ellos, hasta asesinos\u201d.<\/strong><\/em><\/p>\n<p>Estos 21 ex jefes de Estado y de Gobierno de Espa\u00f1a y Am\u00e9rica Latina instaron el mi\u00e9rcoles 21 mediante una declaraci\u00f3n a la Secretar\u00eda General y el Consejo Permanente de la Organizaci\u00f3n de Estados Americanos (OEA) a actuar para \u201cpromover la normalizaci\u00f3n de la institucionalidad democr\u00e1tica\u201d en El Salvador.<\/p>\n<\/div>\n<div id=\"tinypass_handler_single\" class=\"tinypass_handler_single sart-content\">\n<p>Bukele retom\u00f3 en su cuenta de Twitter una publicaci\u00f3n de Juan Pappier, investigador s\u00e9nior de la Divisi\u00f3n de las Am\u00e9ricas de Human Rights Watch (HRW), en la que comparti\u00f3 la misiva de la Iniciativa Democr\u00e1tica de Espa\u00f1a y las Am\u00e9ricas (Idea).<\/p>\n<p>\u201cUna carta firmada por corruptos, saqueadores y algunos de ellos, hasta asesinos. Todos odiados por sus pueblos. Me preocupar\u00eda mucho si recibiera su apoyo. Gracias a Dios, no es as\u00ed\u201d, dice un mensaje publicado en la cuenta verificada de Bukele en Twitter.<\/p>\n<p>Entre los exmandatarios que suscribieron la carta est\u00e1n \u00d3scar Arias (Costa Rica), Jos\u00e9 Mar\u00eda Aznar (Espa\u00f1a), Felipe Calder\u00f3n y Vicente Fox (M\u00e9xico), Andr\u00e9s Pastrana (Colombia), Mireya Moscoso (Panam\u00e1), Luis Alberto Lacalle (Uruguay) y Mauricio Macri (Argentina).<\/p>\n<p>La candidatura de Bukele, subraya la declaraci\u00f3n, atentar\u00eda contra el principio de \u201cla alternabilidad en el ejercicio de la Presidencia\u201d\u00a0y otros mandatos de la Constituci\u00f3n salvadore\u00f1a para impedir que quien haya \u201cejercido la Presidencia pueda continuar en sus funciones ni un d\u00eda m\u00e1s\u201d.<\/p>\n<p>Los expresidentes consideran que \u201cde concretarse la pretensi\u00f3n del actual presidente de El Salvador\u201d, se estar\u00e1 en presencia, \u201ccomo lo indica expresamente en su art\u00edculo 20 la Carta Democr\u00e1tica Interamericana, de una alteraci\u00f3n del orden constitucional que afecte gravemente su orden democr\u00e1tico\u201d.<\/p>\n<p>La posibilidad de que Bukele se reelija por un segundo mandato consecutivo en 2024 se abri\u00f3 en septiembre de 2021,\u00a0cuando una cuestionada Sala de lo Constitucional de la Corte Suprema de Justicia modific\u00f3 un criterio de interpretaci\u00f3n del art\u00edculo 152 de la Carta Magna que se hab\u00eda emitido en 2014.<\/p>\n<div id=\"cx_84377b4fa0c82544ec70703a7397ee37cd6f1bde\">\n<section class=\"content-added margen-mod\">\n<div class=\"cx-flex-module\" data-cx_cjgu=\"\">\n<div class=\"latest-news-content\">\n<div>\n<p>Antes de dicha resoluci\u00f3n, quien ocupaba la Presidencia deb\u00eda esperar 10 a\u00f1os despu\u00e9s de concluir su mandato.<\/p>\n<p>En 2013, Bukele afirm\u00f3 en una entrevista que en El Salvador \u201cla Constituci\u00f3n no permite que la misma persona sea presidente dos veces seguidas\u201d.<\/p>\n<\/div>\n<\/div>\n<\/div>\n<\/section>\n<\/div>\n<\/div>\n","protected":false},"excerpt":{"rendered":"<p>&nbsp; El presidente de El Salvador, Nayib Bukele, se\u00f1al\u00f3 a expresidentes de Espa\u00f1a y Latinoam\u00e9rica, que critican su reelecci\u00f3n. &nbsp; &#8211; El presidente de El&hellip;<\/p>\n","protected":false},"author":99,"featured_media":505590,"comment_status":"open","ping_status":"open","sticky":false,"template":"","format":"standard","meta":{"footnotes":""},"categories":[23],"tags":[],"class_list":["post-505589","post","type-post","status-publish","format-standard","has-post-thumbnail","hentry","category-latinoamerica"],"_links":{"self":[{"href":"https:\/\/diarioelpopular.com\/index.php\/wp-json\/wp\/v2\/posts\/505589","targetHints":{"allow":["GET"]}}],"collection":[{"href":"https:\/\/diarioelpopular.com\/index.php\/wp-json\/wp\/v2\/posts"}],"about":[{"href":"https:\/\/diarioelpopular.com\/index.php\/wp-json\/wp\/v2\/types\/post"}],"author":[{"embeddable":true,"href":"https:\/\/diarioelpopular.com\/index.php\/wp-json\/wp\/v2\/users\/99"}],"replies":[{"embeddable":true,"href":"https:\/\/diarioelpopular.com\/index.php\/wp-json\/wp\/v2\/comments?post=505589"}],"version-history":[{"count":1,"href":"https:\/\/diarioelpopular.com\/index.php\/wp-json\/wp\/v2\/posts\/505589\/revisions"}],"predecessor-version":[{"id":505591,"href":"https:\/\/diarioelpopular.com\/index.php\/wp-json\/wp\/v2\/posts\/505589\/revisions\/505591"}],"wp:featuredmedia":[{"embeddable":true,"href":"https:\/\/diarioelpopular.com\/index.php\/wp-json\/wp\/v2\/media\/505590"}],"wp:attachment":[{"href":"https:\/\/diarioelpopular.com\/index.php\/wp-json\/wp\/v2\/media?parent=505589"}],"wp:term":[{"taxonomy":"category","embeddable":true,"href":"https:\/\/diarioelpopular.com\/index.php\/wp-json\/wp\/v2\/categories?post=505589"},{"taxonomy":"post_tag","embeddable":true,"href":"https:\/\/diarioelpopular.com\/index.php\/wp-json\/wp\/v2\/tags?post=505589"}],"curies":[{"name":"wp","href":"https:\/\/api.w.org\/{rel}","templated":true}]}}