{"id":505593,"date":"2022-09-23T09:05:47","date_gmt":"2022-09-23T13:05:47","guid":{"rendered":"https:\/\/diarioelpopular.com\/?p=505593"},"modified":"2022-09-23T09:05:47","modified_gmt":"2022-09-23T13:05:47","slug":"renuncia-general-chileno-por-masivo-pirateo-de-correos","status":"publish","type":"post","link":"https:\/\/diarioelpopular.com\/index.php\/2022\/09\/23\/renuncia-general-chileno-por-masivo-pirateo-de-correos\/","title":{"rendered":"Renuncia general chileno por masivo pirateo de correos"},"content":{"rendered":"<p><img loading=\"lazy\" decoding=\"async\" class=\"alignnone size-custom-full-size wp-image-505594\" src=\"https:\/\/diarioelpopular.com\/wp-content\/uploads\/2022\/09\/ChileMilitaryParade-636x358.jpg\" alt=\"\" width=\"636\" height=\"358\" srcset=\"https:\/\/diarioelpopular.com\/wp-content\/uploads\/2022\/09\/ChileMilitaryParade-636x358.jpg 636w, https:\/\/diarioelpopular.com\/wp-content\/uploads\/2022\/09\/ChileMilitaryParade-300x169.jpg 300w, https:\/\/diarioelpopular.com\/wp-content\/uploads\/2022\/09\/ChileMilitaryParade-768x432.jpg 768w, https:\/\/diarioelpopular.com\/wp-content\/uploads\/2022\/09\/ChileMilitaryParade-130x73.jpg 130w, https:\/\/diarioelpopular.com\/wp-content\/uploads\/2022\/09\/ChileMilitaryParade.jpg 1024w\" sizes=\"auto, (max-width: 636px) 100vw, 636px\" \/><\/p>\n<p><em>Oficiales del Ej\u00e9rcito de Chile marchan durante un desfile militar para celebrar el D\u00eda de la Independencia y el D\u00eda del Ej\u00e9rcito en Santiago de Chile, el pasado lunes 19 de septiembre de 2022. ESTEBAN FELIX AP<\/em><\/p>\n<p>&nbsp;<\/p>\n<p><em><strong>&#8211; Un general del ej\u00e9rcito chileno renunci\u00f3 este jueves a la jefatura del Estado Mayor Conjunto de las fuerzas armadas en medio de un esc\u00e1ndalo desatado por un masivo pirateo de correos del ente asesor del Ministerio de Defensa, inform\u00f3 la titular de la cartera Maya Fern\u00e1ndez. <\/strong><\/em><\/p>\n<p>La renuncia del general Guillermo Paiva, que se concretar\u00e1 el 30 de septiembre, tiene lugar luego de que la noche del mi\u00e9rcoles se conociera que el grupo de hackers Guacamaya pirate\u00f3 miles de correos electr\u00f3nicos.<\/p>\n<p>En su plataforma, incluso, public\u00f3 un par de links para acceder a los correos, al igual que un buscador, con nombre y contrase\u00f1a, con el mismo fin. \u201cFiltramos sistemas militares y policiales de M\u00e9xico, Per\u00fa, Salvador, Chile, Colombia y entregamos esto a quienes leg\u00edtimamente hagan lo que puedan con estas informaciones\u201d, dijo el grupo en un comunicado.<\/p>\n<p>El Estado Mayor Conjunto est\u00e1 integrado por representantes del Ej\u00e9rcito, la Armada y la Fuerza A\u00e9rea, y su labor es la asesor\u00eda permanente del Ministerio de Defensa en materias relacionadas con preperaci\u00f3n y empleo conjunto de las fuerzas militares. El diputado Andr\u00e9s Jouannet, presidente de la Comisi\u00f3n de Defensa de la C\u00e1mara de Diputados, dijo que la renuncia de Paiva \u201cno hace nada m\u00e1s que ratificar la gravedad de este ataque que hemos sufrido&#8230; al coraz\u00f3n de nuestra ciberseguridad\u201d.<\/p>\n<p>El gobierno del presidente Gabriel Boric hasta ahora no se ha pronunciado sobre la magnitud del pirateo y el tipo de informaci\u00f3n al que accedi\u00f3 Guacamaya. El caso est\u00e1 siendo investigado, seg\u00fan la ministra Fern\u00e1ndez. La primera confirmaci\u00f3n oficial del pirateo masivo de correos se dio mediante un comunicado del Ministerio de Defensa el mi\u00e9rcoles por la noche, cuando se inform\u00f3 del regres\u00f3 urgente a Chile desde Estados Unidos de Fern\u00e1ndez por instrucci\u00f3n de Boric, por \u201cla falla de seguridad de los correos electr\u00f3nicos del Estado Mayor Conjunto\u201d.<\/p>\n<p>Fern\u00e1ndez acompa\u00f1aba al mandatario en su viaje a Nueva York, donde intervino ante la Asamblea General de Naciones Unidas y asistir\u00eda a un acto en recuerdo del discurso de su abuelo, el derrocado presidente Salvador Allende, en el mismo foro hace 50 a\u00f1os.<\/p>\n<p>El medio electr\u00f3nico Interferencia public\u00f3 la v\u00edspera que se pirate\u00f3 una carpeta de 366 gigabytes de correos internos que incluso contienen documentos reservados de entre febrero de 2019 y mayo de 2022, los que cifr\u00f3 en unos 400.000. La ministra Fern\u00e1ndez fue citada el martes a explicar lo sucedido en sesiones secretas de las comisiones de defensa de los diputados y senadores. Paiva asumi\u00f3 el cargo el 8 de marzo en reemplazo del general Javier Iturriaga, actual comandante en jefe del ej\u00e9rcito. El traspaso del mando se produjo tres d\u00edas antes de que asumiera Boric.<\/p>\n","protected":false},"excerpt":{"rendered":"<p>Oficiales del Ej\u00e9rcito de Chile marchan durante un desfile militar para celebrar el D\u00eda de la Independencia y el D\u00eda del Ej\u00e9rcito en Santiago de&hellip;<\/p>\n","protected":false},"author":99,"featured_media":505594,"comment_status":"open","ping_status":"open","sticky":false,"template":"","format":"standard","meta":{"footnotes":""},"categories":[23],"tags":[],"class_list":["post-505593","post","type-post","status-publish","format-standard","has-post-thumbnail","hentry","category-latinoamerica"],"_links":{"self":[{"href":"https:\/\/diarioelpopular.com\/index.php\/wp-json\/wp\/v2\/posts\/505593","targetHints":{"allow":["GET"]}}],"collection":[{"href":"https:\/\/diarioelpopular.com\/index.php\/wp-json\/wp\/v2\/posts"}],"about":[{"href":"https:\/\/diarioelpopular.com\/index.php\/wp-json\/wp\/v2\/types\/post"}],"author":[{"embeddable":true,"href":"https:\/\/diarioelpopular.com\/index.php\/wp-json\/wp\/v2\/users\/99"}],"replies":[{"embeddable":true,"href":"https:\/\/diarioelpopular.com\/index.php\/wp-json\/wp\/v2\/comments?post=505593"}],"version-history":[{"count":1,"href":"https:\/\/diarioelpopular.com\/index.php\/wp-json\/wp\/v2\/posts\/505593\/revisions"}],"predecessor-version":[{"id":505595,"href":"https:\/\/diarioelpopular.com\/index.php\/wp-json\/wp\/v2\/posts\/505593\/revisions\/505595"}],"wp:featuredmedia":[{"embeddable":true,"href":"https:\/\/diarioelpopular.com\/index.php\/wp-json\/wp\/v2\/media\/505594"}],"wp:attachment":[{"href":"https:\/\/diarioelpopular.com\/index.php\/wp-json\/wp\/v2\/media?parent=505593"}],"wp:term":[{"taxonomy":"category","embeddable":true,"href":"https:\/\/diarioelpopular.com\/index.php\/wp-json\/wp\/v2\/categories?post=505593"},{"taxonomy":"post_tag","embeddable":true,"href":"https:\/\/diarioelpopular.com\/index.php\/wp-json\/wp\/v2\/tags?post=505593"}],"curies":[{"name":"wp","href":"https:\/\/api.w.org\/{rel}","templated":true}]}}