{"id":505634,"date":"2022-09-24T11:28:46","date_gmt":"2022-09-24T15:28:46","guid":{"rendered":"https:\/\/diarioelpopular.com\/?p=505634"},"modified":"2022-09-24T11:28:46","modified_gmt":"2022-09-24T15:28:46","slug":"argentina-el-senado-avala-una-corte-mas-grande","status":"publish","type":"post","link":"https:\/\/diarioelpopular.com\/index.php\/2022\/09\/24\/argentina-el-senado-avala-una-corte-mas-grande\/","title":{"rendered":"Argentina: El Senado avala una Corte m\u00e1s grande"},"content":{"rendered":"<p>&nbsp;<\/p>\n<p><img loading=\"lazy\" decoding=\"async\" class=\"alignnone size-custom-full-size wp-image-505635\" src=\"https:\/\/diarioelpopular.com\/wp-content\/uploads\/2022\/09\/d0226f35ddb038cbd3eff4144689ac42.jpg\" alt=\"\" width=\"476\" height=\"317\" srcset=\"https:\/\/diarioelpopular.com\/wp-content\/uploads\/2022\/09\/d0226f35ddb038cbd3eff4144689ac42.jpg 476w, https:\/\/diarioelpopular.com\/wp-content\/uploads\/2022\/09\/d0226f35ddb038cbd3eff4144689ac42-300x200.jpg 300w, https:\/\/diarioelpopular.com\/wp-content\/uploads\/2022\/09\/d0226f35ddb038cbd3eff4144689ac42-110x73.jpg 110w\" sizes=\"auto, (max-width: 476px) 100vw, 476px\" \/><\/p>\n<p><em>El oficialismo logr\u00f3 una ajustada mayor\u00eda para el proyecto. (foto: ANSA)<\/em><\/p>\n<p>&nbsp;<\/p>\n<h4><em><strong>&#8211; Proyecto del Gobierno, pasa a Diputados, donde no tiene mayor\u00eda<\/strong><\/em><\/h4>\n<p><em><strong>BUENOS AIRES, 24 SET &#8211;<\/strong><\/em> El Senado argentino aprob\u00f3 un proyecto de ley impulsado por la coalici\u00f3n oficialista Frente de Todos que prev\u00e9 la ampliaci\u00f3n de la Corte Suprema de cinco a 15 miembros, un viejo anhelo del peronismo en el poder, que acusa al &#8220;partido judicial&#8221; de perseguir a sus l\u00edderes, como la vicepresidenta Cristina Kirchner.<br \/>\nLa medida, aprobada con 36 votos a favor y 33 en contra, fue remitida a la C\u00e1mara de Diputados, donde los analistas consideran que el proceso tiene muy pocas chances, porque los partidos de gobierno por s\u00ed solos no cuentan con n\u00fameros suficientes para su aprobaci\u00f3n.<br \/>\nLa ampliaci\u00f3n de la Corte Suprema es considerada un tema prioritario por el gobierno del presidente Alberto Fern\u00e1ndez que considera a los magistrados actualmente en funciones demasiado cercanos al \u00e1rea conservadora.<br \/>\nArgumento rechazado por la coalici\u00f3n opositora (Juntos por el Cambio), seg\u00fan el cual el aumento del n\u00famero de jueces lo promueve la mayor\u00eda oficialista sobre todo para defender a la vicepresidenta Cristina Kirchner de los numerosos juicios por corrupci\u00f3n abiertos en su contra.<br \/>\nEn el proyecto inicial, el Frente de Todos quer\u00eda aumentar el n\u00famero de jueces en el m\u00e1ximo tribunal a 25, pero luego, para obtener la aprobaci\u00f3n en el Senado, acord\u00f3 reducir el n\u00famero a 15.<\/p>\n","protected":false},"excerpt":{"rendered":"<p>&nbsp; El oficialismo logr\u00f3 una ajustada mayor\u00eda para el proyecto. (foto: ANSA) &nbsp; &#8211; Proyecto del Gobierno, pasa a Diputados, donde no tiene mayor\u00eda BUENOS&hellip;<\/p>\n","protected":false},"author":99,"featured_media":505635,"comment_status":"open","ping_status":"open","sticky":false,"template":"","format":"standard","meta":{"footnotes":""},"categories":[23],"tags":[],"class_list":["post-505634","post","type-post","status-publish","format-standard","has-post-thumbnail","hentry","category-latinoamerica"],"_links":{"self":[{"href":"https:\/\/diarioelpopular.com\/index.php\/wp-json\/wp\/v2\/posts\/505634","targetHints":{"allow":["GET"]}}],"collection":[{"href":"https:\/\/diarioelpopular.com\/index.php\/wp-json\/wp\/v2\/posts"}],"about":[{"href":"https:\/\/diarioelpopular.com\/index.php\/wp-json\/wp\/v2\/types\/post"}],"author":[{"embeddable":true,"href":"https:\/\/diarioelpopular.com\/index.php\/wp-json\/wp\/v2\/users\/99"}],"replies":[{"embeddable":true,"href":"https:\/\/diarioelpopular.com\/index.php\/wp-json\/wp\/v2\/comments?post=505634"}],"version-history":[{"count":1,"href":"https:\/\/diarioelpopular.com\/index.php\/wp-json\/wp\/v2\/posts\/505634\/revisions"}],"predecessor-version":[{"id":505636,"href":"https:\/\/diarioelpopular.com\/index.php\/wp-json\/wp\/v2\/posts\/505634\/revisions\/505636"}],"wp:featuredmedia":[{"embeddable":true,"href":"https:\/\/diarioelpopular.com\/index.php\/wp-json\/wp\/v2\/media\/505635"}],"wp:attachment":[{"href":"https:\/\/diarioelpopular.com\/index.php\/wp-json\/wp\/v2\/media?parent=505634"}],"wp:term":[{"taxonomy":"category","embeddable":true,"href":"https:\/\/diarioelpopular.com\/index.php\/wp-json\/wp\/v2\/categories?post=505634"},{"taxonomy":"post_tag","embeddable":true,"href":"https:\/\/diarioelpopular.com\/index.php\/wp-json\/wp\/v2\/tags?post=505634"}],"curies":[{"name":"wp","href":"https:\/\/api.w.org\/{rel}","templated":true}]}}