{"id":505651,"date":"2022-09-25T13:07:03","date_gmt":"2022-09-25T17:07:03","guid":{"rendered":"https:\/\/diarioelpopular.com\/?p=505651"},"modified":"2022-09-25T13:07:03","modified_gmt":"2022-09-25T17:07:03","slug":"mexico-el-doble-de-residuos-en-25-anos","status":"publish","type":"post","link":"https:\/\/diarioelpopular.com\/index.php\/2022\/09\/25\/mexico-el-doble-de-residuos-en-25-anos\/","title":{"rendered":"M\u00e9xico: El doble de residuos en 25 a\u00f1os"},"content":{"rendered":"<p>&nbsp;<\/p>\n<p><img loading=\"lazy\" decoding=\"async\" class=\"alignnone size-custom-full-size wp-image-505652\" src=\"https:\/\/diarioelpopular.com\/wp-content\/uploads\/2022\/09\/1e076dea937d084ad47e6bb654ac9771.jpg\" alt=\"\" width=\"476\" height=\"317\" srcset=\"https:\/\/diarioelpopular.com\/wp-content\/uploads\/2022\/09\/1e076dea937d084ad47e6bb654ac9771.jpg 476w, https:\/\/diarioelpopular.com\/wp-content\/uploads\/2022\/09\/1e076dea937d084ad47e6bb654ac9771-300x200.jpg 300w, https:\/\/diarioelpopular.com\/wp-content\/uploads\/2022\/09\/1e076dea937d084ad47e6bb654ac9771-110x73.jpg 110w\" sizes=\"auto, (max-width: 476px) 100vw, 476px\" \/><\/p>\n<p><em>M\u00e1s y m\u00e1s basura en M\u00e9xico. Mala gesti\u00f3n sobre los desperdicios<\/em><\/p>\n<h4><em>&#8211; Estudio gubernamental enciende alerta, se necesita mejor gesti\u00f3n<\/em><\/h4>\n<p><em><strong>CIUDAD DE MEXICO, 25 SET &#8211;<\/strong><\/em> M\u00e9xico literalmente &#8220;se ahoga en basura&#8221; al duplicarse en los \u00faltimos 25 a\u00f1os la cantidad de residuos, que pasaron de 21,9 millones de toneladas al a\u00f1o en 1992 a 44,6 millones en 2017, sin contar las cifras del \u00faltimo lustro que a\u00fan no son actualizadas oficialmente.<br \/>\nEl Diagn\u00f3stico B\u00e1sico para la Gesti\u00f3n Integral de los Residuos, publicado por el ministerio del Medio Ambiente, pone en blanco sobre negro la verdadera dimensi\u00f3n del tema de los desechos en una naci\u00f3n que no es capaz de gestionarlos adecuadamente en funci\u00f3n del cuidado del medio ambiente.<br \/>\n&#8220;Nos estamos ahogando en basura. No estamos acostumbrados a manejar nuestros residuos, a separarlos&#8221;, afirm\u00f3 Nancy Jim\u00e9nez, del Centro Regional de Investigaciones Multidisciplinarias de la Universidad Nacional Aut\u00f3noma de M\u00e9xico (UNAM).<br \/>\nCada d\u00eda se recuperan 277 toneladas de desechos, de los cuales 86 son de &#8220;pet&#8221; (pl\u00e1stico para botellas) y 64 de papel y cart\u00f3n, pero la cifra es rid\u00edculamente baja con relaci\u00f3n al total de basura que se genera en el pa\u00eds. Un ej\u00e9rcito de unas 3.000 personas se dedica todos los d\u00edas a separar unas 86.000 toneladas de residuos s\u00f3lidos urbanos, pero &#8220;una cantidad importante queda dispersa en el ambiente, no se recoge y es probable que vaya a parar al mar, a las islas de basura&#8221;, teoriz\u00f3 Jim\u00e9nez.<br \/>\nAl menos 47,8% de los sitios de disposici\u00f3n final no cuentan con infraestructura b\u00e1sica para la protecci\u00f3n del ambiente y menos de una quinta parte,18,9% tiene control de los residuos que ingresan, de acuerdo con las estad\u00edsticas oficiales.<br \/>\nLa capacidad de reciclaje es muy limitada, lo que contribuye a la llamada &#8220;crisis de hiperbasura&#8221;, como lo llama Jim\u00e9nez, quien atribuye este fen\u00f3meno a &#8220;los ritmos de extracci\u00f3n de recursos naturales, alentados por modelos tecnol\u00f3gicos de producci\u00f3n de mercanc\u00edas&#8221;.<br \/>\nAdem\u00e1s, otros factores que contribuyen a este fen\u00f3meno son &#8220;los patrones demogr\u00e1ficos y de poblamiento y la voracidad en el consumo&#8221;, afirm\u00f3.<br \/>\nCada d\u00eda se generan 120.128 toneladas de residuos, poco m\u00e1s de 5.000 toneladas por hora, una cantidad definida por los especialistas como &#8220;incontrolable&#8221; que contribuye a crear &#8220;monta\u00f1as de basura&#8221; en los vertederos, formales e irregulares, en zonas inclusive boscosas o p\u00e1ramos desolados y contaminan r\u00edos, mares y lagunas.<br \/>\nLa jefa de gobierno de la capital Claudia Sheinbaum, la m\u00e1s adelantada en la carrera por la sucesi\u00f3n del presidente Andr\u00e9s Manuel L\u00f3pez Obrador, propuso hace tiempo el programa &#8220;basura cero&#8221; que a juicio de los especialistas ha resultado un fracaso.<br \/>\nEl especialista Carlos Alvarez afirm\u00f3 que la raz\u00f3n de que la zona metropolitana m\u00e1s importante del pa\u00eds, asiento de unos 21 millones de habitantes, no haya podido tener \u00e9xito en la gesti\u00f3n de los residuos es que los veh\u00edculos de colecta son obsoletos y est\u00e1n casi inservibles, adem\u00e1s de no contar con separador de basura org\u00e1nica e inorg\u00e1nica.<br \/>\nEl experto estima que el manejo de la basura es un problema de educaci\u00f3n, pero el plan de la intendente no estuvo acompa\u00f1ado de una campa\u00f1a de radio, televisi\u00f3n e Internet para &#8220;reciclar o separar&#8221;.<br \/>\n&#8220;Pese a que la econom\u00eda circular tiene 50 a\u00f1os, nosotros no llegamos a eso, mientras los recursos naturales se est\u00e1n acabado&#8221;, afirm\u00f3 el experto en la gesti\u00f3n de residuos.<br \/>\n&#8220;Es una verguenza que una ciudad con m\u00e1s de 300.000 millones de pesos anuales de presupuesto (unos 15.000 millones de d\u00f3lares) est\u00e9 en los peores lugares de gesti\u00f3n de basura&#8221;, afirm\u00f3.<br \/>\nEsto ha hecho que M\u00e9xico en general est\u00e9 retrasado 40 a\u00f1os en la gesti\u00f3n de residuos respecto a Europa.<br \/>\nEn la capital se generan alrededor de 12.000 toneladas de residuos al d\u00eda entre semana y los fines de semana llega a 15.000, lo que representa al menos el 10% del total en el pa\u00eds, seg\u00fan las estad\u00edsticas gubernamentales.<\/p>\n","protected":false},"excerpt":{"rendered":"<p>&nbsp; M\u00e1s y m\u00e1s basura en M\u00e9xico. Mala gesti\u00f3n sobre los desperdicios &#8211; Estudio gubernamental enciende alerta, se necesita mejor gesti\u00f3n CIUDAD DE MEXICO, 25&hellip;<\/p>\n","protected":false},"author":99,"featured_media":505652,"comment_status":"open","ping_status":"open","sticky":false,"template":"","format":"standard","meta":{"footnotes":""},"categories":[23],"tags":[],"class_list":["post-505651","post","type-post","status-publish","format-standard","has-post-thumbnail","hentry","category-latinoamerica"],"_links":{"self":[{"href":"https:\/\/diarioelpopular.com\/index.php\/wp-json\/wp\/v2\/posts\/505651","targetHints":{"allow":["GET"]}}],"collection":[{"href":"https:\/\/diarioelpopular.com\/index.php\/wp-json\/wp\/v2\/posts"}],"about":[{"href":"https:\/\/diarioelpopular.com\/index.php\/wp-json\/wp\/v2\/types\/post"}],"author":[{"embeddable":true,"href":"https:\/\/diarioelpopular.com\/index.php\/wp-json\/wp\/v2\/users\/99"}],"replies":[{"embeddable":true,"href":"https:\/\/diarioelpopular.com\/index.php\/wp-json\/wp\/v2\/comments?post=505651"}],"version-history":[{"count":1,"href":"https:\/\/diarioelpopular.com\/index.php\/wp-json\/wp\/v2\/posts\/505651\/revisions"}],"predecessor-version":[{"id":505653,"href":"https:\/\/diarioelpopular.com\/index.php\/wp-json\/wp\/v2\/posts\/505651\/revisions\/505653"}],"wp:featuredmedia":[{"embeddable":true,"href":"https:\/\/diarioelpopular.com\/index.php\/wp-json\/wp\/v2\/media\/505652"}],"wp:attachment":[{"href":"https:\/\/diarioelpopular.com\/index.php\/wp-json\/wp\/v2\/media?parent=505651"}],"wp:term":[{"taxonomy":"category","embeddable":true,"href":"https:\/\/diarioelpopular.com\/index.php\/wp-json\/wp\/v2\/categories?post=505651"},{"taxonomy":"post_tag","embeddable":true,"href":"https:\/\/diarioelpopular.com\/index.php\/wp-json\/wp\/v2\/tags?post=505651"}],"curies":[{"name":"wp","href":"https:\/\/api.w.org\/{rel}","templated":true}]}}