{"id":505655,"date":"2022-09-25T13:10:43","date_gmt":"2022-09-25T17:10:43","guid":{"rendered":"https:\/\/diarioelpopular.com\/?p=505655"},"modified":"2022-09-25T13:10:43","modified_gmt":"2022-09-25T17:10:43","slug":"ecuador-expulsan-a-ministro-por-un-femicidio","status":"publish","type":"post","link":"https:\/\/diarioelpopular.com\/index.php\/2022\/09\/25\/ecuador-expulsan-a-ministro-por-un-femicidio\/","title":{"rendered":"Ecuador: Expulsan a ministro por un femicidio"},"content":{"rendered":"<p>&nbsp;<\/p>\n<p><img loading=\"lazy\" decoding=\"async\" class=\"alignnone size-custom-full-size wp-image-505656\" src=\"https:\/\/diarioelpopular.com\/wp-content\/uploads\/2022\/09\/dc64c7f4a90931936182dbeaaca9fc8c.jpg\" alt=\"\" width=\"476\" height=\"317\" srcset=\"https:\/\/diarioelpopular.com\/wp-content\/uploads\/2022\/09\/dc64c7f4a90931936182dbeaaca9fc8c.jpg 476w, https:\/\/diarioelpopular.com\/wp-content\/uploads\/2022\/09\/dc64c7f4a90931936182dbeaaca9fc8c-300x200.jpg 300w, https:\/\/diarioelpopular.com\/wp-content\/uploads\/2022\/09\/dc64c7f4a90931936182dbeaaca9fc8c-110x73.jpg 110w\" sizes=\"auto, (max-width: 476px) 100vw, 476px\" \/><\/p>\n<p><em>El presidente de Ecuador, Guillermo Lasso<\/em><\/p>\n<p>&nbsp;<\/p>\n<h4><em>&#8211; Presidente Lasso remueve al jefe de Interior, Patricio Carrillo<\/em><\/h4>\n<p><strong><em>QUITO 25 SEPT &#8211;<\/em><\/strong> El presidente ecuatoriano removi\u00f3 a su ministro de Interior, Patricio Carrillo, tras el asesinato de la abogada Mar\u00eda Bel\u00e9n Bernal en una escuela de formaci\u00f3n policial de Quito por el cual est\u00e1 acusado su marido, que permanece pr\u00f3fugo de la Justicia.<br \/>\n&#8220;El general Patricio Carrillo ha dedicado su vida y su lealtad al ideal de un pa\u00eds seguro. Sin embargo, tras los acontecimientos de los \u00faltimos d\u00edas he decidido que su servicio concluya&#8221;, dijo el mandatario a trav\u00e9s de una cadena nacional.<br \/>\nEn su mensaje, Lasso calific\u00f3 de &#8220;femicidio&#8221; el asesinato de la abogada Mar\u00eda Bel\u00e9n Bernal, de 34 a\u00f1os, que hab\u00eda desaparecido de la Escuela Superior de la Polic\u00eda, adonde fue a visitar a su esposo, el teniente de polic\u00eda Germ\u00e1n C\u00e1ceres.<br \/>\nSu cuerpo apareci\u00f3 10 d\u00edas despu\u00e9s en un cerro en el norte de Quito, aleda\u00f1o a la escuela de polic\u00edas, mientras su esposo ahora est\u00e1 pr\u00f3fugo de la Justicia.<br \/>\n&#8220;He dispuesto que el Comandante General de la Polic\u00eda, en el transcurso de esta semana, entregue resultados definitivos que conduzcan a la captura de Germ\u00e1n C\u00e1ceres&#8221;, manifest\u00f3 tambi\u00e9n Lasso, quien regres\u00f3 en las \u00faltimas horas a Ecuador tras participar en la Asamblea General de la ONU.<br \/>\nEl presidente tambi\u00e9n dispuso la desvinculaci\u00f3n de dos generales -Freddy Goyes y Giovanni Ponce- y solicit\u00f3 a todos los mandos policiales poner sus cargos a disposici\u00f3n.<br \/>\nGrupos defensores de derechos humanos, asociaciones de familiares de desaparecidos y colectivos feministas exigieron en estos d\u00edas ambas medidas, la renuncia del ministro del Interior y la depuraci\u00f3n del cuerpo policial, en un caso que consideran como &#8220;un crimen de Estado&#8221;.<br \/>\nPor otro lado, la secretar\u00eda de Derechos Humanos ecuatoriana solicit\u00f3 la presencia de miembros de la Comisi\u00f3n Interamericana de Derechos Humanos (CIDH) para la observaci\u00f3n y asesoramiento en las investigaciones en curso en torno a la desaparici\u00f3n y muerte de Bernal.<br \/>\nCarrillo hab\u00eda sido designado por Lasso como ministro del Interior el 30 de marzo de este a\u00f1o, es decir, cumpli\u00f3 177 d\u00edas en el cargo. Lleg\u00f3 a ese puesto tras la escisi\u00f3n del ministerio de Gobierno, que estaba ocupado hasta esa fecha por Alexandra Vela.<br \/>\nLasso lo dividi\u00f3 en dos: el de Gobierno, para tratar asuntos pol\u00edticos, en el que design\u00f3 a Francisco Jim\u00e9nez; y el del Interior, para temas de seguridad ciudadana.<br \/>\nCarrillo es un general en servicio pasivo que ingres\u00f3 a la Polic\u00eda Nacional hace m\u00e1s de 35 a\u00f1os. A lo largo de su carrera fue director de Planificaci\u00f3n de la Polic\u00eda Nacional, comandante de Polic\u00eda en Los R\u00edos, director nacional de la Polic\u00eda Comunitaria y comandante del Distrito Metropolitano de Quito.<br \/>\nFue agregado de Polic\u00eda adjunto en la Embajada de Ecuador en Colombia y profesor e instructor policial.<br \/>\nEn octubre de 2019, estuvo encargado de los operativos de seguridad en el paro nacional contra las medidas econ\u00f3micas del expresidente Len\u00edn Moreno convocado por la Confederaci\u00f3n de Nacionalidades Ind\u00edgenas del Ecuador (Conaie) y otros grupos sociales.<br \/>\nPor ese rol, asamble\u00edstas lo acusan de incurrir en incumplimiento de funciones por c\u00f3mo enfrent\u00f3 las protestas que lider\u00f3 el movimiento ind\u00edgena y tambi\u00e9n, por el incremento de la inseguridad ciudadana. En enero de 2020 fue designado comandante general de la Polic\u00eda, cargo que ocup\u00f3 hasta marzo de 2021, al ser reemplazado por Tannya Varela.<\/p>\n","protected":false},"excerpt":{"rendered":"<p>&nbsp; El presidente de Ecuador, Guillermo Lasso &nbsp; &#8211; Presidente Lasso remueve al jefe de Interior, Patricio Carrillo QUITO 25 SEPT &#8211; El presidente ecuatoriano&hellip;<\/p>\n","protected":false},"author":99,"featured_media":505656,"comment_status":"open","ping_status":"open","sticky":false,"template":"","format":"standard","meta":{"footnotes":""},"categories":[23],"tags":[],"class_list":["post-505655","post","type-post","status-publish","format-standard","has-post-thumbnail","hentry","category-latinoamerica"],"_links":{"self":[{"href":"https:\/\/diarioelpopular.com\/index.php\/wp-json\/wp\/v2\/posts\/505655","targetHints":{"allow":["GET"]}}],"collection":[{"href":"https:\/\/diarioelpopular.com\/index.php\/wp-json\/wp\/v2\/posts"}],"about":[{"href":"https:\/\/diarioelpopular.com\/index.php\/wp-json\/wp\/v2\/types\/post"}],"author":[{"embeddable":true,"href":"https:\/\/diarioelpopular.com\/index.php\/wp-json\/wp\/v2\/users\/99"}],"replies":[{"embeddable":true,"href":"https:\/\/diarioelpopular.com\/index.php\/wp-json\/wp\/v2\/comments?post=505655"}],"version-history":[{"count":1,"href":"https:\/\/diarioelpopular.com\/index.php\/wp-json\/wp\/v2\/posts\/505655\/revisions"}],"predecessor-version":[{"id":505657,"href":"https:\/\/diarioelpopular.com\/index.php\/wp-json\/wp\/v2\/posts\/505655\/revisions\/505657"}],"wp:featuredmedia":[{"embeddable":true,"href":"https:\/\/diarioelpopular.com\/index.php\/wp-json\/wp\/v2\/media\/505656"}],"wp:attachment":[{"href":"https:\/\/diarioelpopular.com\/index.php\/wp-json\/wp\/v2\/media?parent=505655"}],"wp:term":[{"taxonomy":"category","embeddable":true,"href":"https:\/\/diarioelpopular.com\/index.php\/wp-json\/wp\/v2\/categories?post=505655"},{"taxonomy":"post_tag","embeddable":true,"href":"https:\/\/diarioelpopular.com\/index.php\/wp-json\/wp\/v2\/tags?post=505655"}],"curies":[{"name":"wp","href":"https:\/\/api.w.org\/{rel}","templated":true}]}}