{"id":505680,"date":"2022-09-26T10:47:15","date_gmt":"2022-09-26T14:47:15","guid":{"rendered":"https:\/\/diarioelpopular.com\/?p=505680"},"modified":"2022-09-26T10:47:15","modified_gmt":"2022-09-26T14:47:15","slug":"nicolas-maduro-sobre-reapertura-de-la-frontera-es-un-dia-historico","status":"publish","type":"post","link":"https:\/\/diarioelpopular.com\/index.php\/2022\/09\/26\/nicolas-maduro-sobre-reapertura-de-la-frontera-es-un-dia-historico\/","title":{"rendered":"Nicol\u00e1s Maduro sobre reapertura de la frontera: &#8216;Es un d\u00eda hist\u00f3rico&#8217;"},"content":{"rendered":"<p><img loading=\"lazy\" decoding=\"async\" class=\"alignnone size-custom-full-size wp-image-505681\" src=\"https:\/\/diarioelpopular.com\/wp-content\/uploads\/2022\/09\/632fa56c8538e-636x318.jpg\" alt=\"\" width=\"636\" height=\"318\" srcset=\"https:\/\/diarioelpopular.com\/wp-content\/uploads\/2022\/09\/632fa56c8538e-636x318.jpg 636w, https:\/\/diarioelpopular.com\/wp-content\/uploads\/2022\/09\/632fa56c8538e-300x150.jpg 300w, https:\/\/diarioelpopular.com\/wp-content\/uploads\/2022\/09\/632fa56c8538e-768x384.jpg 768w, https:\/\/diarioelpopular.com\/wp-content\/uploads\/2022\/09\/632fa56c8538e-146x73.jpg 146w, https:\/\/diarioelpopular.com\/wp-content\/uploads\/2022\/09\/632fa56c8538e.jpg 950w\" sizes=\"auto, (max-width: 636px) 100vw, 636px\" \/><\/p>\n<p><em><strong>A las 6 a. m. de este lunes, cientos de venezolanos se dispon\u00edan en el puente internacional Sim\u00f3n Bol\u00edvar, en\u00a0San Antonio del T\u00e1chira, a cruzar hacia Colombia, una pr\u00e1ctica diaria.<\/strong><\/em><\/p>\n<p>Sin embargo la diferencia es que oficialmente hoy se da la\u00a0reapertura formal\u00a0de los pasos, que incluye el intercambio comercial entre ambas naciones.<\/p>\n<p>&#8220;Estamos retomando relaciones y dando pasos firmes para avanzar en la apertura total y absoluta de la frontera entre pueblos hermanos: Colombia y Venezuela. \u00a1Es un d\u00eda hist\u00f3rico y transcendental!&#8221; , escribi\u00f3\u00a0Nicol\u00e1s Maduro\u00a0en su Twitter, aunque no se ha confirmado la presencia del mandatario.<\/p>\n<p id=\"p705206-m615-2-616\" class=\"contenido\">Por su parte, el presidente de Colombia,\u00a0Gustavo Petro, asisti\u00f3 a C\u00facuta para la apertura realizada a las 9:30 a. m. hora de colombiana, 10:30 hora de Venezuela.<\/p>\n<p>La presencia de funcionarios del gobierno de Maduro estaba confirmada, pero no se sabe qui\u00e9nes han sido los encargados de asistir a los actos de reapertura de frontera.<\/p>\n<p>Este 26 de septiembre tambi\u00e9n deber\u00eda salir desde Venezuela el primer vuelo desde Caracas hacia Bogot\u00e1. Luego de los inconvenientes presentados por la estatal Conviasa, que no puede pisar suelo colombiano por estar sancionada por Estados Unidos, ser\u00e1\u00a0Turpial Airlines,\u00a0que har\u00e1 el primer vuelo.<\/p>\n<div>A las 10:00 a.m. se hizo el paso de las primeras gandolas entre ambos pa\u00edses. Han sido cinco del lado colombiano y cinco del lado venezolano, ambas con insumos, alimentos y material petroqu\u00edmico.<br \/>\n<b><br \/>\n<\/b>El paso de peatones ha sido interrrumpido hasta las 11 a. m. hora de Venezuela, para realizar el paso de las gandolas y todos los actos protocolares.\u00a0<b><\/p>\n<p><\/b>Del lado colombiano son unos 900 polic\u00edas desplegados que acompa\u00f1ar\u00e1n las actividades de seguridad.<\/div>\n","protected":false},"excerpt":{"rendered":"<p>A las 6 a. m. de este lunes, cientos de venezolanos se dispon\u00edan en el puente internacional Sim\u00f3n Bol\u00edvar, en\u00a0San Antonio del T\u00e1chira, a cruzar&hellip;<\/p>\n","protected":false},"author":99,"featured_media":505681,"comment_status":"open","ping_status":"open","sticky":false,"template":"","format":"standard","meta":{"footnotes":""},"categories":[23],"tags":[],"class_list":["post-505680","post","type-post","status-publish","format-standard","has-post-thumbnail","hentry","category-latinoamerica"],"_links":{"self":[{"href":"https:\/\/diarioelpopular.com\/index.php\/wp-json\/wp\/v2\/posts\/505680","targetHints":{"allow":["GET"]}}],"collection":[{"href":"https:\/\/diarioelpopular.com\/index.php\/wp-json\/wp\/v2\/posts"}],"about":[{"href":"https:\/\/diarioelpopular.com\/index.php\/wp-json\/wp\/v2\/types\/post"}],"author":[{"embeddable":true,"href":"https:\/\/diarioelpopular.com\/index.php\/wp-json\/wp\/v2\/users\/99"}],"replies":[{"embeddable":true,"href":"https:\/\/diarioelpopular.com\/index.php\/wp-json\/wp\/v2\/comments?post=505680"}],"version-history":[{"count":1,"href":"https:\/\/diarioelpopular.com\/index.php\/wp-json\/wp\/v2\/posts\/505680\/revisions"}],"predecessor-version":[{"id":505682,"href":"https:\/\/diarioelpopular.com\/index.php\/wp-json\/wp\/v2\/posts\/505680\/revisions\/505682"}],"wp:featuredmedia":[{"embeddable":true,"href":"https:\/\/diarioelpopular.com\/index.php\/wp-json\/wp\/v2\/media\/505681"}],"wp:attachment":[{"href":"https:\/\/diarioelpopular.com\/index.php\/wp-json\/wp\/v2\/media?parent=505680"}],"wp:term":[{"taxonomy":"category","embeddable":true,"href":"https:\/\/diarioelpopular.com\/index.php\/wp-json\/wp\/v2\/categories?post=505680"},{"taxonomy":"post_tag","embeddable":true,"href":"https:\/\/diarioelpopular.com\/index.php\/wp-json\/wp\/v2\/tags?post=505680"}],"curies":[{"name":"wp","href":"https:\/\/api.w.org\/{rel}","templated":true}]}}