{"id":505728,"date":"2022-09-29T09:09:19","date_gmt":"2022-09-29T13:09:19","guid":{"rendered":"https:\/\/diarioelpopular.com\/?p=505728"},"modified":"2022-09-29T09:09:19","modified_gmt":"2022-09-29T13:09:19","slug":"canada-registra-el-crecimiento-demografico-mas-rapido-desde-1957-impulsado-principalmente-por-la-inmigracion-statcan","status":"publish","type":"post","link":"https:\/\/diarioelpopular.com\/index.php\/2022\/09\/29\/canada-registra-el-crecimiento-demografico-mas-rapido-desde-1957-impulsado-principalmente-por-la-inmigracion-statcan\/","title":{"rendered":"Canad\u00e1 registra el crecimiento demogr\u00e1fico m\u00e1s r\u00e1pido desde 1957, impulsado principalmente por la inmigraci\u00f3n: StatCan"},"content":{"rendered":"<p>&nbsp;<\/p>\n<p><img loading=\"lazy\" decoding=\"async\" class=\"alignnone size-custom-full-size wp-image-505729\" src=\"https:\/\/diarioelpopular.com\/wp-content\/uploads\/2022\/09\/people.jpg\" alt=\"\" width=\"300\" height=\"200\" srcset=\"https:\/\/diarioelpopular.com\/wp-content\/uploads\/2022\/09\/people.jpg 300w, https:\/\/diarioelpopular.com\/wp-content\/uploads\/2022\/09\/people-110x73.jpg 110w\" sizes=\"auto, (max-width: 300px) 100vw, 300px\" \/><\/p>\n<p><em><strong>&#8211; Canad\u00e1 ha visto su tasa de crecimiento demogr\u00e1fico m\u00e1s alta desde el apogeo del baby boom, impulsada principalmente por la inmigraci\u00f3n, seg\u00fan datos de Statistics Canada.<\/strong><\/em><\/p>\n<p><em><strong>OTTAWA.-<\/strong> <\/em>A partir del 1 de julio, el n\u00famero de personas que viven en Canad\u00e1 se situ\u00f3 en un estimado de 38,9 millones, un aumento del 0,7 por ciento, o 284.982 personas, desde el 1 de abril de 2022.<\/p>\n<p>La estimaci\u00f3n, que marca el mayor ritmo de crecimiento trimestral desde 1957, representa un aumento de m\u00e1s de 3.100 personas por d\u00eda.<\/p>\n<p>Seg\u00fan Statistics Canada, la migraci\u00f3n internacional represent\u00f3 el 94,5 por ciento de este crecimiento, un aumento de 269.305 personas.<\/p>\n<p>\u201cEste fue el aumento m\u00e1s alto de la migraci\u00f3n internacional desde que existen registros comparables\u201d, se\u00f1al\u00f3 Statistics Canada, y agreg\u00f3 que la mayor parte del crecimiento provino del mayor aumento en el n\u00famero de residentes no permanentes (+157,310) registrado.<\/p>\n<p>\u201cEsto se debi\u00f3 a la gran cantidad de solicitantes de asilo y titulares de permisos (de trabajo, estudio y otros), incluidas las personas afectadas por la invasi\u00f3n rusa de Ucrania\u201d, agreg\u00f3.<\/p>\n<p>Statistics Canada tambi\u00e9n dijo que la cantidad de inmigrantes en el segundo trimestre de 2022 (118,114) fue la m\u00e1s alta en cualquier segundo trimestre desde que existieron registros comparables.<\/p>\n<p>\u201cEsto sigue a los aumentos recientes en los objetivos de Inmigraci\u00f3n, Refugiados y Ciudadan\u00eda de Canad\u00e1 y podr\u00eda ser el resultado de una recuperaci\u00f3n en el crecimiento luego de niveles m\u00e1s bajos de inmigraci\u00f3n al principio de la pandemia de COVID-19\u201d, dijo.<\/p>\n<p>Usha George, profesora de la Universidad Metropolitana de Toronto y directora del Centro Metropolitano de Inmigraci\u00f3n y Asentamiento de Toronto (TMCIS), argument\u00f3 que Canad\u00e1 aceptar\u00e1 a m\u00e1s inmigrantes debido a la disminuci\u00f3n de la tasa de natalidad en todo el pa\u00eds.<\/p>\n<p>\u201cDefinitivamente, la inmigraci\u00f3n va a ser la \u00fanica fuente de crecimiento de la poblaci\u00f3n en Canad\u00e1\u201d, dijo George en una entrevista.<\/p>\n<p>Se refiri\u00f3 a las proyecciones realizadas por Statistics Canada publicadas el 8 de septiembre que indican que en 2041, la mitad de la poblaci\u00f3n canadiense estar\u00e1 compuesta por inmigrantes y sus hijos nacidos en Canad\u00e1.<\/p>\n<p>Seg\u00fan Statistics Canada, \u201cse prev\u00e9 que la inmigraci\u00f3n siga siendo el principal motor del crecimiento de la poblaci\u00f3n en las pr\u00f3ximas d\u00e9cadas, continuando una tendencia que comenz\u00f3 a principios de la d\u00e9cada de 1990\u201d.<\/p>\n<p>George dijo que esto es importante para la econom\u00eda, pero Canad\u00e1 no est\u00e1 preparado para una poblaci\u00f3n en crecimiento en lo que respecta a empleos y vivienda.<\/p>\n<p>\u201cTenemos una crisis en t\u00e9rminos de vivienda. Tambi\u00e9n tenemos un problema en torno al empleo apropiado para los inmigrantes a medida que ingresan\u201d, dijo.<\/p>\n<p>George explic\u00f3 que Canad\u00e1 atrae inmigrantes altamente calificados que no pueden obtener los trabajos que desean en sus \u00e1reas de especializaci\u00f3n, especialmente aquellos que son ingenieros, m\u00e9dicos o enfermeros.<\/p>\n<p>\u201cEse va a ser un desaf\u00edo continuo\u201d, dijo George.<\/p>\n<p>Dijo que muchas de las profesiones reguladoras, como la medicina, son organizaciones semiindependientes, sobre las cuales las provincias no tienen mucho control, pero espera que los gobiernos ejerzan una &#8220;presi\u00f3n suave&#8221; sobre ellas.<\/p>\n<p>\u201cAlgunos tienen demandas irrazonables\u201d, dijo George, diciendo que en uno de los casos que ella conoce, para calificar como dentista, le dijeron a una inmigrante de la India que deb\u00eda gastar $60,000 para tomar cursos y todos los ex\u00e1menes necesarios para obtener la acreditaci\u00f3n. en Canad\u00e1.<\/p>\n<p>\u201c(La gente) no tiene esa cantidad de dinero, as\u00ed que creo que debemos simplificar los procesos por los que uno tiene que pasar para calificarse para una profesi\u00f3n sin comprometer los est\u00e1ndares\u201d, dijo.<\/p>\n<p>George recomienda que los organismos reguladores presenten formas certificadas de acreditar y ayudar a las personas a ingresar y practicar sus profesiones aqu\u00ed, especialmente porque m\u00e1s inmigrantes ingresar\u00e1n al pa\u00eds.<\/p>\n<p>\u201cSiento que en este momento el sentimiento en Canad\u00e1 es a favor de la inmigraci\u00f3n. Tanto los conservadores como los liberales reconocen la importancia de la inmigraci\u00f3n a Canad\u00e1 simplemente porque para 2041&#8230; se prev\u00e9 que todo el reemplazo provendr\u00e1 de la inmigraci\u00f3n\u201d, dijo Goerge.<\/p>\n<p>Ella dijo que toda la oferta de mano de obra provendr\u00e1 de la inmigraci\u00f3n, por lo que para mantener una econom\u00eda competitiva y productiva, es muy importante estar al tanto de la reacci\u00f3n negativa que podr\u00eda surgir del p\u00fablico.<\/p>\n<p>\u201cTenemos que tener cuidado con el sentimiento p\u00fablico. Necesitamos asegurarnos de que haya suficiente comprensi\u00f3n sobre la importancia de la inmigraci\u00f3n para Canad\u00e1 y que el p\u00fablico sea consciente de lo necesario que es para que no tengamos una reacci\u00f3n violenta contra los inmigrantes\u201d, agreg\u00f3.<\/p>\n<p>Seg\u00fan el sitio web del gobierno, Canad\u00e1 tiene como objetivo dar la bienvenida a 431 645 nuevos residentes permanentes en 2022, 447 055 en 2023 y 451 000 en 2024.<\/p>\n<p><em><strong>\u00bfAument\u00f3 la poblaci\u00f3n en todas las provincias y territorios?<\/strong><\/em><br \/>\nEstad\u00edsticas de Canad\u00e1 dijo que la poblaci\u00f3n aument\u00f3 en todas las provincias y territorios excepto en los Territorios del Noroeste, donde la poblaci\u00f3n disminuy\u00f3 un 0,2 por ciento en el segundo trimestre.<\/p>\n<p>Las mayores tasas de crecimiento demogr\u00e1fico se registraron en la Isla del Pr\u00edncipe Eduardo (+1,4 %), Nueva Escocia (+1,2 %) y New Brunswick (+1,1 %).<\/p>\n<p>Ontario (-21 008), Manitoba (-2 891) y Saskatchewan (-1 948) registraron las p\u00e9rdidas m\u00e1s altas debido a la migraci\u00f3n interprovincial en el segundo trimestre, mientras que tambi\u00e9n se observaron p\u00e9rdidas en Quebec (-429), los Territorios del Noroeste (-244), Nunavut (-41) y Yuk\u00f3n (-32), muchos de los cuales provienen de Ontario.<\/p>\n<p>\u201cOntario tuvo la mayor p\u00e9rdida neta por migraci\u00f3n interprovincial en cualquier trimestre desde al menos el tercer trimestre de 1971 y esto representa el d\u00e9cimo trimestre consecutivo de p\u00e9rdidas para la provincia\u201d, dijo Statistics Canada.<\/p>\n<p>\u201cContin\u00faa la tendencia de personas que se mudan de Ontario a las provincias mar\u00edtimas durante la pandemia\u201d, agreg\u00f3.<\/p>\n<p>Ontario ha sido el mayor proveedor de migrantes interprovinciales al Atl\u00e1ntico canadiense en todos los trimestres desde el tercer trimestre de 2017, dijo Statistics Canada.<\/p>\n<p>Tambi\u00e9n proyect\u00f3 en sus datos de septiembre que en 2041 la gran mayor\u00eda de la poblaci\u00f3n inmigrante continuar\u00eda viviendo en un \u00e1rea metropolitana, mientras que Toronto, Montreal y Vancouver seguir\u00edan siendo las tres \u00e1reas principales de residencia de inmigrantes.<\/p>\n","protected":false},"excerpt":{"rendered":"<p>&nbsp; &#8211; Canad\u00e1 ha visto su tasa de crecimiento demogr\u00e1fico m\u00e1s alta desde el apogeo del baby boom, impulsada principalmente por la inmigraci\u00f3n, seg\u00fan datos&hellip;<\/p>\n","protected":false},"author":99,"featured_media":505729,"comment_status":"open","ping_status":"open","sticky":false,"template":"","format":"standard","meta":{"footnotes":""},"categories":[21,11191],"tags":[],"class_list":["post-505728","post","type-post","status-publish","format-standard","has-post-thumbnail","hentry","category-canada","category-top-news"],"_links":{"self":[{"href":"https:\/\/diarioelpopular.com\/index.php\/wp-json\/wp\/v2\/posts\/505728","targetHints":{"allow":["GET"]}}],"collection":[{"href":"https:\/\/diarioelpopular.com\/index.php\/wp-json\/wp\/v2\/posts"}],"about":[{"href":"https:\/\/diarioelpopular.com\/index.php\/wp-json\/wp\/v2\/types\/post"}],"author":[{"embeddable":true,"href":"https:\/\/diarioelpopular.com\/index.php\/wp-json\/wp\/v2\/users\/99"}],"replies":[{"embeddable":true,"href":"https:\/\/diarioelpopular.com\/index.php\/wp-json\/wp\/v2\/comments?post=505728"}],"version-history":[{"count":1,"href":"https:\/\/diarioelpopular.com\/index.php\/wp-json\/wp\/v2\/posts\/505728\/revisions"}],"predecessor-version":[{"id":505730,"href":"https:\/\/diarioelpopular.com\/index.php\/wp-json\/wp\/v2\/posts\/505728\/revisions\/505730"}],"wp:featuredmedia":[{"embeddable":true,"href":"https:\/\/diarioelpopular.com\/index.php\/wp-json\/wp\/v2\/media\/505729"}],"wp:attachment":[{"href":"https:\/\/diarioelpopular.com\/index.php\/wp-json\/wp\/v2\/media?parent=505728"}],"wp:term":[{"taxonomy":"category","embeddable":true,"href":"https:\/\/diarioelpopular.com\/index.php\/wp-json\/wp\/v2\/categories?post=505728"},{"taxonomy":"post_tag","embeddable":true,"href":"https:\/\/diarioelpopular.com\/index.php\/wp-json\/wp\/v2\/tags?post=505728"}],"curies":[{"name":"wp","href":"https:\/\/api.w.org\/{rel}","templated":true}]}}