{"id":505741,"date":"2022-09-29T09:58:02","date_gmt":"2022-09-29T13:58:02","guid":{"rendered":"https:\/\/diarioelpopular.com\/?p=505741"},"modified":"2022-09-29T09:58:02","modified_gmt":"2022-09-29T13:58:02","slug":"como-fue-el-nuremberg-latinoamericano-el-inedito-juicio-que-destapo-el-horror-de-la-dictadura-argentina","status":"publish","type":"post","link":"https:\/\/diarioelpopular.com\/index.php\/2022\/09\/29\/como-fue-el-nuremberg-latinoamericano-el-inedito-juicio-que-destapo-el-horror-de-la-dictadura-argentina\/","title":{"rendered":"C\u00f3mo fue el &#8220;N\u00faremberg latinoamericano&#8221;, el in\u00e9dito juicio que destap\u00f3 el horror de la dictadura argentina"},"content":{"rendered":"<div class=\"bbc-19j92fr ebmt73l0\" dir=\"ltr\">\n<p dir=\"ltr\"><img loading=\"lazy\" decoding=\"async\" class=\"alignnone size-custom-full-size wp-image-505742\" src=\"https:\/\/diarioelpopular.com\/wp-content\/uploads\/2022\/09\/126854440_gettyimages-57295998.jpg.webp_-636x358.jpg\" alt=\"\" width=\"636\" height=\"358\" srcset=\"https:\/\/diarioelpopular.com\/wp-content\/uploads\/2022\/09\/126854440_gettyimages-57295998.jpg.webp_-636x358.jpg 636w, https:\/\/diarioelpopular.com\/wp-content\/uploads\/2022\/09\/126854440_gettyimages-57295998.jpg.webp_-300x169.jpg 300w, https:\/\/diarioelpopular.com\/wp-content\/uploads\/2022\/09\/126854440_gettyimages-57295998.jpg.webp_-768x432.jpg 768w, https:\/\/diarioelpopular.com\/wp-content\/uploads\/2022\/09\/126854440_gettyimages-57295998.jpg.webp_-130x73.jpg 130w, https:\/\/diarioelpopular.com\/wp-content\/uploads\/2022\/09\/126854440_gettyimages-57295998.jpg.webp_.jpg 800w\" sizes=\"auto, (max-width: 636px) 100vw, 636px\" \/><\/p>\n<p class=\"bbc-hhl7in e17g058b0\" dir=\"ltr\"><em><b>&#8211; Unos d\u00edas antes del 22 de abril de 1985, el juez Ricardo Gil Lavedra se cruz\u00f3 con un colega en el Palacio de Tribunales de Buenos Aires, y despu\u00e9s de conversar sobre temas cotidianos el otro juez le pregunt\u00f3 incr\u00e9dulo: &#8220;Decime una cosa \u00bfen verdad van a hacer ese juicio?&#8221;<\/b><\/em><\/p>\n<p dir=\"ltr\">\n<\/div>\n<div class=\"bbc-19j92fr ebmt73l0\" dir=\"ltr\">\n<p class=\"bbc-hhl7in e17g058b0\" dir=\"ltr\">&#8220;Ese juicio&#8221; del que preguntaba el colega de Gil Lavedra no ten\u00eda m\u00e1s antecedentes en la historia del siglo XX que el proceso de N\u00faremberg, que tuvo lugar entre 1945 y 1946, en el que fueron juzgados los cr\u00edmenes del\u00a0nazismo, y un juicio de 1975 contra los coroneles griegos que encabezaron el golpe de Estado en ese pa\u00eds en 1967.<\/p>\n<\/div>\n<div class=\"bbc-19j92fr ebmt73l0\" dir=\"ltr\">\n<p class=\"bbc-hhl7in e17g058b0\" dir=\"ltr\">En Argentina se trataba de juzgar en un tribunal civil a los nueve l\u00edderes de las tres primeras juntas militares que gobernaron el pa\u00eds tras el golpe de Estado de 1976, por delitos que iban\u00a0desde homicidio y tormentos hasta privaci\u00f3n ileg\u00edtima de la libertad.<\/p>\n<\/div>\n<div class=\"bbc-19j92fr ebmt73l0\" dir=\"ltr\">\n<p class=\"bbc-hhl7in e17g058b0\" dir=\"ltr\">La historia del juicio ha sido llevada al cine en la pel\u00edcula &#8220;Argentina, 1985&#8221;, del director Santiago Mitre, que se estrena este septiembre en cines, y que ya fue exhibida en festivales como Venecia y San Sebasti\u00e1n (en este \u00faltimo gan\u00f3 el premio del p\u00fablico).<\/p>\n<\/div>\n<section class=\"e1j2237y8 bbc-sswtix e8sa160\" role=\"region\" aria-label=\"Publicidad 2\" aria-hidden=\"true\" data-e2e=\"advertisement\"><\/section>\n<div class=\"bbc-19j92fr ebmt73l0\" dir=\"ltr\">\n<p class=\"bbc-hhl7in e17g058b0\" dir=\"ltr\">El contexto en el que se desarroll\u00f3 el juicio no era muy propicio a nivel local -la recuperdada democracia argentina ten\u00eda un a\u00f1o y medio en la Casa Rosada- ni en la regi\u00f3n, como recuerda a BBC Mundo el fiscal Luis Moreno Ocampo.<\/p>\n<\/div>\n<div class=\"bbc-1n4f7vm ebmt73l0\" dir=\"ltr\">\n<section class=\"bbc-1tuvzyv etbfg571\" role=\"region\" data-e2e=\"recommendations-heading\" aria-labelledby=\"recommendations-heading\">\n<div class=\"bbc-bjn8wh eveec6k2\">\n<ul class=\"ebmt73l0 bbc-1ulo99h e13i2e3d0\" dir=\"ltr\" role=\"list\">\n<li class=\"ebmt73l0 bbc-14u3acj e13i2e3d2\" dir=\"ltr\" role=\"listitem\">\n<div class=\"bbc-1p4354k ebmt73l0\" dir=\"ltr\">\n<div class=\"bbc-1ugu3vp eyj10mi4\" data-e2e=\"story-promo-wrapper\">\n<div class=\"bbc-18x5xq4 eyj10mi3\">\n<div class=\"bbc-997y1y eihqrxw0\" data-e2e=\"image-placeholder\">\n<div class=\"lazyload-wrapper \"><picture class=\"bbc-yfiktt e1mo64ex1\"><source srcset=\"https:\/\/ichef.bbci.co.uk\/news\/70\/cpsprodpb\/5E99\/production\/_124271242_gettyimages-160316718.jpg.webp 70w, https:\/\/ichef.bbci.co.uk\/news\/95\/cpsprodpb\/5E99\/production\/_124271242_gettyimages-160316718.jpg.webp 95w, https:\/\/ichef.bbci.co.uk\/news\/144\/cpsprodpb\/5E99\/production\/_124271242_gettyimages-160316718.jpg.webp 144w, https:\/\/ichef.bbci.co.uk\/news\/183\/cpsprodpb\/5E99\/production\/_124271242_gettyimages-160316718.jpg.webp 183w, https:\/\/ichef.bbci.co.uk\/news\/240\/cpsprodpb\/5E99\/production\/_124271242_gettyimages-160316718.jpg.webp 240w, https:\/\/ichef.bbci.co.uk\/news\/320\/cpsprodpb\/5E99\/production\/_124271242_gettyimages-160316718.jpg.webp 320w, https:\/\/ichef.bbci.co.uk\/news\/660\/cpsprodpb\/5E99\/production\/_124271242_gettyimages-160316718.jpg.webp 660w\" type=\"image\/webp\" \/><source srcset=\"https:\/\/ichef.bbci.co.uk\/news\/70\/cpsprodpb\/5E99\/production\/_124271242_gettyimages-160316718.jpg 70w, https:\/\/ichef.bbci.co.uk\/news\/95\/cpsprodpb\/5E99\/production\/_124271242_gettyimages-160316718.jpg 95w, https:\/\/ichef.bbci.co.uk\/news\/144\/cpsprodpb\/5E99\/production\/_124271242_gettyimages-160316718.jpg 144w, https:\/\/ichef.bbci.co.uk\/news\/183\/cpsprodpb\/5E99\/production\/_124271242_gettyimages-160316718.jpg 183w, https:\/\/ichef.bbci.co.uk\/news\/240\/cpsprodpb\/5E99\/production\/_124271242_gettyimages-160316718.jpg 240w, https:\/\/ichef.bbci.co.uk\/news\/320\/cpsprodpb\/5E99\/production\/_124271242_gettyimages-160316718.jpg 320w, https:\/\/ichef.bbci.co.uk\/news\/660\/cpsprodpb\/5E99\/production\/_124271242_gettyimages-160316718.jpg 660w\" type=\"image\/jpeg\" \/><img loading=\"lazy\" decoding=\"async\" class=\"e3vrtyk0 bbc-rb7xa0 e1mo64ex0\" src=\"https:\/\/ichef.bbci.co.uk\/news\/660\/cpsprodpb\/5E99\/production\/_124271242_gettyimages-160316718.jpg\" alt=\"Soldados quemando libros.\" width=\"1024\" height=\"576\" \/><\/picture><\/div>\n<\/div>\n<\/div>\n<div class=\"bbc-14nqykl eyj10mi2\"><\/div>\n<\/div>\n<\/div>\n<\/li>\n<\/ul>\n<\/div>\n<\/section>\n<\/div>\n<div class=\"bbc-19j92fr ebmt73l0\" dir=\"ltr\">\n<p class=\"bbc-hhl7in e17g058b0\" dir=\"ltr\">&#8220;En Chile, (Augusto) Pinochet ten\u00eda todo el poder; Uruguay, por referendo popular, se neg\u00f3 a investigar a sus militares; hab\u00eda militares en muchos gobiernos de la regi\u00f3n, y Argentina -como siempre oscila entre el abismo y la cima- hizo una cosa totalmente inesperada&#8221;.<\/p>\n<\/div>\n<div class=\"bbc-1ka88fa ebmt73l0\" dir=\"ltr\">\n<figure class=\"bbc-1qdcvv9 e1aczekt0\">\n<div class=\"bbc-172p16q ebmt73l0\" dir=\"ltr\">\n<div class=\"bbc-172p16q ebmt73l0\" dir=\"ltr\">\n<div class=\"bbc-189y18v ebmt73l0\" dir=\"ltr\">\n<div class=\"bbc-997y1y eihqrxw0\" data-e2e=\"image-placeholder\">\n<div class=\"lazyload-wrapper \"><picture class=\"bbc-yfiktt e1mo64ex1\"><source srcset=\"https:\/\/ichef.bbci.co.uk\/news\/240\/cpsprodpb\/145F5\/production\/_126854438_gettyimages-105650657.jpg.webp 240w, https:\/\/ichef.bbci.co.uk\/news\/320\/cpsprodpb\/145F5\/production\/_126854438_gettyimages-105650657.jpg.webp 320w, https:\/\/ichef.bbci.co.uk\/news\/480\/cpsprodpb\/145F5\/production\/_126854438_gettyimages-105650657.jpg.webp 480w, https:\/\/ichef.bbci.co.uk\/news\/624\/cpsprodpb\/145F5\/production\/_126854438_gettyimages-105650657.jpg.webp 624w, https:\/\/ichef.bbci.co.uk\/news\/800\/cpsprodpb\/145F5\/production\/_126854438_gettyimages-105650657.jpg.webp 800w\" type=\"image\/webp\" sizes=\"(min-width: 1008px) 645px, 100vw\" \/><source srcset=\"https:\/\/ichef.bbci.co.uk\/news\/240\/cpsprodpb\/145F5\/production\/_126854438_gettyimages-105650657.jpg 240w, https:\/\/ichef.bbci.co.uk\/news\/320\/cpsprodpb\/145F5\/production\/_126854438_gettyimages-105650657.jpg 320w, https:\/\/ichef.bbci.co.uk\/news\/480\/cpsprodpb\/145F5\/production\/_126854438_gettyimages-105650657.jpg 480w, https:\/\/ichef.bbci.co.uk\/news\/624\/cpsprodpb\/145F5\/production\/_126854438_gettyimages-105650657.jpg 624w, https:\/\/ichef.bbci.co.uk\/news\/800\/cpsprodpb\/145F5\/production\/_126854438_gettyimages-105650657.jpg 800w\" type=\"image\/jpeg\" sizes=\"(min-width: 1008px) 645px, 100vw\" \/><img loading=\"lazy\" decoding=\"async\" class=\"e3vrtyk0 bbc-rb7xa0 e1mo64ex0\" src=\"https:\/\/ichef.bbci.co.uk\/news\/640\/cpsprodpb\/145F5\/production\/_126854438_gettyimages-105650657.jpg\" alt=\"Juicio a las juntas militares\" width=\"976\" height=\"549\" \/><\/picture><\/div>\n<\/div>\n<\/div>\n<\/div>\n<\/div><figcaption class=\"bbc-rhuvwm e6i104o0\" dir=\"ltr\"><em>A la izquierda de la imagen, los comandantes militares juzgados, a la derecha, los fiscales Luis Moreno Ocampo y Julio Strassera.<\/em><\/p>\n<\/figcaption><div class=\"bbc-172p16q ebmt73l0\" dir=\"ltr\">\n<div class=\"bbc-3edg7g ebmt73l0\" dir=\"ltr\"><\/div>\n<\/div>\n<\/figure>\n<\/div>\n<div class=\"bbc-19j92fr ebmt73l0\" dir=\"ltr\">\n<p class=\"bbc-hhl7in e17g058b0\" dir=\"ltr\">Por eso, ni siquiera los seis jueces que iban a presidir las audiencias estaban seguros de poder terminar con el proceso:<\/p>\n<\/div>\n<div class=\"bbc-19j92fr ebmt73l0\" dir=\"ltr\">\n<p class=\"bbc-hhl7in e17g058b0\" dir=\"ltr\">&#8220;En el propio Palacio de Tribunales nos miraban como\u00a0bichos raros\u00a0y esto nos generaba una gran incertidumbre, no sab\u00edamos si \u00edbamos a poder llevar a cabo el juicio&#8221;, dice Gil Lavedra, quien en ese entonces ten\u00eda 36 a\u00f1os y era el m\u00e1s joven de los seis jueces.<\/p>\n<\/div>\n<div class=\"bbc-19j92fr ebmt73l0\" dir=\"ltr\">\n<h2 id=\"Los-testimonios\" class=\"bbc-1f03ibc eglt09e0\" tabindex=\"-1\">Los testimonios<\/h2>\n<\/div>\n<div class=\"bbc-19j92fr ebmt73l0\" dir=\"ltr\">\n<p class=\"bbc-hhl7in e17g058b0\" dir=\"ltr\">Moreno Ocampo recuerda que el juicio fue parte de un proceso que hab\u00eda comenzado en la elecci\u00f3n de 1983, cuando el tema de &#8220;los desaparecidos&#8221;, las v\u00edctimas de la dictadura cuyos cuerpos no aparec\u00edan, se volvi\u00f3 parte de esa campa\u00f1a electoral que llev\u00f3 a Ra\u00fal Alfons\u00edn a la presidencia.<\/p>\n<\/div>\n<div class=\"bbc-19j92fr ebmt73l0\" dir=\"ltr\">\n<p class=\"bbc-hhl7in e17g058b0\" dir=\"ltr\">Alfons\u00edn cre\u00f3 la Comisi\u00f3n Nacional por Desaparici\u00f3n de Personas (CONADEP), que recopil\u00f3 los testimonios de sobrevivientes y familiares de v\u00edctimas de la dictadura, e intent\u00f3 que fueran los propios militares los que juzgaran a los excomandantes, pero finalmente fue la justicia civil -aplicando el C\u00f3digo de Justicia Militar- el escenario del juicio.<\/p>\n<\/div>\n<div class=\"bbc-19j92fr ebmt73l0\" dir=\"ltr\">\n<p class=\"bbc-hhl7in e17g058b0\" dir=\"ltr\">&#8220;Nosotros optamos por el C\u00f3digo de Justicia Militar porque nos posibilitaba un juicio oral y esto daba el mejor resguardo tambi\u00e9n para el tribunal, es decir, que todo el mundo viera qu\u00e9 pasaba&#8221;, dice Gil Laavedra.<\/p>\n<\/div>\n<div class=\"bbc-19j92fr ebmt73l0\" dir=\"ltr\">\n<p class=\"bbc-hhl7in e17g058b0\" dir=\"ltr\">Y lo que pas\u00f3 es que la crudeza de los testimonios de m\u00e1s de 800 testigos fue registrada cada d\u00eda por los m\u00e1s de 500 periodistas que cubr\u00edan el proceso, y eso -en palabras de los protagonistas- permiti\u00f3 conseguir el\u00a0apoyo de la opini\u00f3n p\u00fablica\u00a0que se hab\u00eda mostrado reticente.<\/p>\n<\/div>\n<div class=\"bbc-19j92fr ebmt73l0\" dir=\"ltr\">\n<p class=\"bbc-hhl7in e17g058b0\" dir=\"ltr\">Moreno Ocampo, cuya familia ten\u00eda una rama civil y otra militar, recuerda c\u00f3mo su madre, que hab\u00eda apoyado a la dictadura, lo llam\u00f3 un d\u00eda tras escuchar varios testimonios y le dijo: &#8220;Todav\u00eda lo quiero a (el expresidente militar Rafael) Videla, pero vos ten\u00e9s raz\u00f3n: tienen que ir preso&#8221;.<\/p>\n<\/div>\n<div class=\"bbc-sffzb7 e1hrqbfn0\">\n<div class=\"bbc-1ka88fa ebmt73l0\" dir=\"ltr\">\n<figure class=\"bbc-1qdcvv9 e1aczekt0\">\n<div class=\"bbc-172p16q ebmt73l0\" dir=\"ltr\">\n<div class=\"bbc-172p16q ebmt73l0\" dir=\"ltr\">\n<div class=\"bbc-189y18v ebmt73l0\" dir=\"ltr\">\n<div class=\"bbc-997y1y eihqrxw0\" data-e2e=\"image-placeholder\">\n<div class=\"lazyload-wrapper \"><picture class=\"bbc-yfiktt e1mo64ex1\"><source srcset=\"https:\/\/ichef.bbci.co.uk\/news\/240\/cpsprodpb\/AD9D\/production\/_126854444_gettyimages-57296013.jpg.webp 240w, https:\/\/ichef.bbci.co.uk\/news\/320\/cpsprodpb\/AD9D\/production\/_126854444_gettyimages-57296013.jpg.webp 320w, https:\/\/ichef.bbci.co.uk\/news\/480\/cpsprodpb\/AD9D\/production\/_126854444_gettyimages-57296013.jpg.webp 480w, https:\/\/ichef.bbci.co.uk\/news\/624\/cpsprodpb\/AD9D\/production\/_126854444_gettyimages-57296013.jpg.webp 624w, https:\/\/ichef.bbci.co.uk\/news\/800\/cpsprodpb\/AD9D\/production\/_126854444_gettyimages-57296013.jpg.webp 800w\" type=\"image\/webp\" sizes=\"(min-width: 1008px) 645px, 100vw\" \/><source srcset=\"https:\/\/ichef.bbci.co.uk\/news\/240\/cpsprodpb\/AD9D\/production\/_126854444_gettyimages-57296013.jpg 240w, https:\/\/ichef.bbci.co.uk\/news\/320\/cpsprodpb\/AD9D\/production\/_126854444_gettyimages-57296013.jpg 320w, https:\/\/ichef.bbci.co.uk\/news\/480\/cpsprodpb\/AD9D\/production\/_126854444_gettyimages-57296013.jpg 480w, https:\/\/ichef.bbci.co.uk\/news\/624\/cpsprodpb\/AD9D\/production\/_126854444_gettyimages-57296013.jpg 624w, https:\/\/ichef.bbci.co.uk\/news\/800\/cpsprodpb\/AD9D\/production\/_126854444_gettyimages-57296013.jpg 800w\" type=\"image\/jpeg\" sizes=\"(min-width: 1008px) 645px, 100vw\" \/><img loading=\"lazy\" decoding=\"async\" class=\"e3vrtyk0 bbc-rb7xa0 e1mo64ex0\" src=\"https:\/\/ichef.bbci.co.uk\/news\/640\/cpsprodpb\/AD9D\/production\/_126854444_gettyimages-57296013.jpg\" alt=\"Juicio a las juntas militares\" width=\"976\" height=\"549\" \/><\/picture><\/div>\n<\/div>\n<\/div>\n<\/div>\n<\/div><figcaption class=\"bbc-rhuvwm e6i104o0\" dir=\"ltr\"><em>Le\u00f3n Arslanian (izq.) y los otros jueces escuchan uno de los testimonios en el juicio.<\/em><\/p>\n<\/figcaption><div class=\"bbc-172p16q ebmt73l0\" dir=\"ltr\">\n<div class=\"bbc-3edg7g ebmt73l0\" dir=\"ltr\"><\/div>\n<\/div>\n<\/figure>\n<\/div>\n<\/div>\n<div class=\"bbc-19j92fr ebmt73l0\" dir=\"ltr\">\n<p class=\"bbc-hhl7in e17g058b0\" dir=\"ltr\">&#8220;Los testimonios para quienes cubrimos el juicio eran tremendos -dice el periodista Marcelo Pichel-, todos los d\u00edas era como que se te cayera un edificio encima. Sal\u00edas de ah\u00ed semidestruido, no hab\u00eda risas, no hab\u00eda nada. En un velorio, por ejemplo, se cuenta un chiste, ah\u00ed no hab\u00eda posibilidad de chiste alguno. Todo lo que se dec\u00eda se tomaba como lo que era\u2026 terrible&#8221;.<\/p>\n<\/div>\n<div class=\"bbc-19j92fr ebmt73l0\" dir=\"ltr\">\n<p class=\"bbc-hhl7in e17g058b0\" dir=\"ltr\">Cada persona que accedi\u00f3 a las audiencias recuerda el testimonio que m\u00e1s lo marc\u00f3. Para el periodista de la publicaci\u00f3n &#8220;El Diario del Juicio&#8221;, que se cre\u00f3 espec\u00edficamente para la cobertura de este proceso, a veces las declaraciones eran impactantes porque se hablaba de gente que uno conoc\u00eda personalmente, otras por lo aberrante de las torturas:<\/p>\n<\/div>\n<div class=\"bbc-19j92fr ebmt73l0\" dir=\"ltr\">\n<p class=\"bbc-hhl7in e17g058b0\" dir=\"ltr\">&#8220;Me acuerdo del caso del testimonio de la familia de Floreal Avellaneda.\u00a0Todo lo que es con chicos y con mujeres ha lastimado m\u00e1s. El caso de \u00e9l habla de un ensa\u00f1amiento que superaba todo lo que uno pod\u00eda esperar, que te imaginabas en la Argelia de los franceses o en la Nicaragua de (Anastasio) Somoza: eran bestias, ni siquiera animales, y todav\u00eda me duele recordarlo&#8221;.<\/p>\n<\/div>\n<div class=\"bbc-1ka88fa ebmt73l0\" dir=\"ltr\">\n<figure class=\"bbc-1qdcvv9 e1aczekt0\">\n<div class=\"bbc-172p16q ebmt73l0\" dir=\"ltr\">\n<div class=\"bbc-172p16q ebmt73l0\" dir=\"ltr\">\n<div class=\"bbc-189y18v ebmt73l0\" dir=\"ltr\">\n<div class=\"bbc-997y1y eihqrxw0\" data-e2e=\"image-placeholder\">\n<div class=\"lazyload-wrapper \"><picture class=\"bbc-yfiktt e1mo64ex1\"><source srcset=\"https:\/\/ichef.bbci.co.uk\/news\/240\/cpsprodpb\/1239\/production\/_126856640_whatsappimage2022-09-13at4.19.47pm.jpg.webp 240w, https:\/\/ichef.bbci.co.uk\/news\/320\/cpsprodpb\/1239\/production\/_126856640_whatsappimage2022-09-13at4.19.47pm.jpg.webp 320w, https:\/\/ichef.bbci.co.uk\/news\/480\/cpsprodpb\/1239\/production\/_126856640_whatsappimage2022-09-13at4.19.47pm.jpg.webp 480w, https:\/\/ichef.bbci.co.uk\/news\/624\/cpsprodpb\/1239\/production\/_126856640_whatsappimage2022-09-13at4.19.47pm.jpg.webp 624w, https:\/\/ichef.bbci.co.uk\/news\/800\/cpsprodpb\/1239\/production\/_126856640_whatsappimage2022-09-13at4.19.47pm.jpg.webp 800w\" type=\"image\/webp\" sizes=\"(min-width: 1008px) 645px, 100vw\" \/><source srcset=\"https:\/\/ichef.bbci.co.uk\/news\/240\/cpsprodpb\/1239\/production\/_126856640_whatsappimage2022-09-13at4.19.47pm.jpg 240w, https:\/\/ichef.bbci.co.uk\/news\/320\/cpsprodpb\/1239\/production\/_126856640_whatsappimage2022-09-13at4.19.47pm.jpg 320w, https:\/\/ichef.bbci.co.uk\/news\/480\/cpsprodpb\/1239\/production\/_126856640_whatsappimage2022-09-13at4.19.47pm.jpg 480w, https:\/\/ichef.bbci.co.uk\/news\/624\/cpsprodpb\/1239\/production\/_126856640_whatsappimage2022-09-13at4.19.47pm.jpg 624w, https:\/\/ichef.bbci.co.uk\/news\/800\/cpsprodpb\/1239\/production\/_126856640_whatsappimage2022-09-13at4.19.47pm.jpg 800w\" type=\"image\/jpeg\" sizes=\"(min-width: 1008px) 645px, 100vw\" \/><img loading=\"lazy\" decoding=\"async\" class=\"e3vrtyk0 bbc-rb7xa0 e1mo64ex0\" src=\"https:\/\/ichef.bbci.co.uk\/news\/640\/cpsprodpb\/1239\/production\/_126856640_whatsappimage2022-09-13at4.19.47pm.jpg\" alt=\"Marcelo Pichel\" width=\"976\" height=\"549\" \/><\/picture><\/div>\n<\/div>\n<\/div>\n<\/div>\n<\/div><figcaption class=\"bbc-rhuvwm e6i104o0\" dir=\"ltr\"><em>Hebe de Bonafini, titular de Madres de Plaza de Mayo, en la sala de audiencias. Detr\u00e1s de ella, el periodista Marcelo Pichel.<\/em><\/p>\n<\/figcaption><div class=\"bbc-172p16q ebmt73l0\" dir=\"ltr\">\n<div class=\"bbc-3edg7g ebmt73l0\" dir=\"ltr\"><\/div>\n<\/div>\n<\/figure>\n<\/div>\n<div class=\"bbc-19j92fr ebmt73l0\" dir=\"ltr\">\n<p class=\"bbc-hhl7in e17g058b0\" dir=\"ltr\">Le\u00f3n Arslani\u00e1n, el juez que presidi\u00f3 el tribunal y por lo tanto ley\u00f3 la sentencia, a\u00fan guarda en su memoria la declaraci\u00f3n de Adriana Calvo de Laborde, que hab\u00eda sido secuestrada cuando estaba embarazada y cerca de parir:<\/p>\n<\/div>\n<div class=\"bbc-19j92fr ebmt73l0\" dir=\"ltr\">\n<p class=\"bbc-hhl7in e17g058b0\" dir=\"ltr\">&#8220;Tuvo el hijo, fue tratada de la peor manera, le arrancaron la placenta, la tiraron al piso, la obligaron desnuda a que baldeara todo el lugar&#8221;.<\/p>\n<\/div>\n<div class=\"bbc-19j92fr ebmt73l0\" dir=\"ltr\">\n<p class=\"bbc-hhl7in e17g058b0\" dir=\"ltr\">&#8220;Uno no se acostumbra a escuchar relatos desgarradores -dice Gil Lavedra- no importa el n\u00famero de los testimonios. Un ejemplo, al final de la audiencia, en agosto, cuando ya cre\u00edamos tener cierta coraza respecto a los testimonios, vino uno terrible en el Hospital Posadas de Gladys Cuervo, una enfermera que fue salvajemente torturada, y nos volvimos a conmover como el primer d\u00eda&#8221;.<\/p>\n<\/div>\n<div class=\"bbc-19j92fr ebmt73l0\" dir=\"ltr\">\n<p class=\"bbc-hhl7in e17g058b0\" dir=\"ltr\">\u00bfPero c\u00f3mo fue para los testigos declarar en el juicio?<\/p>\n<\/div>\n<div class=\"bbc-19j92fr ebmt73l0\" dir=\"ltr\">\n<h2 id=\"Los-testigos-y-la-Fiscal\u00eda\" class=\"bbc-1f03ibc eglt09e0\" tabindex=\"-1\">Los testigos y la Fiscal\u00eda<\/h2>\n<\/div>\n<div class=\"bbc-19j92fr ebmt73l0\" dir=\"ltr\">\n<p class=\"bbc-hhl7in e17g058b0\" dir=\"ltr\">Para Marcelo Pichel, los jueces cumpl\u00edan su trabajo, los fiscales eran una suerte de &#8220;misioneros&#8221; encargados de la parte m\u00e1s sensible del proceso, pero &#8220;los que pusieron el valor fueron los testigos&#8221;.<\/p>\n<\/div>\n<div class=\"bbc-19j92fr ebmt73l0\" dir=\"ltr\">\n<p class=\"bbc-hhl7in e17g058b0\" dir=\"ltr\">Miriam Lewin, quien fue secuestrada a los 19 a\u00f1os y pas\u00f3 por dos lugares clandestinos de detenci\u00f3n -el centro Virrey Cevallos y la Escuela Mec\u00e1nica de la Armada (ESMA)- recuerda que no todo el mundo pensaba que las condiciones estaban dadas como para declarar en el jucio:<\/p>\n<\/div>\n<div class=\"bbc-19j92fr ebmt73l0\" dir=\"ltr\">\n<p class=\"bbc-hhl7in e17g058b0\" dir=\"ltr\">&#8220;No sab\u00edamos si no se iban a ejecutar represalias contra nosotros, los que hab\u00edamos sobrevivido a los centros clandestinos\u00a0est\u00e1bamos fichados\u00a0e identificados por la inteligencia militar, y lo real es que desde la Justicia no se nos brindaba seguridad, ning\u00fan tipo de custodia, por eso algunos no testificaron&#8221;.<\/p>\n<\/div>\n<div class=\"bbc-19j92fr ebmt73l0\" dir=\"ltr\">\n<p class=\"bbc-hhl7in e17g058b0\" dir=\"ltr\">La actual defensora del p\u00fablico de Servicios de Comunicaci\u00f3n Audiovisual a\u00f1ade que le aconsejaron no vivir en su casa y abandonar temporalmente su trabajo los d\u00edas previos y posteriores a la declaraci\u00f3n &#8220;y esto daba cuenta de que la misma Fiscal\u00eda entend\u00eda que \u00e9ramos vulnerables&#8221;.<\/p>\n<\/div>\n<div class=\"bbc-1ka88fa ebmt73l0\" dir=\"ltr\">\n<figure class=\"bbc-1qdcvv9 e1aczekt0\">\n<div class=\"bbc-172p16q ebmt73l0\" dir=\"ltr\">\n<div class=\"bbc-172p16q ebmt73l0\" dir=\"ltr\">\n<div class=\"bbc-189y18v ebmt73l0\" dir=\"ltr\">\n<div class=\"bbc-997y1y eihqrxw0\" data-e2e=\"image-placeholder\">\n<div class=\"lazyload-wrapper \"><picture class=\"bbc-yfiktt e1mo64ex1\"><source srcset=\"https:\/\/ichef.bbci.co.uk\/news\/240\/cpsprodpb\/6059\/production\/_126856642_gettyimages-57296004.jpg.webp 240w, https:\/\/ichef.bbci.co.uk\/news\/320\/cpsprodpb\/6059\/production\/_126856642_gettyimages-57296004.jpg.webp 320w, https:\/\/ichef.bbci.co.uk\/news\/480\/cpsprodpb\/6059\/production\/_126856642_gettyimages-57296004.jpg.webp 480w, https:\/\/ichef.bbci.co.uk\/news\/624\/cpsprodpb\/6059\/production\/_126856642_gettyimages-57296004.jpg.webp 624w, https:\/\/ichef.bbci.co.uk\/news\/800\/cpsprodpb\/6059\/production\/_126856642_gettyimages-57296004.jpg.webp 800w\" type=\"image\/webp\" sizes=\"(min-width: 1008px) 645px, 100vw\" \/><source srcset=\"https:\/\/ichef.bbci.co.uk\/news\/240\/cpsprodpb\/6059\/production\/_126856642_gettyimages-57296004.jpg 240w, https:\/\/ichef.bbci.co.uk\/news\/320\/cpsprodpb\/6059\/production\/_126856642_gettyimages-57296004.jpg 320w, https:\/\/ichef.bbci.co.uk\/news\/480\/cpsprodpb\/6059\/production\/_126856642_gettyimages-57296004.jpg 480w, https:\/\/ichef.bbci.co.uk\/news\/624\/cpsprodpb\/6059\/production\/_126856642_gettyimages-57296004.jpg 624w, https:\/\/ichef.bbci.co.uk\/news\/800\/cpsprodpb\/6059\/production\/_126856642_gettyimages-57296004.jpg 800w\" type=\"image\/jpeg\" sizes=\"(min-width: 1008px) 645px, 100vw\" \/><img loading=\"lazy\" decoding=\"async\" class=\"e3vrtyk0 bbc-rb7xa0 e1mo64ex0\" src=\"https:\/\/ichef.bbci.co.uk\/news\/640\/cpsprodpb\/6059\/production\/_126856642_gettyimages-57296004.jpg\" alt=\"Militares argentinos durante el golpe de Estado del 24 de marzo de 1976\" width=\"976\" height=\"549\" \/><\/picture><\/div>\n<\/div>\n<\/div>\n<\/div>\n<\/div><figcaption class=\"bbc-rhuvwm e6i104o0\" dir=\"ltr\"><em>Miriam Lewin recuerda que el poder militar segu\u00eda en muchas apectos vigente en 1985, a pesar de que ya se hab\u00eda superado el primer a\u00f1o de democracia.<\/em><\/p>\n<\/figcaption><div class=\"bbc-172p16q ebmt73l0\" dir=\"ltr\">\n<div class=\"bbc-3edg7g ebmt73l0\" dir=\"ltr\"><\/div>\n<\/div>\n<\/figure>\n<\/div>\n<div class=\"bbc-19j92fr ebmt73l0\" dir=\"ltr\">\n<p class=\"bbc-hhl7in e17g058b0\" dir=\"ltr\">Alrededor del trabajo de la Fiscal\u00eda gira la pel\u00edcula &#8220;Argentina, 1985&#8221;. El fiscal principal era Julio C\u00e9sar Strassera, su adjunto era Luis Moreno Ocampo, y luego -en palabras de este \u00faltimo- los secundaba un grupo muy particular:<\/p>\n<\/div>\n<div class=\"bbc-19j92fr ebmt73l0\" dir=\"ltr\">\n<p class=\"bbc-hhl7in e17g058b0\" dir=\"ltr\">&#8220;Era un equipo de jovencitos, porque yo ten\u00eda 32 a\u00f1os, pero en el equipo de ayudantes el m\u00e1s grande ten\u00eda 27 y los otros ten\u00edan 20, 21 a\u00f1os. Siete chicos de los cuales dos eran abogados. A\u00fan hoy cuando nos juntamos, nos preguntamos c\u00f3mo lo hicimos&#8221;.<\/p>\n<\/div>\n<div class=\"bbc-19j92fr ebmt73l0\" dir=\"ltr\">\n<p class=\"bbc-hhl7in e17g058b0\" dir=\"ltr\">Para Miriam Lewin, la Fiscal\u00eda aport\u00f3 la contenci\u00f3n que los testigos necesitaban antes y despu\u00e9s de declarar, porque -seg\u00fan ella misma describe- el escenario de la sala en el Palacio de Tribunales amedrentaba.<\/p>\n<\/div>\n<div class=\"bbc-19j92fr ebmt73l0\" dir=\"ltr\">\n<p class=\"bbc-hhl7in e17g058b0\" dir=\"ltr\">&#8220;Era muy imponente, la plataforma sobre la que estaban los jueces, toda la sala repleta de gente, el sector de la prensa, el hecho de que a mis espaldas estaban los nueve comandantes en jefe, los m\u00e1ximos responsables de ese gobierno ileg\u00edtimo que hab\u00eda asesinado a miles de personas, la verdad no aportaban a la estabilidad emocional, a pesar de que obviamente desde la Fiscal\u00edan hab\u00edan tratado de reasegurarnos a los testigos que finalmente hab\u00edamos decidido declarar&#8221;.<\/p>\n<\/div>\n<div class=\"bbc-1ka88fa ebmt73l0\" dir=\"ltr\">\n<figure class=\"bbc-1qdcvv9 e1aczekt0\">\n<div class=\"bbc-172p16q ebmt73l0\" dir=\"ltr\">\n<div class=\"bbc-172p16q ebmt73l0\" dir=\"ltr\">\n<div class=\"bbc-189y18v ebmt73l0\" dir=\"ltr\">\n<div class=\"bbc-997y1y eihqrxw0\" data-e2e=\"image-placeholder\">\n<div class=\"lazyload-wrapper \"><picture class=\"bbc-yfiktt e1mo64ex1\"><source srcset=\"https:\/\/ichef.bbci.co.uk\/news\/240\/cpsprodpb\/27E1\/production\/_126890201_argentina1985_peterlanzaniandricardodarin_rgb.jpg.webp 240w, https:\/\/ichef.bbci.co.uk\/news\/320\/cpsprodpb\/27E1\/production\/_126890201_argentina1985_peterlanzaniandricardodarin_rgb.jpg.webp 320w, https:\/\/ichef.bbci.co.uk\/news\/480\/cpsprodpb\/27E1\/production\/_126890201_argentina1985_peterlanzaniandricardodarin_rgb.jpg.webp 480w, https:\/\/ichef.bbci.co.uk\/news\/624\/cpsprodpb\/27E1\/production\/_126890201_argentina1985_peterlanzaniandricardodarin_rgb.jpg.webp 624w, https:\/\/ichef.bbci.co.uk\/news\/800\/cpsprodpb\/27E1\/production\/_126890201_argentina1985_peterlanzaniandricardodarin_rgb.jpg.webp 800w\" type=\"image\/webp\" sizes=\"(min-width: 1008px) 645px, 100vw\" \/><source srcset=\"https:\/\/ichef.bbci.co.uk\/news\/240\/cpsprodpb\/27E1\/production\/_126890201_argentina1985_peterlanzaniandricardodarin_rgb.jpg 240w, https:\/\/ichef.bbci.co.uk\/news\/320\/cpsprodpb\/27E1\/production\/_126890201_argentina1985_peterlanzaniandricardodarin_rgb.jpg 320w, https:\/\/ichef.bbci.co.uk\/news\/480\/cpsprodpb\/27E1\/production\/_126890201_argentina1985_peterlanzaniandricardodarin_rgb.jpg 480w, https:\/\/ichef.bbci.co.uk\/news\/624\/cpsprodpb\/27E1\/production\/_126890201_argentina1985_peterlanzaniandricardodarin_rgb.jpg 624w, https:\/\/ichef.bbci.co.uk\/news\/800\/cpsprodpb\/27E1\/production\/_126890201_argentina1985_peterlanzaniandricardodarin_rgb.jpg 800w\" type=\"image\/jpeg\" sizes=\"(min-width: 1008px) 645px, 100vw\" \/><img loading=\"lazy\" decoding=\"async\" class=\"e3vrtyk0 bbc-rb7xa0 e1mo64ex0\" src=\"https:\/\/ichef.bbci.co.uk\/news\/640\/cpsprodpb\/27E1\/production\/_126890201_argentina1985_peterlanzaniandricardodarin_rgb.jpg\" alt=\"Peter Lanzani y Ricardo Dar\u00edn\" width=\"976\" height=\"549\" \/><\/picture><\/div>\n<\/div>\n<\/div>\n<\/div>\n<\/div><figcaption class=\"bbc-rhuvwm e6i104o0\" dir=\"ltr\"><em>En la pel\u00edcula, Ricardo Dar\u00edn interpreta a Julio Strassera y Peter Lanzani a Luis Moreno Ocampo.<\/em><\/p>\n<\/figcaption><div class=\"bbc-172p16q ebmt73l0\" dir=\"ltr\">\n<div class=\"bbc-3edg7g ebmt73l0\" dir=\"ltr\"><\/div>\n<\/div>\n<\/figure>\n<\/div>\n<div class=\"bbc-19j92fr ebmt73l0\" dir=\"ltr\">\n<p class=\"bbc-hhl7in e17g058b0\" dir=\"ltr\">Aunque no siempre, como recuerda Moreno Ocampo, los intereses de unos coincid\u00edan con el dolor de los otros:<\/p>\n<\/div>\n<div class=\"bbc-19j92fr ebmt73l0\" dir=\"ltr\">\n<p class=\"bbc-hhl7in e17g058b0\" dir=\"ltr\">&#8220;Me acuerdo que uno de los chicos de la Fiscal\u00eda recibe a una se\u00f1ora que le explica que el oficial que se llev\u00f3 a su hijo le devolvi\u00f3 los restos en una bolsa, unos huesitos, y un documento que confirmaba que ellos hab\u00edan secuestrado a esa persona, lo cual era muy raro, y mientras ella lloraba el chico le dec\u00eda &#8216;se\u00f1ora, su caso es buen\u00edsimo&#8217;, porque est\u00e1bamos obsesionados con probar los hechos&#8221;.<\/p>\n<\/div>\n<div class=\"bbc-19j92fr ebmt73l0\" dir=\"ltr\">\n<h2 id=\"Nunca-m\u00e1s\" class=\"bbc-1f03ibc eglt09e0\" tabindex=\"-1\">&#8220;Nunca m\u00e1s&#8221;<\/h2>\n<\/div>\n<div class=\"bbc-19j92fr ebmt73l0\" dir=\"ltr\">\n<p class=\"bbc-hhl7in e17g058b0\" dir=\"ltr\">Tras los testimonios de los testigos en agosto, septiembre y octubre fueron los meses para los alegatos de la Fiscal\u00eda y de los abogados defensores.<\/p>\n<\/div>\n<div class=\"bbc-19j92fr ebmt73l0\" dir=\"ltr\">\n<p class=\"bbc-hhl7in e17g058b0\" dir=\"ltr\">En la memoria de los protagonistas del juicio, as\u00ed como en la pel\u00edcula, ocupa un lugar principal la persona de Julio C\u00e9sar Strassera y su discurso final con aquellas dos palabras finales &#8220;Nunca m\u00e1s&#8221;.<\/p>\n<\/div>\n<div class=\"bbc-19j92fr ebmt73l0\" dir=\"ltr\">\n<p class=\"bbc-hhl7in e17g058b0\" dir=\"ltr\">&#8220;Yo ten\u00eda al general Videla a un metro y medio y a (Emilio) Massera a tres metros, entonces era un momento \u00fanico porque yo sent\u00eda que habl\u00e1bamos en nombre de la sociedad argentina y le pod\u00edamos decir en la cara a estas personas lo que hab\u00edan hecho&#8221;, dice Moreno Ocampo y a\u00f1ade:<\/p>\n<\/div>\n<div class=\"bbc-19j92fr ebmt73l0\" dir=\"ltr\">\n<p class=\"bbc-hhl7in e17g058b0\" dir=\"ltr\">&#8220;Y despu\u00e9s Julio, que realmente en la sala de audiencias se transformaba, cerr\u00f3 su alegato de una forma que fue maravillosa y que conmovi\u00f3 a todo el mundo, cuando dijo &#8216;Se\u00f1ores jueces, nunca m\u00e1s&#8217;, la sala vibraba y la gente lloraba. Fue incre\u00edble&#8221;.<\/p>\n<\/div>\n<div class=\"e18mih2h1 bbc-9m7iam ebmt73l0\" dir=\"ltr\">\n<figure class=\"bbc-1qdcvv9 e1aczekt0\">\n<div class=\"bbc-vx18wi ebmt73l0\" dir=\"ltr\">\n<div class=\"bbc-vx18wi ebmt73l0\" dir=\"ltr\">\n<div class=\"bbc-rprdln ebmt73l0\" dir=\"ltr\">\n<div class=\"bbc-997y1y eihqrxw0\" data-e2e=\"image-placeholder\">\n<div class=\"lazyload-wrapper \"><picture class=\"bbc-yfiktt e1mo64ex1\"><source srcset=\"https:\/\/ichef.bbci.co.uk\/news\/240\/cpsprodpb\/AE79\/production\/_126856644_gettyimages-105650661.jpg.webp 240w, https:\/\/ichef.bbci.co.uk\/news\/320\/cpsprodpb\/AE79\/production\/_126856644_gettyimages-105650661.jpg.webp 320w, https:\/\/ichef.bbci.co.uk\/news\/412\/cpsprodpb\/AE79\/production\/_126856644_gettyimages-105650661.jpg.webp 412w\" type=\"image\/webp\" sizes=\"(min-width: 1008px) 645px, 100vw\" \/><source srcset=\"https:\/\/ichef.bbci.co.uk\/news\/240\/cpsprodpb\/AE79\/production\/_126856644_gettyimages-105650661.jpg 240w, https:\/\/ichef.bbci.co.uk\/news\/320\/cpsprodpb\/AE79\/production\/_126856644_gettyimages-105650661.jpg 320w, https:\/\/ichef.bbci.co.uk\/news\/412\/cpsprodpb\/AE79\/production\/_126856644_gettyimages-105650661.jpg 412w\" type=\"image\/jpeg\" sizes=\"(min-width: 1008px) 645px, 100vw\" \/><img loading=\"lazy\" decoding=\"async\" class=\"e3vrtyk0 bbc-rb7xa0 e1mo64ex0\" src=\"https:\/\/ichef.bbci.co.uk\/news\/640\/cpsprodpb\/AE79\/production\/_126856644_gettyimages-105650661.jpg\" alt=\"Comandantes militares juzgados\" width=\"412\" height=\"549\" \/><\/picture><\/div>\n<\/div>\n<\/div>\n<\/div>\n<\/div><figcaption class=\"bbc-rhuvwm e6i104o0\" dir=\"ltr\"><em>En el centro de la imagen dos de los comandantes m\u00e1s poderosos del gobierno militar, Rafael Videla (de lentes) y Emilio Massera (escribiendo).<\/em><\/p>\n<\/figcaption><div class=\"bbc-vx18wi ebmt73l0\" dir=\"ltr\">\n<div class=\"bbc-3edg7g ebmt73l0\" dir=\"ltr\"><\/div>\n<\/div>\n<\/figure>\n<\/div>\n<div class=\"bbc-19j92fr ebmt73l0\" dir=\"ltr\">\n<p class=\"bbc-hhl7in e17g058b0\" dir=\"ltr\">Para Arslani\u00e1n, el fiscal Strassera -interpretado por el actor Ricardo Dar\u00edn en el film- ten\u00eda, como dicen los franceses, el\u00a0<i class=\"bbc-h1y5j7 eih42320\">physique du role<\/i>\u00a0para asumir la funci\u00f3n que cumpl\u00eda en ese juicio oral: &#8220;Era un hombre culto y el cigarrillo le hab\u00eda dado un tono de voz que era extraordinariamente propicio para lo que estaba haciendo&#8221;.<\/p>\n<\/div>\n<div class=\"bbc-19j92fr ebmt73l0\" dir=\"ltr\">\n<p class=\"bbc-hhl7in e17g058b0\" dir=\"ltr\">Santiago Mitre, director de la pel\u00edcula &#8220;Argentina, 1985&#8221;, se\u00f1al\u00f3 a BBC Mundo que cuando empez\u00f3 a trabajar sobre de Strassera, &#8220;empezaron a aparecer un mont\u00f3n de condimentos porque era una persona muy particular y se pod\u00eda transformar en un personaje muy atractivo en una pel\u00edcula, esta personalidad un poco explosiva que ten\u00eda con su humor medio extra\u00f1o&#8221;.<\/p>\n<\/div>\n<div class=\"bbc-19j92fr ebmt73l0\" dir=\"ltr\">\n<p class=\"bbc-hhl7in e17g058b0\" dir=\"ltr\">Adem\u00e1s de las caracter\u00edsticas del fiscal, quien muri\u00f3 en febrero de 2015, el cineasta consider\u00f3 otro aspecto al momento de centrarse en los j\u00f3venes que eran los integrantes de la Fiscal\u00eda:\u00a0su audiencia.<\/p>\n<\/div>\n<div class=\"bbc-19j92fr ebmt73l0\" dir=\"ltr\">\n<h2 id=\"La-pel\u00edcula-y-la-memoria\" class=\"bbc-1f03ibc eglt09e0\" tabindex=\"-1\">La pel\u00edcula y la memoria<\/h2>\n<\/div>\n<div class=\"bbc-19j92fr ebmt73l0\" dir=\"ltr\">\n<p class=\"bbc-hhl7in e17g058b0\" dir=\"ltr\">&#8220;Hay generaciones en Argentina que nacieron dando por sentada la democracia. Y no recuerdan, no solo el juicio, sino que apenas recuerdan la dictadura y lo sienten como algo prehist\u00f3rico&#8221;, le dijo Mitre a BBC Mundo.<\/p>\n<\/div>\n<div class=\"bbc-19j92fr ebmt73l0\" dir=\"ltr\">\n<p class=\"bbc-hhl7in e17g058b0\" dir=\"ltr\">Para el director, en el pa\u00eds sudamericano se ve -como en otras partes del mundo- gente muy joven enarbolando discursos muy reaccionarios y casi reivindicativos de gobiernos dictatoriales.<\/p>\n<\/div>\n<div class=\"bbc-1ka88fa ebmt73l0\" dir=\"ltr\">\n<figure class=\"bbc-1qdcvv9 e1aczekt0\">\n<div class=\"bbc-172p16q ebmt73l0\" dir=\"ltr\">\n<div class=\"bbc-172p16q ebmt73l0\" dir=\"ltr\">\n<div class=\"bbc-189y18v ebmt73l0\" dir=\"ltr\">\n<div class=\"bbc-997y1y eihqrxw0\" data-e2e=\"image-placeholder\">\n<div class=\"lazyload-wrapper \"><picture class=\"bbc-yfiktt e1mo64ex1\"><source srcset=\"https:\/\/ichef.bbci.co.uk\/news\/240\/cpsprodpb\/FC99\/production\/_126856646_gettyimages-1420431741.jpg.webp 240w, https:\/\/ichef.bbci.co.uk\/news\/320\/cpsprodpb\/FC99\/production\/_126856646_gettyimages-1420431741.jpg.webp 320w, https:\/\/ichef.bbci.co.uk\/news\/480\/cpsprodpb\/FC99\/production\/_126856646_gettyimages-1420431741.jpg.webp 480w, https:\/\/ichef.bbci.co.uk\/news\/624\/cpsprodpb\/FC99\/production\/_126856646_gettyimages-1420431741.jpg.webp 624w, https:\/\/ichef.bbci.co.uk\/news\/800\/cpsprodpb\/FC99\/production\/_126856646_gettyimages-1420431741.jpg.webp 800w\" type=\"image\/webp\" sizes=\"(min-width: 1008px) 645px, 100vw\" \/><source srcset=\"https:\/\/ichef.bbci.co.uk\/news\/240\/cpsprodpb\/FC99\/production\/_126856646_gettyimages-1420431741.jpg 240w, https:\/\/ichef.bbci.co.uk\/news\/320\/cpsprodpb\/FC99\/production\/_126856646_gettyimages-1420431741.jpg 320w, https:\/\/ichef.bbci.co.uk\/news\/480\/cpsprodpb\/FC99\/production\/_126856646_gettyimages-1420431741.jpg 480w, https:\/\/ichef.bbci.co.uk\/news\/624\/cpsprodpb\/FC99\/production\/_126856646_gettyimages-1420431741.jpg 624w, https:\/\/ichef.bbci.co.uk\/news\/800\/cpsprodpb\/FC99\/production\/_126856646_gettyimages-1420431741.jpg 800w\" type=\"image\/jpeg\" sizes=\"(min-width: 1008px) 645px, 100vw\" \/><img loading=\"lazy\" decoding=\"async\" class=\"e3vrtyk0 bbc-rb7xa0 e1mo64ex0\" src=\"https:\/\/ichef.bbci.co.uk\/news\/640\/cpsprodpb\/FC99\/production\/_126856646_gettyimages-1420431741.jpg\" alt=\"Elenco de &quot;Argentina, 1985&quot;\" width=\"976\" height=\"549\" \/><\/picture><\/div>\n<\/div>\n<\/div>\n<\/div>\n<\/div><figcaption class=\"bbc-rhuvwm e6i104o0\" dir=\"ltr\"><em>Santiago Mitre (tercero de la izq.) con el elenco de la pel\u00edcula.<\/em><\/p>\n<\/figcaption><div class=\"bbc-172p16q ebmt73l0\" dir=\"ltr\">\n<div class=\"bbc-3edg7g ebmt73l0\" dir=\"ltr\"><\/div>\n<\/div>\n<\/figure>\n<\/div>\n<div class=\"bbc-19j92fr ebmt73l0\" dir=\"ltr\">\n<p class=\"bbc-hhl7in e17g058b0\" dir=\"ltr\">&#8220;La imagen de Strassera con su equipo de j\u00f3venes, la manera en la que organiz\u00f3 la investigaci\u00f3n teniendo que recurrir a gente joven porque la mayor\u00eda de los funcionarios de la Justicia no cre\u00edan o no quer\u00edan el juicio por desidia o por miedo o por adscripci\u00f3n en alg\u00fan en alg\u00fan caso, me pareci\u00f3 muy inspiradora sobre todo pensando en que esta pel\u00edcula ten\u00eda que hablarle a estos j\u00f3venes que recuerdan poco de la dictadura&#8221;.<\/p>\n<\/div>\n<div class=\"bbc-19j92fr ebmt73l0\" dir=\"ltr\">\n<p class=\"bbc-hhl7in e17g058b0\" dir=\"ltr\">&#8220;Si alguien ve esta pel\u00edcula y escucha el testimonio de Adriana Calvo de Laborde me parece que es dif\u00edcil que vuelva\u00a0a relativizar la democracia&#8221;, concluye el director.<\/p>\n<\/div>\n<div class=\"bbc-19j92fr ebmt73l0\" dir=\"ltr\">\n<p class=\"bbc-hhl7in e17g058b0\" dir=\"ltr\">Para Marcelo Pichel, &#8220;la pel\u00edcula puede ayudar pero no alcanza sola, lo que es fundamental es la educaci\u00f3n&#8221;.<\/p>\n<\/div>\n<div class=\"bbc-19j92fr ebmt73l0\" dir=\"ltr\">\n<p class=\"bbc-hhl7in e17g058b0\" dir=\"ltr\">&#8220;Hay una batalla cultural que se est\u00e1 perdiendo con el tiempo. La sociedad no logra dar respuesta. Alemania sigue hablando del nazismo en las escuelas. Yo creo que aqu\u00ed la educaci\u00f3n debe explicar lo que pas\u00f3 en la dictadura porque es la \u00fanica manera de no repetirla&#8221;, dice el periodista.<\/p>\n<\/div>\n<div class=\"bbc-19j92fr ebmt73l0\" dir=\"ltr\">\n<p class=\"bbc-hhl7in e17g058b0\" dir=\"ltr\">El 9 de diciembre de 1985 los jueces leyeron la sentencia por 709 casos presentados durane el juicio. Videla y Massera recibieron reclusi\u00f3n pepetua, Orlando Agosti fue condenado a cuatro a\u00f1os y seis meses de prisi\u00f3n, Roberto Viola recibi\u00f3 17 a\u00f1os y Armando Lambruschini ocho a\u00f1os. Fueron absueltos Omar Graffigna, Fortunato Galtieri, Jorge Anaya y Basilio Lami Dozo.<\/p>\n<\/div>\n<div class=\"bbc-19j92fr ebmt73l0\" dir=\"ltr\">\n<p class=\"bbc-hhl7in e17g058b0\" dir=\"ltr\">A\u00f1os despu\u00e9s, algunos de los condenados fueron indultados y algunos de los absueltos condenados, en causas por violaci\u00f3n de los derechos humanos que contin\u00faan hasta hoy en Argentina.<\/p>\n<\/div>\n","protected":false},"excerpt":{"rendered":"<p>&#8211; Unos d\u00edas antes del 22 de abril de 1985, el juez Ricardo Gil Lavedra se cruz\u00f3 con un colega en el Palacio de Tribunales&hellip;<\/p>\n","protected":false},"author":99,"featured_media":505742,"comment_status":"open","ping_status":"open","sticky":false,"template":"","format":"standard","meta":{"footnotes":""},"categories":[11358,23],"tags":[],"class_list":["post-505741","post","type-post","status-publish","format-standard","has-post-thumbnail","hentry","category-especiales","category-latinoamerica"],"_links":{"self":[{"href":"https:\/\/diarioelpopular.com\/index.php\/wp-json\/wp\/v2\/posts\/505741","targetHints":{"allow":["GET"]}}],"collection":[{"href":"https:\/\/diarioelpopular.com\/index.php\/wp-json\/wp\/v2\/posts"}],"about":[{"href":"https:\/\/diarioelpopular.com\/index.php\/wp-json\/wp\/v2\/types\/post"}],"author":[{"embeddable":true,"href":"https:\/\/diarioelpopular.com\/index.php\/wp-json\/wp\/v2\/users\/99"}],"replies":[{"embeddable":true,"href":"https:\/\/diarioelpopular.com\/index.php\/wp-json\/wp\/v2\/comments?post=505741"}],"version-history":[{"count":1,"href":"https:\/\/diarioelpopular.com\/index.php\/wp-json\/wp\/v2\/posts\/505741\/revisions"}],"predecessor-version":[{"id":505743,"href":"https:\/\/diarioelpopular.com\/index.php\/wp-json\/wp\/v2\/posts\/505741\/revisions\/505743"}],"wp:featuredmedia":[{"embeddable":true,"href":"https:\/\/diarioelpopular.com\/index.php\/wp-json\/wp\/v2\/media\/505742"}],"wp:attachment":[{"href":"https:\/\/diarioelpopular.com\/index.php\/wp-json\/wp\/v2\/media?parent=505741"}],"wp:term":[{"taxonomy":"category","embeddable":true,"href":"https:\/\/diarioelpopular.com\/index.php\/wp-json\/wp\/v2\/categories?post=505741"},{"taxonomy":"post_tag","embeddable":true,"href":"https:\/\/diarioelpopular.com\/index.php\/wp-json\/wp\/v2\/tags?post=505741"}],"curies":[{"name":"wp","href":"https:\/\/api.w.org\/{rel}","templated":true}]}}