{"id":505762,"date":"2022-09-30T09:09:53","date_gmt":"2022-09-30T13:09:53","guid":{"rendered":"https:\/\/diarioelpopular.com\/?p=505762"},"modified":"2022-09-30T09:09:53","modified_gmt":"2022-09-30T13:09:53","slug":"nicaragua-sigue-el-ataque-de-ortega-a-la-iglesia","status":"publish","type":"post","link":"https:\/\/diarioelpopular.com\/index.php\/2022\/09\/30\/nicaragua-sigue-el-ataque-de-ortega-a-la-iglesia\/","title":{"rendered":"Nicaragua: Sigue el ataque de Ortega a la Iglesia"},"content":{"rendered":"<p>&nbsp;<\/p>\n<p><img loading=\"lazy\" decoding=\"async\" class=\"alignnone size-custom-full-size wp-image-505763\" src=\"https:\/\/diarioelpopular.com\/wp-content\/uploads\/2022\/09\/32bcbb753a9a39598656eeec95500e41.jpg\" alt=\"\" width=\"476\" height=\"306\" srcset=\"https:\/\/diarioelpopular.com\/wp-content\/uploads\/2022\/09\/32bcbb753a9a39598656eeec95500e41.jpg 476w, https:\/\/diarioelpopular.com\/wp-content\/uploads\/2022\/09\/32bcbb753a9a39598656eeec95500e41-300x193.jpg 300w, https:\/\/diarioelpopular.com\/wp-content\/uploads\/2022\/09\/32bcbb753a9a39598656eeec95500e41-85x55.jpg 85w, https:\/\/diarioelpopular.com\/wp-content\/uploads\/2022\/09\/32bcbb753a9a39598656eeec95500e41-114x73.jpg 114w\" sizes=\"auto, (max-width: 476px) 100vw, 476px\" \/><\/p>\n<p><em>La iglesia de San Jer\u00f3nimo en Masaya, Nicaragua, rodeada de polic\u00edas. Reflejo de la actualidad del pa\u00eds.<\/em><\/p>\n<h2>Presidente habl\u00f3 de una &#8220;dictadura perfecta&#8221;.<\/h2>\n<p><em><strong>MANAGUA, 30 SET &#8211;<\/strong><\/em> La guerra de Nicaragua contra la Iglesia Cat\u00f3lica no conoce l\u00edmites, ahora el presidente Daniel Ortega define como &#8220;terroristas&#8221; y &#8220;golpistas&#8221; a los sacerdotes y hablara de &#8220;una dictadura perfecta&#8221; en las filas de ese culto.<br \/>\nUna declaraci\u00f3n dur\u00edsima, un cachetazo a la mano extendida del papa Francisco, que solo dos semanas atr\u00e1s hab\u00eda asegurado el inicio de &#8220;un di\u00e1logo&#8221; con Managua, al t\u00e9rmino de un a\u00f1o de crisis que condujo a arrestos y expulsiones de curas y religiosos.<br \/>\nLas violentas declaraciones del &#8220;due\u00f1o y se\u00f1or&#8221; de Nicaragua, en el poder desde 2007, son un modo enviar al remitente los llamados del mundo cat\u00f3lico al retorno de la democracia y poner fin a la represi\u00f3n contra el disenso en el pa\u00eds. Pedidos que, seg\u00fan el ejecutivo sandinista, son una moral que el Vaticano no deber\u00eda ejercer.<br \/>\n&#8220;Qui\u00e9n elige a los sacerdotes? Qui\u00e9n elige a los cardenales? Qui\u00e9n elige al Papa? Es una dictadura perfecta&#8221;, acus\u00f3 Ortega en un discurso en ocasi\u00f3n del 43 aniversario de la fundaci\u00f3n de la polic\u00eda.<br \/>\n&#8220;Dir\u00eda a Su Santidad el Papa, con gran respeto, a las autoridades cat\u00f3licas -yo soy cat\u00f3lico- como cristiano, no me siento representado&#8221;, agreg\u00f3, y se refiri\u00f3 a la &#8220;historia terrible&#8221; de la Iglesia, citando a la Inquisici\u00f3n y los abusos contra los ni\u00f1os ind\u00edgenas en Canad\u00e1.<br \/>\n&#8220;Los escuchamos hablar de democracia&#8221;, enfatiz\u00f3 Ortega, y solicit\u00f3 que el Papa sea electo por la gente, as\u00ed como sucede con un jefe de gobierno.<br \/>\nEmbestida que respondi\u00f3 el obispo auxiliar de la arquidi\u00f3cesis de Managua, Silvio B\u00e1ez: &#8220;Cu\u00e1nta ignorancia, cu\u00e1ntas mentiras y cu\u00e1nto cinismo! Un dictador que imparte lecciones de democracia&#8221;, escribi\u00f3 en un tuit el prelado, en el exilio desde 2019 por motivos de seguridad.<br \/>\nPero las duras afirmaciones de Ortega no son solamente el \u00faltimo cap\u00edtulo de las dif\u00edciles relaciones entre Managua y la Iglesia Cat\u00f3lica, acusada de apoyar a la oposici\u00f3n, tambi\u00e9n en los presuntos intentos de golpe.<br \/>\nEn marzo pasado, los sandinistas expulsaron del pa\u00eds al nuncio apost\u00f3lico Waldemar Stanislaw Sommertag y 18 monjas de la orden de las Misioneras de la Caridad, fundada por la Madre Teresa de Calcuta.<br \/>\nLas autoridades arrestaron a ocho sacerdotes, entre ellos el obispo Rolando Alvarez, y cerraron medios y radios cat\u00f3licos.<br \/>\nLas procesiones fueron prohibidas y, en algunos casos, ha habido restricciones para las misas.<br \/>\nNo obstante la represi\u00f3n, el Papa no desea cerrar la puerta a Managua, y no por casualidad, en el viaje de regreso de Kazajist\u00e1n, a mediados de setiembre, Francisco afirm\u00f3 que &#8220;hay di\u00e1logo&#8221; con el gobierno sandinista, &#8220;y con el di\u00e1logo&#8221; debemos &#8220;resolver los problemas&#8221;.<br \/>\nPero Ortega prefiere alimentar las tensiones, aisl\u00e1ndose m\u00e1s del resto del mundo, como testimonian noticias de prensa seg\u00fan las cuales la embajadora de la Uni\u00f3n Europea (UE), Bettina Muscheidt, habr\u00eda sido declarada persona non grata y expulsada.<br \/>\nUna circunstancia a\u00fan no confirmada por la Comisi\u00f3n Europea, pero que se lee como represalia por las peticiones de Bruselas, en la Asamblea de la ONU, para que se &#8220;ponga fin a la represi\u00f3n de los opositores pol\u00edticos&#8221; en Nicaragua.<\/p>\n","protected":false},"excerpt":{"rendered":"<p>&nbsp; La iglesia de San Jer\u00f3nimo en Masaya, Nicaragua, rodeada de polic\u00edas. Reflejo de la actualidad del pa\u00eds. Presidente habl\u00f3 de una &#8220;dictadura perfecta&#8221;. MANAGUA,&hellip;<\/p>\n","protected":false},"author":99,"featured_media":505763,"comment_status":"open","ping_status":"open","sticky":false,"template":"","format":"standard","meta":{"footnotes":""},"categories":[23],"tags":[],"class_list":["post-505762","post","type-post","status-publish","format-standard","has-post-thumbnail","hentry","category-latinoamerica"],"_links":{"self":[{"href":"https:\/\/diarioelpopular.com\/index.php\/wp-json\/wp\/v2\/posts\/505762","targetHints":{"allow":["GET"]}}],"collection":[{"href":"https:\/\/diarioelpopular.com\/index.php\/wp-json\/wp\/v2\/posts"}],"about":[{"href":"https:\/\/diarioelpopular.com\/index.php\/wp-json\/wp\/v2\/types\/post"}],"author":[{"embeddable":true,"href":"https:\/\/diarioelpopular.com\/index.php\/wp-json\/wp\/v2\/users\/99"}],"replies":[{"embeddable":true,"href":"https:\/\/diarioelpopular.com\/index.php\/wp-json\/wp\/v2\/comments?post=505762"}],"version-history":[{"count":1,"href":"https:\/\/diarioelpopular.com\/index.php\/wp-json\/wp\/v2\/posts\/505762\/revisions"}],"predecessor-version":[{"id":505764,"href":"https:\/\/diarioelpopular.com\/index.php\/wp-json\/wp\/v2\/posts\/505762\/revisions\/505764"}],"wp:featuredmedia":[{"embeddable":true,"href":"https:\/\/diarioelpopular.com\/index.php\/wp-json\/wp\/v2\/media\/505763"}],"wp:attachment":[{"href":"https:\/\/diarioelpopular.com\/index.php\/wp-json\/wp\/v2\/media?parent=505762"}],"wp:term":[{"taxonomy":"category","embeddable":true,"href":"https:\/\/diarioelpopular.com\/index.php\/wp-json\/wp\/v2\/categories?post=505762"},{"taxonomy":"post_tag","embeddable":true,"href":"https:\/\/diarioelpopular.com\/index.php\/wp-json\/wp\/v2\/tags?post=505762"}],"curies":[{"name":"wp","href":"https:\/\/api.w.org\/{rel}","templated":true}]}}