{"id":505765,"date":"2022-09-30T09:12:27","date_gmt":"2022-09-30T13:12:27","guid":{"rendered":"https:\/\/diarioelpopular.com\/?p=505765"},"modified":"2022-09-30T09:12:27","modified_gmt":"2022-09-30T13:12:27","slug":"mexico-el-peor-lugar-para-ser-ambientalista","status":"publish","type":"post","link":"https:\/\/diarioelpopular.com\/index.php\/2022\/09\/30\/mexico-el-peor-lugar-para-ser-ambientalista\/","title":{"rendered":"M\u00e9xico, el peor lugar para ser ambientalista"},"content":{"rendered":"<p>&nbsp;<\/p>\n<p><img loading=\"lazy\" decoding=\"async\" class=\"alignnone size-custom-full-size wp-image-505766\" src=\"https:\/\/diarioelpopular.com\/wp-content\/uploads\/2022\/09\/728dde2b959eb7334cb1d301e87de729.jpg\" alt=\"\" width=\"476\" height=\"317\" srcset=\"https:\/\/diarioelpopular.com\/wp-content\/uploads\/2022\/09\/728dde2b959eb7334cb1d301e87de729.jpg 476w, https:\/\/diarioelpopular.com\/wp-content\/uploads\/2022\/09\/728dde2b959eb7334cb1d301e87de729-300x200.jpg 300w, https:\/\/diarioelpopular.com\/wp-content\/uploads\/2022\/09\/728dde2b959eb7334cb1d301e87de729-110x73.jpg 110w\" sizes=\"auto, (max-width: 476px) 100vw, 476px\" \/><\/p>\n<p><em>Protestas por los asesinatos de ambientalistas en Guerrero, M\u00e9xico<\/em><\/p>\n<p>&nbsp;<\/p>\n<h4><em><strong>&#8211; El pa\u00eds lidera ranking mundial de asesinatos de activistas<\/strong><\/em><\/h4>\n<p><em><strong>CIUDAD DE MEXICO, 30 SET &#8211;<\/strong><\/em> M\u00e9xico fue el peor pa\u00eds para la defensa del ambiente durante 2021, al ubicarse en primer lugar en el ranking mundial de asesinatos de activistas sobre todo de la conservaci\u00f3n de los bosques y los recursos h\u00eddricos y minerales.<br \/>\nDe acuerdo con el reporte de la organizaci\u00f3n Global Witness (Testigo Global), durante el a\u00f1o pasado fueron asesinados 54 defensores de la ecolog\u00eda, superando a Colombia con 33, Brasil con 26, Filipinas con 19, Nicaragua con 15 e India con 14.<br \/>\nLa nota sobresaliente de la estad\u00edstica sobre el tema es que en M\u00e9xico casi la mitad de las v\u00edctimas eran ind\u00edgenas, y la mayor\u00eda de los ataques por conflictos de tierra y miner\u00eda ocurrieron en los estados de Oaxaca (sureste) y Sonora (noroeste).<br \/>\nEl relevamiento, titulado &#8220;Una d\u00e9cada de Desaf\u00edo: Diez a\u00f1os de informar sobre el activismo por la tierra y el medio ambiente en el mundo&#8221;, remarca el &#8220;n\u00famero desproporcionado de ataques&#8221; a activistas ambientales ind\u00edgenas a nivel mundial, en especial en M\u00e9xico, Colombia, Nicaragua, Per\u00fa y filipinas.<br \/>\nCon 154 activistas asesinados en una d\u00e9cada, la mayor\u00eda (131) en los \u00faltimos 4 a\u00f1os, M\u00e9xico sobresale por ser uno de los pa\u00edses m\u00e1s letales para quienes est\u00e1n preocupado por las acciones que destruyen el entorno y atentan contra los h\u00e1bitats ancestrales.<br \/>\nSeg\u00fan el reporte de Global Witness, con sede en Londres, algunos de los atentados contra los miembros de organizaciones civiles y ambientales que luchan contra la depredaci\u00f3n de los recursos naturales son perpetrados por organizaciones criminales como el C\u00e1rtel Jalisco Nueva Generaci\u00f3n.<br \/>\nEsta banda, dominante en el pa\u00eds, al desplazar al C\u00e1rtel de Sinaloa, cuyo l\u00edder Joaqu\u00edn &#8220;El Chapo&#8221; Guzm\u00e1n, fue condenado a 10 cadenas perpetuas por narcotr\u00e1fico en 2019 y actualmente purga su pena en una prisi\u00f3n de alta seguridad de Colorado, &#8220;ha desarrollado un inter\u00e9s en la miner\u00eda ilegal&#8221;, dice el informe.<br \/>\n&#8220;El grupo impone sus condiciones y violencia contra la comunidad ind\u00edgena con total impunidad y sin una respuesta adecuada por parte del Estado mexicano&#8221;, afirma Global Witness, que suele denunciar la corrupci\u00f3n y los conflictos pol\u00edticos que involucran las acciones contra la naturaleza.<br \/>\nEntre los casos que menciona el documento sobre M\u00e9xico sobresalen el de 10 hombres desaparecidos en julio de 2021 en territorio de la etnia yaqui, en el sur de Sonora.<br \/>\nEsta etnia ya hab\u00eda sido objeto de expoliaci\u00f3n durante la era de la dictadura de Porfirio D\u00edaz, que gobern\u00f3 m\u00e1s de 30 a\u00f1os con mano dura al pa\u00eds, antes de la guerra civil de 1910, y parte de sus miembros fueron esclavizados y desterrados a fincas henequeneras en el estado sure\u00f1o de Yucat\u00e1n para apoderarse de sus f\u00e9rtiles tierras.<br \/>\nEste fen\u00f3meno fue documentado por primera vez por el periodista estadounidense John Kenneth Turner, en el libro &#8220;M\u00e9xico B\u00e1rbaro&#8221;, que primero fue difundido como una serie de art\u00edculos para una revista independiente de su pa\u00eds y que se infiltr\u00f3 en ambientes de la oligarqu\u00eda mexicana, haci\u00e9ndose pasar por inversionista.<br \/>\nEn septiembre del a\u00f1o pasado, seis cuerpos de integrantes de la comunidad ind\u00edgena fueron hallados y los l\u00edderes sospechaban que los responsables eran grupos criminales, pero tambi\u00e9n aventuraron la hip\u00f3tesis de que los responsables ser\u00edan el gobierno y empresas interesadas en explotar los recursos bajo dominio yaqui.<br \/>\nSeg\u00fan Global Witness &#8220;las desapariciones forzadas de activistas ambientales est\u00e1n dirigidas a sembrar el temor entre familias y comunidades&#8221; y suelen ser &#8220;perpetradas por funcionarios estatales corruptos y grupos de la delincuencia organizada&#8221;.<br \/>\nLo peor de todo es que &#8220;la impunidad sigue siendo generalizada, con m\u00e1s de 94% de los delitos no informados y s\u00f3lo 0,90% resueltos&#8221;, indic\u00f3. El gobierno de M\u00e9xico requiere establecer &#8220;una hoja de ruta para la implementaci\u00f3n del Acuerdo de Escaz\u00fa, que incluya la coordinaci\u00f3n entre poderes del Estado y la generaci\u00f3n de pol\u00edticas y financiaci\u00f3n para garantizar la justicia ambiental&#8221;.<br \/>\nEl Acuerdo de Escaz\u00fa es el primer tratado ambiental de Am\u00e9rica Latina y el Caribe, que entr\u00f3 en vigencia el 22 de abril de 2021 y abarca un extenso abanico de temas como el Acceso a la Informaci\u00f3n, la Participaci\u00f3n P\u00fablica y el Acceso a la Justicia en Asuntos Ambientales en la regi\u00f3n.<\/p>\n","protected":false},"excerpt":{"rendered":"<p>&nbsp; Protestas por los asesinatos de ambientalistas en Guerrero, M\u00e9xico &nbsp; &#8211; El pa\u00eds lidera ranking mundial de asesinatos de activistas CIUDAD DE MEXICO, 30&hellip;<\/p>\n","protected":false},"author":99,"featured_media":505766,"comment_status":"open","ping_status":"open","sticky":false,"template":"","format":"standard","meta":{"footnotes":""},"categories":[23],"tags":[],"class_list":["post-505765","post","type-post","status-publish","format-standard","has-post-thumbnail","hentry","category-latinoamerica"],"_links":{"self":[{"href":"https:\/\/diarioelpopular.com\/index.php\/wp-json\/wp\/v2\/posts\/505765","targetHints":{"allow":["GET"]}}],"collection":[{"href":"https:\/\/diarioelpopular.com\/index.php\/wp-json\/wp\/v2\/posts"}],"about":[{"href":"https:\/\/diarioelpopular.com\/index.php\/wp-json\/wp\/v2\/types\/post"}],"author":[{"embeddable":true,"href":"https:\/\/diarioelpopular.com\/index.php\/wp-json\/wp\/v2\/users\/99"}],"replies":[{"embeddable":true,"href":"https:\/\/diarioelpopular.com\/index.php\/wp-json\/wp\/v2\/comments?post=505765"}],"version-history":[{"count":1,"href":"https:\/\/diarioelpopular.com\/index.php\/wp-json\/wp\/v2\/posts\/505765\/revisions"}],"predecessor-version":[{"id":505767,"href":"https:\/\/diarioelpopular.com\/index.php\/wp-json\/wp\/v2\/posts\/505765\/revisions\/505767"}],"wp:featuredmedia":[{"embeddable":true,"href":"https:\/\/diarioelpopular.com\/index.php\/wp-json\/wp\/v2\/media\/505766"}],"wp:attachment":[{"href":"https:\/\/diarioelpopular.com\/index.php\/wp-json\/wp\/v2\/media?parent=505765"}],"wp:term":[{"taxonomy":"category","embeddable":true,"href":"https:\/\/diarioelpopular.com\/index.php\/wp-json\/wp\/v2\/categories?post=505765"},{"taxonomy":"post_tag","embeddable":true,"href":"https:\/\/diarioelpopular.com\/index.php\/wp-json\/wp\/v2\/tags?post=505765"}],"curies":[{"name":"wp","href":"https:\/\/api.w.org\/{rel}","templated":true}]}}