{"id":505783,"date":"2022-10-01T11:28:51","date_gmt":"2022-10-01T15:28:51","guid":{"rendered":"https:\/\/diarioelpopular.com\/?p=505783"},"modified":"2022-10-01T11:28:51","modified_gmt":"2022-10-01T15:28:51","slug":"nicaragua-rompe-relaciones-los-paises-bajos","status":"publish","type":"post","link":"https:\/\/diarioelpopular.com\/index.php\/2022\/10\/01\/nicaragua-rompe-relaciones-los-paises-bajos\/","title":{"rendered":"Nicaragua rompe relaciones los Pa\u00edses Bajos"},"content":{"rendered":"<p><img loading=\"lazy\" decoding=\"async\" class=\"alignnone size-custom-full-size wp-image-505784\" src=\"https:\/\/diarioelpopular.com\/wp-content\/uploads\/2022\/10\/62196fb97ff13.r_1664613828783.0-63-3000-1562-636x318.jpg\" alt=\"\" width=\"636\" height=\"318\" srcset=\"https:\/\/diarioelpopular.com\/wp-content\/uploads\/2022\/10\/62196fb97ff13.r_1664613828783.0-63-3000-1562-636x318.jpg 636w, https:\/\/diarioelpopular.com\/wp-content\/uploads\/2022\/10\/62196fb97ff13.r_1664613828783.0-63-3000-1562-300x150.jpg 300w, https:\/\/diarioelpopular.com\/wp-content\/uploads\/2022\/10\/62196fb97ff13.r_1664613828783.0-63-3000-1562-768x384.jpg 768w, https:\/\/diarioelpopular.com\/wp-content\/uploads\/2022\/10\/62196fb97ff13.r_1664613828783.0-63-3000-1562-146x73.jpg 146w, https:\/\/diarioelpopular.com\/wp-content\/uploads\/2022\/10\/62196fb97ff13.r_1664613828783.0-63-3000-1562.jpg 950w\" sizes=\"auto, (max-width: 636px) 100vw, 636px\" \/><\/p>\n<div class=\"titulo-foto-bk credito-image-bk\"><em><span class=\"titulo\">Daniel Ortega, presidente de Nicaragua y uno de los principales aliados de Nic\u00f3las Maduro.<\/span><\/em><\/div>\n<p>&nbsp;<\/p>\n<p><strong><em>&#8211; El Ministerio de Relaciones Exteriores de este pa\u00eds comunic\u00f3 al Gobierno de Pa\u00edses Bajos la decisi\u00f3n.<\/em><\/strong><\/p>\n<p>El Gobierno de Nicaragua rompi\u00f3 este viernes las relaciones diplom\u00e1ticas con el del Reino de los Pa\u00edses Bajos\u00a0tras acusarlo de mantener una posici\u00f3n &#8220;injerencista, intervencionista y neocolonialista&#8221; con el pa\u00eds centroamericano.<\/p>\n<p>En una nota diplom\u00e1tica, el Ministerio de Relaciones Exteriores de Nicaragua comunic\u00f3 al Gobierno de Pa\u00edses Bajos su &#8220;decisi\u00f3n de descontinuar inmediatamente las relaciones diplom\u00e1ticas&#8221;, ante &#8220;la reiterada posici\u00f3n injerencista, intervencionista y neocolonialista del Reino de los Pa\u00edses Bajos&#8221;.<\/p>\n<p>Seg\u00fan Managua,\u00a0Pa\u00edses Bajos &#8220;ha ofendido y contin\u00faa ofendiendo a las familias nicarag\u00fcenses\u00a0con amenazas y suspensiones de obras de bien com\u00fan, como hospitales para comunidades originarias y afrodescendientes&#8221;.<\/p>\n<p>&#8220;Repudiamos y condenamos los agravios y cr\u00edmenes de esa Europa colonialista y neocolonialista frente a pa\u00edses codiciados y agredidos como el nuestro&#8221;, indic\u00f3 el Ministerio nicarag\u00fcense de Relaciones Exteriores en la nota suscrita por el canciller Denis Moncada.<\/p>\n<p>&#8220;La ofensiva permanente de la representaci\u00f3n, nada diplom\u00e1tica y violatoria de la Convenci\u00f3n de Viena, de ese Gobierno neo-colonial y pro-imperial, nos obliga a tomar esta medida que defendemos con el honor, la dignidad y el esp\u00edritu soberano que nos caracteriza&#8221;, a\u00f1adi\u00f3.<\/p>\n<p>El Gobierno sandinista sostuvo que &#8220;a los imperios y los colonialistas de la Tierra los conocemos, y nada ni nadie pueden hacer olvidar sus cr\u00edmenes de lesa humanidad&#8221;.<\/p>\n<p>Nicaragua tom\u00f3 esa decisi\u00f3n horas despu\u00e9s de que el presidente del pa\u00eds, Daniel Ortega, anunciara que su Gobierno no quer\u00eda tener lazos diplom\u00e1ticas con el Reino de los Pa\u00edses Bajos, al que calific\u00f3 de &#8220;intervencionista&#8221;.<\/p>\n<p>Durante un acto en ocasi\u00f3n del 43 aniversario de la Polic\u00eda Nacional y transmitido en cadena de radio y televisi\u00f3n, Ortega cont\u00f3 que el canciller Moncada recibi\u00f3 el jueves a la embajadora del Reino de los Pa\u00edses Bajos ante el Gobierno de Nicaragua, concurrente desde Costa Rica, Marie-Chr\u00edstine Th\u00e9odore Th\u00e9r\u00e9se Pirenne.<\/p>\n<p>&#8220;\u00bfQu\u00e9 fue lo que escuch\u00f3 (el canciller Moncada)?. La embajadora ven\u00eda a hablarle a los nicarag\u00fcenses como que Nicaragua era una colonia holandesa de aquellas que siguen teniendo en algunas regiones y las que ten\u00edan y se multiplicaban en la \u00e9poca que se multiplicaron las colonias en los pa\u00edses europeos&#8221;, afirm\u00f3 Ortega.<\/p>\n<p>El l\u00edder sandinista asegur\u00f3 que le dijeron &#8220;a la se\u00f1ora embajadora y que le decimos a ese Gobierno: se\u00f1ores, aqu\u00ed en esta tierra, en esta patria, se respeta nuestra bandera, la bandera azul y blanco que defendi\u00f3 nuestro general (Augusto C\u00e9sar) Sandino&#8221;, un h\u00e9roe nacionalista.<\/p>\n<p>Y el que viene aqu\u00ed a faltarle el respeto a nuestro pueblo, a nuestra patria, pues que no vuelva a aparecer por Nicaragua y no queremos relaciones con ese Gobierno intervencionista&#8221;, sentenci\u00f3.<\/p>\n<p>Asimismo,\u00a0Ortega record\u00f3 que en 2018 Pa\u00edses Bajos suspendi\u00f3 la construcci\u00f3n de un hospital en la ciudad de Bilwi, en el Caribe norte de Nicaragua, valorado en 21,5 millones de d\u00f3lares, con lo que, a su juicio, demostr\u00f3 su &#8220;miseria humana&#8221;.<\/p>\n<p>El Gobierno del Reino de los Pa\u00edses Bajos suspendi\u00f3 la cooperaci\u00f3n para la construcci\u00f3n de ese hospital en Nicaragua, debido a &#8220;las graves violaciones de derechos humanos cometidos por oficiales del Gobierno y grupos parapoliciales&#8221; en el marco de unas manifestaciones antigubernamentales.<\/p>\n<p>Nicaragua atraviesa una crisis pol\u00edtica y social desde abril de 2018, que se ha acentuado tras las controvertidas elecciones generales del pasado 7 de noviembre, en las que Ortega fue reelegido para un quinto mandato, cuarto consecutivo y segundo junto con su esposa, Rosario Murillo, como vicepresidenta, con sus principales contendientes en prisi\u00f3n.<\/p>\n<p>Ortega, pr\u00f3ximo a cumplir 77 a\u00f1os, lleva 15 a\u00f1os y 7 meses consecutivos en el poder, en medio de denuncias de autoritarismo y fraude electoral.<\/p>\n","protected":false},"excerpt":{"rendered":"<p>Daniel Ortega, presidente de Nicaragua y uno de los principales aliados de Nic\u00f3las Maduro. &nbsp; &#8211; El Ministerio de Relaciones Exteriores de este pa\u00eds comunic\u00f3&hellip;<\/p>\n","protected":false},"author":99,"featured_media":505784,"comment_status":"open","ping_status":"open","sticky":false,"template":"","format":"standard","meta":{"footnotes":""},"categories":[23],"tags":[],"class_list":["post-505783","post","type-post","status-publish","format-standard","has-post-thumbnail","hentry","category-latinoamerica"],"_links":{"self":[{"href":"https:\/\/diarioelpopular.com\/index.php\/wp-json\/wp\/v2\/posts\/505783","targetHints":{"allow":["GET"]}}],"collection":[{"href":"https:\/\/diarioelpopular.com\/index.php\/wp-json\/wp\/v2\/posts"}],"about":[{"href":"https:\/\/diarioelpopular.com\/index.php\/wp-json\/wp\/v2\/types\/post"}],"author":[{"embeddable":true,"href":"https:\/\/diarioelpopular.com\/index.php\/wp-json\/wp\/v2\/users\/99"}],"replies":[{"embeddable":true,"href":"https:\/\/diarioelpopular.com\/index.php\/wp-json\/wp\/v2\/comments?post=505783"}],"version-history":[{"count":1,"href":"https:\/\/diarioelpopular.com\/index.php\/wp-json\/wp\/v2\/posts\/505783\/revisions"}],"predecessor-version":[{"id":505785,"href":"https:\/\/diarioelpopular.com\/index.php\/wp-json\/wp\/v2\/posts\/505783\/revisions\/505785"}],"wp:featuredmedia":[{"embeddable":true,"href":"https:\/\/diarioelpopular.com\/index.php\/wp-json\/wp\/v2\/media\/505784"}],"wp:attachment":[{"href":"https:\/\/diarioelpopular.com\/index.php\/wp-json\/wp\/v2\/media?parent=505783"}],"wp:term":[{"taxonomy":"category","embeddable":true,"href":"https:\/\/diarioelpopular.com\/index.php\/wp-json\/wp\/v2\/categories?post=505783"},{"taxonomy":"post_tag","embeddable":true,"href":"https:\/\/diarioelpopular.com\/index.php\/wp-json\/wp\/v2\/tags?post=505783"}],"curies":[{"name":"wp","href":"https:\/\/api.w.org\/{rel}","templated":true}]}}