{"id":505816,"date":"2022-10-03T09:40:12","date_gmt":"2022-10-03T13:40:12","guid":{"rendered":"https:\/\/diarioelpopular.com\/?p=505816"},"modified":"2022-10-03T09:40:12","modified_gmt":"2022-10-03T13:40:12","slug":"resultados-elecciones-brasil-2022-lula-y-bolsonaro-definiran-la-presidencia-en-segunda-vuelta","status":"publish","type":"post","link":"https:\/\/diarioelpopular.com\/index.php\/2022\/10\/03\/resultados-elecciones-brasil-2022-lula-y-bolsonaro-definiran-la-presidencia-en-segunda-vuelta\/","title":{"rendered":"Resultados Elecciones Brasil 2022: Lula y Bolsonaro definir\u00e1n la Presidencia en segunda vuelta"},"content":{"rendered":"<p><img loading=\"lazy\" decoding=\"async\" class=\"alignnone size-custom-full-size wp-image-505817\" src=\"https:\/\/diarioelpopular.com\/wp-content\/uploads\/2022\/10\/MB2GESKI6VB3ZCBF4TWQYJN77Y-636x343.jpg\" alt=\"\" width=\"636\" height=\"343\" srcset=\"https:\/\/diarioelpopular.com\/wp-content\/uploads\/2022\/10\/MB2GESKI6VB3ZCBF4TWQYJN77Y-636x343.jpg 636w, https:\/\/diarioelpopular.com\/wp-content\/uploads\/2022\/10\/MB2GESKI6VB3ZCBF4TWQYJN77Y-300x162.jpg 300w, https:\/\/diarioelpopular.com\/wp-content\/uploads\/2022\/10\/MB2GESKI6VB3ZCBF4TWQYJN77Y-768x414.jpg 768w, https:\/\/diarioelpopular.com\/wp-content\/uploads\/2022\/10\/MB2GESKI6VB3ZCBF4TWQYJN77Y-135x73.jpg 135w, https:\/\/diarioelpopular.com\/wp-content\/uploads\/2022\/10\/MB2GESKI6VB3ZCBF4TWQYJN77Y.jpg 980w\" sizes=\"auto, (max-width: 636px) 100vw, 636px\" \/><\/p>\n<h4 class=\"sht__summary sht--w-list\"><em>&#8211; Lula da Silva lidera el resultado de las elecciones presidenciales de este domingo en Brasil, con 4 puntos de diferencia sobre el actual mandatario, Jair Bolsonaro, tras haberse escrutado el 99 % del total de votos<\/em><\/h4>\n<p>El expresidente\u00a0<a href=\"https:\/\/elcomercio.pe\/noticias\/lula-da-silva\/\" target=\"_blank\" rel=\"noopener\">Luiz In\u00e1cio Lula da Silva<\/a>, con el 48,41 % de los votos v\u00e1lidos en las elecciones de este domingo en\u00a0<a href=\"https:\/\/elcomercio.pe\/noticias\/brasil\/\" target=\"_blank\" rel=\"noopener\">Brasil<\/a>, tendr\u00e1 que definir la Presidencia en una segunda vuelta este 30 de octubre con el actual mandatario,\u00a0<a href=\"https:\/\/elcomercio.pe\/noticias\/jair-bolsonaro\/\" target=\"_blank\" rel=\"noopener\">Jair Bolsonaro<\/a>, que obtuvo el 43,22 %, seg\u00fan los datos oficiales. De acuerdo con el Tribunal Superior Electoral (TSE), tras haber sido escrutado el 99 %, ning\u00fan candidato consigui\u00f3 alcanzar m\u00e1s de la mitad de los votos, list\u00f3n que se necesitaba para garantizar la elecci\u00f3n sin necesidad de segunda vuelta.<\/p>\n<p class=\"story-contents__font-paragraph \">El resultado de la primera vuelta fue mucho m\u00e1s ajustado de lo que anticipaban los sondeos de intenci\u00f3n de voto, que situaban al expresidente 14 puntos por encima del l\u00edder de la ultraderecha e incluso contemplaban la posibilidad de que pudiera rebasar la mitad de los votos.<\/p>\n<p class=\"story-contents__font-paragraph \">Al final del recuento,\u00a0Lula se qued\u00f3 a menos de dos puntos (4,7 millones de votos) de un triunfo en primera vuelta,\u00a0pero la victoria tuvo un cierto sabor amargo por la inesperada demostraci\u00f3n de fuerza del bolsonarismo tanto a nivel nacional como regional.<\/p>\n<figure><picture><img loading=\"lazy\" decoding=\"async\" class=\"lazy story-contents__image w-full o-cover loaded\" src=\"https:\/\/elcomercio.pe\/resizer\/UtOPQAzdkTTqt93z8mRm6ydE-gA=\/620x0\/smart\/filters:format(jpeg):quality(75)\/cloudfront-us-east-1.images.arcpublishing.com\/elcomercio\/I55ESV3TBNGLJCLLHMMTJN7XBI.jpg\" alt=\"Luiz In\u00e1cio Lula da Silva levanta el pulgar en un colegio electoral antes de votar durante las elecciones legislativas y presidenciales en Brasil, el 2 de octubre de 2022. (NELSON ALMEIDA \/ AFP).\" width=\"1200\" height=\"800\" data-src=\"https:\/\/elcomercio.pe\/resizer\/UtOPQAzdkTTqt93z8mRm6ydE-gA=\/620x0\/smart\/filters:format(jpeg):quality(75)\/cloudfront-us-east-1.images.arcpublishing.com\/elcomercio\/I55ESV3TBNGLJCLLHMMTJN7XBI.jpg\" data-was-processed=\"true\" \/><\/picture><figcaption class=\"story-contents__caption\"><em>Luiz In\u00e1cio Lula da Silva levanta el pulgar en un colegio electoral antes de votar durante las elecciones legislativas y presidenciales en Brasil, el 2 de octubre de 2022. (NELSON ALMEIDA \/ AFP).<\/em><\/figcaption><\/figure>\n<figure><picture><source class=\"lazy\" srcset=\"https:\/\/elcomercio.pe\/resizer\/IQ-YkaYSAm6Tm7XfDguSSiUtJ7U=\/280x0\/smart\/filters:format(jpeg):quality(75)\/cloudfront-us-east-1.images.arcpublishing.com\/elcomercio\/IW37M6M3NBANZCNGWZHPW3YPWA.jpg\" media=\"(max-width: 360px)\" data-srcset=\"https:\/\/elcomercio.pe\/resizer\/IQ-YkaYSAm6Tm7XfDguSSiUtJ7U=\/280x0\/smart\/filters:format(jpeg):quality(75)\/cloudfront-us-east-1.images.arcpublishing.com\/elcomercio\/IW37M6M3NBANZCNGWZHPW3YPWA.jpg\" data-was-processed=\"true\" \/><source class=\"lazy\" srcset=\"https:\/\/elcomercio.pe\/resizer\/2LYSsstxLzuPtZ6kI5OeB6OSudI=\/482x0\/smart\/filters:format(jpeg):quality(75)\/cloudfront-us-east-1.images.arcpublishing.com\/elcomercio\/IW37M6M3NBANZCNGWZHPW3YPWA.jpg\" media=\"(max-width: 639px)\" data-srcset=\"https:\/\/elcomercio.pe\/resizer\/2LYSsstxLzuPtZ6kI5OeB6OSudI=\/482x0\/smart\/filters:format(jpeg):quality(75)\/cloudfront-us-east-1.images.arcpublishing.com\/elcomercio\/IW37M6M3NBANZCNGWZHPW3YPWA.jpg\" data-was-processed=\"true\" \/><img loading=\"lazy\" decoding=\"async\" class=\"lazy story-contents__image w-full o-cover loaded\" src=\"https:\/\/elcomercio.pe\/resizer\/sdsfCJXwxViHgJ-1lD345rhB-90=\/620x0\/smart\/filters:format(jpeg):quality(75)\/cloudfront-us-east-1.images.arcpublishing.com\/elcomercio\/IW37M6M3NBANZCNGWZHPW3YPWA.jpg\" alt=\"El presidente de Brasil y candidato a la reelecci\u00f3n, Jair Bolsonaro, observa el exterior del colegio electoral donde vot\u00f3 durante las elecciones legislativas y presidenciales, el 2 de octubre de 2022. (MAURO PIMENTEL \/ AFP).\" width=\"1200\" height=\"789\" data-src=\"https:\/\/elcomercio.pe\/resizer\/sdsfCJXwxViHgJ-1lD345rhB-90=\/620x0\/smart\/filters:format(jpeg):quality(75)\/cloudfront-us-east-1.images.arcpublishing.com\/elcomercio\/IW37M6M3NBANZCNGWZHPW3YPWA.jpg\" data-was-processed=\"true\" \/><\/picture><figcaption class=\"story-contents__caption\"><em>El presidente de Brasil y candidato a la reelecci\u00f3n, Jair Bolsonaro, observa el exterior del colegio electoral donde vot\u00f3 durante las elecciones legislativas y presidenciales, el 2 de octubre de 2022. (MAURO PIMENTEL \/ AFP).<\/em><\/figcaption><\/figure>\n<h2 class=\"story-contents__header\"><b>SONRISAS Y CARAS SERIAS<\/b><\/h2>\n<p class=\"story-contents__font-paragraph \">Tras conocerse los resultados, un<a href=\"https:\/\/elcomercio.pe\/mundo\/latinoamerica\/elecciones-brasil-2022-lula-da-silva-vamos-a-ganar-las-elecciones-esto-es-solo-una-prorroga-jair-bolsonaro-segunda-vuelta-30-de-octubre-noticia\/\" target=\"_blank\" rel=\"noopener\">\u00a0Lula sonriente afirm\u00f3 que ganar\u00e1 en la segunda vuelta\u00a0<\/a>y mostr\u00f3 confianza en que regresar\u00e1 a la jefatura del Estado que ostent\u00f3 entre 2003 y 2010.<\/p>\n<p class=\"story-contents__font-paragraph \">No obstante, consciente de que el triunfo fue m\u00e1s ajustado de lo esperado, Lula lo puso en perspectiva y record\u00f3 lo ocurrido en 2018, cuando sigui\u00f3 las elecciones desde la c\u00e1rcel, condenado por corrupci\u00f3n.<\/p>\n<div class=\"content_gpt_caja4\">\n<div id=\"gpt_caja4\" data-ads-name=\"\/28253241\/elcomercio\/web\/post\/mundo\/caja4\" data-ads-dimensions-m=\"[[300, 100], [320, 50], [300, 50], [320, 100], [300, 250]]\" data-bloque=\"3\" data-prebid-enabled=\"true\"><\/div>\n<\/div>\n<figure><picture><source class=\"lazy\" srcset=\"https:\/\/elcomercio.pe\/resizer\/ZeS1wLxKnT8hd6ZJLyyBUs-BSSM=\/280x0\/smart\/filters:format(jpeg):quality(75)\/cloudfront-us-east-1.images.arcpublishing.com\/elcomercio\/57RIV6VLUBHN7LUNZRGDG3FAK4.jpg\" media=\"(max-width: 360px)\" data-srcset=\"https:\/\/elcomercio.pe\/resizer\/ZeS1wLxKnT8hd6ZJLyyBUs-BSSM=\/280x0\/smart\/filters:format(jpeg):quality(75)\/cloudfront-us-east-1.images.arcpublishing.com\/elcomercio\/57RIV6VLUBHN7LUNZRGDG3FAK4.jpg\" data-was-processed=\"true\" \/><source class=\"lazy\" srcset=\"https:\/\/elcomercio.pe\/resizer\/sGh7ukok8QKlZnchCfqzM6Ae_cg=\/482x0\/smart\/filters:format(jpeg):quality(75)\/cloudfront-us-east-1.images.arcpublishing.com\/elcomercio\/57RIV6VLUBHN7LUNZRGDG3FAK4.jpg\" media=\"(max-width: 639px)\" data-srcset=\"https:\/\/elcomercio.pe\/resizer\/sGh7ukok8QKlZnchCfqzM6Ae_cg=\/482x0\/smart\/filters:format(jpeg):quality(75)\/cloudfront-us-east-1.images.arcpublishing.com\/elcomercio\/57RIV6VLUBHN7LUNZRGDG3FAK4.jpg\" data-was-processed=\"true\" \/><img loading=\"lazy\" decoding=\"async\" class=\"lazy story-contents__image w-full o-cover loaded\" src=\"https:\/\/elcomercio.pe\/resizer\/WVK6wRM3e48pTJVrX_yhcElu-J4=\/620x0\/smart\/filters:format(jpeg):quality(75)\/cloudfront-us-east-1.images.arcpublishing.com\/elcomercio\/57RIV6VLUBHN7LUNZRGDG3FAK4.jpg\" alt=\"La gente hace cola para votar durante las elecciones legislativas y presidenciales, en Sao Paulo, Brasil, el 2 de octubre de 2022. (MIGUEL SCHINCARIOL \/ AFP).\" width=\"1200\" height=\"800\" data-src=\"https:\/\/elcomercio.pe\/resizer\/WVK6wRM3e48pTJVrX_yhcElu-J4=\/620x0\/smart\/filters:format(jpeg):quality(75)\/cloudfront-us-east-1.images.arcpublishing.com\/elcomercio\/57RIV6VLUBHN7LUNZRGDG3FAK4.jpg\" data-was-processed=\"true\" \/><\/picture><figcaption class=\"story-contents__caption\"><em>La gente hace cola para votar durante las elecciones legislativas y presidenciales, en Sao Paulo, Brasil, el 2 de octubre de 2022. (MIGUEL SCHINCARIOL \/ AFP).<\/em><\/figcaption><\/figure>\n<figure><picture><source class=\"lazy\" srcset=\"https:\/\/elcomercio.pe\/resizer\/lNtK4J-GTJ-dOhe4Ep6tdt_4o6M=\/280x0\/smart\/filters:format(jpeg):quality(75)\/cloudfront-us-east-1.images.arcpublishing.com\/elcomercio\/R3RK4JLY6JEUDONOTULBRRRHGM.jpeg\" media=\"(max-width: 360px)\" data-srcset=\"https:\/\/elcomercio.pe\/resizer\/lNtK4J-GTJ-dOhe4Ep6tdt_4o6M=\/280x0\/smart\/filters:format(jpeg):quality(75)\/cloudfront-us-east-1.images.arcpublishing.com\/elcomercio\/R3RK4JLY6JEUDONOTULBRRRHGM.jpeg\" data-was-processed=\"true\" \/><source class=\"lazy\" srcset=\"https:\/\/elcomercio.pe\/resizer\/sLr0jHfHT9gHq4HtHQUa2aQEn6c=\/482x0\/smart\/filters:format(jpeg):quality(75)\/cloudfront-us-east-1.images.arcpublishing.com\/elcomercio\/R3RK4JLY6JEUDONOTULBRRRHGM.jpeg\" media=\"(max-width: 639px)\" data-srcset=\"https:\/\/elcomercio.pe\/resizer\/sLr0jHfHT9gHq4HtHQUa2aQEn6c=\/482x0\/smart\/filters:format(jpeg):quality(75)\/cloudfront-us-east-1.images.arcpublishing.com\/elcomercio\/R3RK4JLY6JEUDONOTULBRRRHGM.jpeg\" data-was-processed=\"true\" \/><img loading=\"lazy\" decoding=\"async\" class=\"lazy story-contents__image w-full o-cover loaded\" src=\"https:\/\/elcomercio.pe\/resizer\/xbpqVp5vhxj4EpLcVhuhdOMUlV4=\/620x0\/smart\/filters:format(jpeg):quality(75)\/cloudfront-us-east-1.images.arcpublishing.com\/elcomercio\/R3RK4JLY6JEUDONOTULBRRRHGM.jpeg\" alt=\"Votantes hacen fila en el barrio Mare en R\u00edo de Janeiro, Brasil, el domingo 2 de octubre de 2022. (Foto AP\/Matias Delacroix).\" width=\"1000\" height=\"667\" data-src=\"https:\/\/elcomercio.pe\/resizer\/xbpqVp5vhxj4EpLcVhuhdOMUlV4=\/620x0\/smart\/filters:format(jpeg):quality(75)\/cloudfront-us-east-1.images.arcpublishing.com\/elcomercio\/R3RK4JLY6JEUDONOTULBRRRHGM.jpeg\" data-was-processed=\"true\" \/><\/picture><figcaption class=\"story-contents__caption\"><em>Votantes hacen fila en el barrio Mare en R\u00edo de Janeiro, Brasil, el domingo 2 de octubre de 2022. (Foto AP\/Matias Delacroix).<\/em><\/figcaption><\/figure>\n<p class=\"story-contents__font-paragraph \">\u201cPara valorar lo de hoy hay que recordar lo que estaba ocurriendo hace cuatro a\u00f1os. Yo era visto como si fuera un ser humano fuera de la pol\u00edtica\u201d,\u00a0dijo\u00a0Lula.<\/p>\n<p class=\"story-contents__font-paragraph \">La situaci\u00f3n de\u00a0Lula\u00a0dio un giro en abril de 2021, cuando la Corte Suprema anul\u00f3 las dos condenas por las que cumpli\u00f3 580 d\u00edas de c\u00e1rcel y le devolvi\u00f3 los derechos pol\u00edticos, lo que le permiti\u00f3 volver a ser candidato.<\/p>\n<p class=\"story-contents__font-paragraph \"><a href=\"https:\/\/elcomercio.pe\/mundo\/latinoamerica\/elecciones-brasil-2022-jair-bolsonaro-dice-que-hay-voluntad-de-cambio-pero-confia-en-ganar-en-la-segunda-vuelta-lula-da-silva-30-de-octubre-noticia\/\" target=\"_blank\" rel=\"noopener\">Bolsonaro, en cambio, atendi\u00f3 a la prensa en Brasilia con gesto serio, reconociendo que existe una \u201cvoluntad de cambio\u201d<\/a>\u00a0en el electorado, aunque manifest\u00f3 confianza en la victoria el 30 de octubre.<\/p>\n<p class=\"story-contents__font-paragraph \">Una de las inc\u00f3gnitas en la jornada era si el l\u00edder de la ultraderecha reconocer\u00eda el resultado en el caso de no ganar los comicios, despu\u00e9s de haber liderado una campa\u00f1a sistem\u00e1tica para cuestionar la fiabilidad del sistema electoral.<\/p>\n<div class=\"content_gpt_caja5\">\n<div id=\"gpt_caja5\" data-ads-name=\"\/28253241\/elcomercio\/web\/post\/mundo\/caja5\" data-ads-dimensions-m=\"[[300, 100], [320, 50], [300, 50], [320, 100], [300, 250]]\" data-bloque=\"4\" data-prebid-enabled=\"true\"><\/div>\n<\/div>\n<figure><picture><source class=\"lazy\" srcset=\"https:\/\/elcomercio.pe\/resizer\/KMMRrnEGEFeXE9SsZ5NTOd0ZmEY=\/280x0\/smart\/filters:format(jpeg):quality(75)\/cloudfront-us-east-1.images.arcpublishing.com\/elcomercio\/YS6I2FJFARAL5NJEDS3ZXTXYGM.jpg\" media=\"(max-width: 360px)\" data-srcset=\"https:\/\/elcomercio.pe\/resizer\/KMMRrnEGEFeXE9SsZ5NTOd0ZmEY=\/280x0\/smart\/filters:format(jpeg):quality(75)\/cloudfront-us-east-1.images.arcpublishing.com\/elcomercio\/YS6I2FJFARAL5NJEDS3ZXTXYGM.jpg\" data-was-processed=\"true\" \/><source class=\"lazy\" srcset=\"https:\/\/elcomercio.pe\/resizer\/cfAPgYN_zGwfhl7WmEyui4-hXOQ=\/482x0\/smart\/filters:format(jpeg):quality(75)\/cloudfront-us-east-1.images.arcpublishing.com\/elcomercio\/YS6I2FJFARAL5NJEDS3ZXTXYGM.jpg\" media=\"(max-width: 639px)\" data-srcset=\"https:\/\/elcomercio.pe\/resizer\/cfAPgYN_zGwfhl7WmEyui4-hXOQ=\/482x0\/smart\/filters:format(jpeg):quality(75)\/cloudfront-us-east-1.images.arcpublishing.com\/elcomercio\/YS6I2FJFARAL5NJEDS3ZXTXYGM.jpg\" data-was-processed=\"true\" \/><img loading=\"lazy\" decoding=\"async\" class=\"lazy story-contents__image w-full o-cover loaded\" src=\"https:\/\/elcomercio.pe\/resizer\/VcIHgZwIA-GIPRm0TqxXmluMxA4=\/620x0\/smart\/filters:format(jpeg):quality(75)\/cloudfront-us-east-1.images.arcpublishing.com\/elcomercio\/YS6I2FJFARAL5NJEDS3ZXTXYGM.jpg\" alt=\"Lula da Silva (derecha), y el candidato a gobernador de Sao Paulo, Fernando Haddad (izquierda), saludan a sus seguidores durante un mitin de campa\u00f1a en Sao Paulo, Brasil, el 1 de octubre de 2022. (MIGUEL SCHINCARIOL \/ AFP).\" width=\"1200\" height=\"805\" data-src=\"https:\/\/elcomercio.pe\/resizer\/VcIHgZwIA-GIPRm0TqxXmluMxA4=\/620x0\/smart\/filters:format(jpeg):quality(75)\/cloudfront-us-east-1.images.arcpublishing.com\/elcomercio\/YS6I2FJFARAL5NJEDS3ZXTXYGM.jpg\" data-was-processed=\"true\" \/><\/picture><figcaption class=\"story-contents__caption\"><em>Lula da Silva (derecha), y el candidato a gobernador de Sao Paulo, Fernando Haddad (izquierda), saludan a sus seguidores durante un mitin de campa\u00f1a en Sao Paulo, Brasil, el 1 de octubre de 2022. (MIGUEL SCHINCARIOL \/ AFP).<\/em><\/figcaption><\/figure>\n<figure><picture><source class=\"lazy\" srcset=\"https:\/\/elcomercio.pe\/resizer\/0J4cAEeZPS4RXTkiRdQHmqjFxSE=\/280x0\/smart\/filters:format(jpeg):quality(75)\/cloudfront-us-east-1.images.arcpublishing.com\/elcomercio\/UTEEZ6NDVVCH5OSWS6IIWEVKVY.jpg\" media=\"(max-width: 360px)\" data-srcset=\"https:\/\/elcomercio.pe\/resizer\/0J4cAEeZPS4RXTkiRdQHmqjFxSE=\/280x0\/smart\/filters:format(jpeg):quality(75)\/cloudfront-us-east-1.images.arcpublishing.com\/elcomercio\/UTEEZ6NDVVCH5OSWS6IIWEVKVY.jpg\" data-was-processed=\"true\" \/><source class=\"lazy\" srcset=\"https:\/\/elcomercio.pe\/resizer\/z5CB7v5lEoeJM6MtKgt3ABPEMro=\/482x0\/smart\/filters:format(jpeg):quality(75)\/cloudfront-us-east-1.images.arcpublishing.com\/elcomercio\/UTEEZ6NDVVCH5OSWS6IIWEVKVY.jpg\" media=\"(max-width: 639px)\" data-srcset=\"https:\/\/elcomercio.pe\/resizer\/z5CB7v5lEoeJM6MtKgt3ABPEMro=\/482x0\/smart\/filters:format(jpeg):quality(75)\/cloudfront-us-east-1.images.arcpublishing.com\/elcomercio\/UTEEZ6NDVVCH5OSWS6IIWEVKVY.jpg\" data-was-processed=\"true\" \/><img loading=\"lazy\" decoding=\"async\" class=\"lazy story-contents__image w-full o-cover loaded\" src=\"https:\/\/elcomercio.pe\/resizer\/EENXazNComaTpz7_NRy89PdoFsg=\/620x0\/smart\/filters:format(jpeg):quality(75)\/cloudfront-us-east-1.images.arcpublishing.com\/elcomercio\/UTEEZ6NDVVCH5OSWS6IIWEVKVY.jpg\" alt=\"El presidente brasile\u00f1o y candidato a la reelecci\u00f3n, Jair Bolsonaro (centro), saluda a sus partidarios durante un mitin en el centro de la ciudad de Belem, estado de Par\u00e1, el 22 de septiembre de 2022. (Filipe BISPO \/ O Liberal \/ AFP).\" width=\"1200\" height=\"800\" data-src=\"https:\/\/elcomercio.pe\/resizer\/EENXazNComaTpz7_NRy89PdoFsg=\/620x0\/smart\/filters:format(jpeg):quality(75)\/cloudfront-us-east-1.images.arcpublishing.com\/elcomercio\/UTEEZ6NDVVCH5OSWS6IIWEVKVY.jpg\" data-was-processed=\"true\" \/><\/picture><figcaption class=\"story-contents__caption\"><em>El presidente brasile\u00f1o y candidato a la reelecci\u00f3n, Jair Bolsonaro (centro), saluda a sus partidarios durante un mitin en el centro de la ciudad de Belem, estado de Par\u00e1, el 22 de septiembre de 2022. (Filipe BISPO \/ O Liberal \/ AFP).<\/em><\/figcaption><\/figure>\n<p class=\"story-contents__font-paragraph \">Al comentar los resultados, no los puso en duda ni volvi\u00f3 a atacar al sistema electoral, pero s\u00ed aprovech\u00f3 para reiterar su desconfianza en las encuestas.<\/p>\n<h2 class=\"story-contents__header\"><b>UN RECUENTO DE INFARTO<\/b><\/h2>\n<p class=\"story-contents__font-paragraph \">El recuento mantuvo en vilo a los brasile\u00f1os. Bolsonaro estuvo por delante pr\u00e1cticamente desde el cierre de los colegios electorales, hasta que Lula obr\u00f3 el adelantamiento con el 70 % escrutado, tres horas despu\u00e9s del final de la jornada de votaci\u00f3n.<\/p>\n<figure><picture><source class=\"lazy\" srcset=\"https:\/\/elcomercio.pe\/resizer\/wAi9yhZPIV2ep_9kobCOfJeM9Hs=\/280x0\/smart\/filters:format(jpeg):quality(75)\/cloudfront-us-east-1.images.arcpublishing.com\/elcomercio\/F6SHPJDZ3FFVZH4ABL2CGZXPXQ.jpg\" media=\"(max-width: 360px)\" data-srcset=\"https:\/\/elcomercio.pe\/resizer\/wAi9yhZPIV2ep_9kobCOfJeM9Hs=\/280x0\/smart\/filters:format(jpeg):quality(75)\/cloudfront-us-east-1.images.arcpublishing.com\/elcomercio\/F6SHPJDZ3FFVZH4ABL2CGZXPXQ.jpg\" data-was-processed=\"true\" \/><source class=\"lazy\" srcset=\"https:\/\/elcomercio.pe\/resizer\/vlhVSBt8m8RaRoUR4KcNr1eSd_Q=\/482x0\/smart\/filters:format(jpeg):quality(75)\/cloudfront-us-east-1.images.arcpublishing.com\/elcomercio\/F6SHPJDZ3FFVZH4ABL2CGZXPXQ.jpg\" media=\"(max-width: 639px)\" data-srcset=\"https:\/\/elcomercio.pe\/resizer\/vlhVSBt8m8RaRoUR4KcNr1eSd_Q=\/482x0\/smart\/filters:format(jpeg):quality(75)\/cloudfront-us-east-1.images.arcpublishing.com\/elcomercio\/F6SHPJDZ3FFVZH4ABL2CGZXPXQ.jpg\" data-was-processed=\"true\" \/><img loading=\"lazy\" decoding=\"async\" class=\"lazy story-contents__image w-full o-cover loaded\" src=\"https:\/\/elcomercio.pe\/resizer\/Rd_wIc1kgN4mcGMk1ZeAWHP3DCU=\/620x0\/smart\/filters:format(jpeg):quality(75)\/cloudfront-us-east-1.images.arcpublishing.com\/elcomercio\/F6SHPJDZ3FFVZH4ABL2CGZXPXQ.jpg\" alt=\"Lula da Silva y Jair Bolsonaro. (AFP).\" width=\"1200\" height=\"1336\" data-src=\"https:\/\/elcomercio.pe\/resizer\/Rd_wIc1kgN4mcGMk1ZeAWHP3DCU=\/620x0\/smart\/filters:format(jpeg):quality(75)\/cloudfront-us-east-1.images.arcpublishing.com\/elcomercio\/F6SHPJDZ3FFVZH4ABL2CGZXPXQ.jpg\" data-was-processed=\"true\" \/><\/picture><figcaption class=\"story-contents__caption\"><em>Lula da Silva y Jair Bolsonaro. (AFP).<\/em><\/figcaption><\/figure>\n<p class=\"story-contents__font-paragraph \">En varias ciudades se oyeron gritos de alegr\u00eda cuando se produjo el adelantamiento, pero los \u00e1nimos de los seguidores de Lula se fueron enfriando conforme avanzaba el recuento y quedaba claro el panorama de una segunda vuelta, con fuerzas equilibradas.<\/p>\n<p class=\"story-contents__font-paragraph \">Los resultados confirmaron un hecho que se intu\u00eda desde antes del inicio de la campa\u00f1a: fueron unas de las elecciones m\u00e1s polarizadas de la democracia, puesto que los dos candidatos m\u00e1s votados acapararon el 91 % de los sufragios, un dato solo superado en 1994, cuando la suma de Fernando Henrique Cardoso y Lula lleg\u00f3 al 95 %.<\/p>\n<p class=\"story-contents__font-paragraph \">En tercera posici\u00f3n este domingo, a gran distancia, se materializ\u00f3 una sorpresa: la senadora Simone Tebet (4,1 %), abanderada de una coalici\u00f3n de centroderecha, adelant\u00f3 al laborista Ciro Gomes (3,0 %), quien se hundi\u00f3 despu\u00e9s de haber recibido el 12,4 % de los votos en 2018.<\/p>\n<p class=\"story-contents__font-paragraph \">La abstenci\u00f3n fue del 20,94 %, ligeramente superior al dato de hace cuatro a\u00f1os (20,30 %).<\/p>\n<p class=\"story-contents__font-paragraph \">La jornada de votaci\u00f3n transcurri\u00f3 con tranquilidad en todo el pa\u00eds, y tan solo se registraron algunos incidentes aislados, incluyendo 366 detenciones relacionadas con 1.188 delitos electorales, seg\u00fan datos del Ministerio de Justicia.<\/p>\n<h2 class=\"story-contents__header\"><b>LA FUERZA REGIONAL DE BOLSONARO<\/b><\/h2>\n<p class=\"story-contents__font-paragraph \">Los brasile\u00f1os tambi\u00e9n renovaron este domingo los gobiernos regionales y el Congreso Nacional, pero la composici\u00f3n de la C\u00e1mara de Diputados solo se conocer\u00e1 el lunes.<\/p>\n<p class=\"story-contents__font-paragraph \">A nivel regional, el bolsonarismo eligi\u00f3 gobernadores en tres estados importantes (R\u00edo de Janeiro, Brasilia y Paran\u00e1) y obtuvo un gran resultado en Sao Paulo, el estado m\u00e1s rico y poblado del pa\u00eds, con 46 millones de habitantes.<\/p>\n<p class=\"story-contents__font-paragraph \">El resultado m\u00e1s sorprendente fue precisamente el de Sao Paulo, donde contra todo pron\u00f3stico, el exministro bolsonarista Tarc\u00edsio de Freitas qued\u00f3 en primer lugar (42 %), por delante de Fernando Haddad (35 %), candidato apoyado por Lula, en una disputa que se resolver\u00e1 tambi\u00e9n dentro de cuatro semanas.<\/p>\n<p>El resultado es todo un rev\u00e9s para el partido de Lula, porque Haddad lideraba los sondeos con holgura y porque demuestra la gran influencia de Bolsonaro en la regi\u00f3n, puesto que el candidato a gobernador era poco conocido por el electorado y ni siquiera naci\u00f3 en esta regi\u00f3n.<\/p>\n<p>En R\u00edo de Janeiro, cuna pol\u00edtica de Bolsonaro, result\u00f3 reelegido el gobernador Cl\u00e1udio Castro, con el 58 % de los votos, un resultado contundente, muy superior al que vaticinaban las encuestas, y que dobl\u00f3 los votos del candidato apoyado por Lula, Marcelo Freixo.<\/p>\n<p>&nbsp;<\/p>\n","protected":false},"excerpt":{"rendered":"<p>&#8211; Lula da Silva lidera el resultado de las elecciones presidenciales de este domingo en Brasil, con 4 puntos de diferencia sobre el actual mandatario,&hellip;<\/p>\n","protected":false},"author":99,"featured_media":505817,"comment_status":"open","ping_status":"open","sticky":false,"template":"","format":"standard","meta":{"footnotes":""},"categories":[23],"tags":[],"class_list":["post-505816","post","type-post","status-publish","format-standard","has-post-thumbnail","hentry","category-latinoamerica"],"_links":{"self":[{"href":"https:\/\/diarioelpopular.com\/index.php\/wp-json\/wp\/v2\/posts\/505816","targetHints":{"allow":["GET"]}}],"collection":[{"href":"https:\/\/diarioelpopular.com\/index.php\/wp-json\/wp\/v2\/posts"}],"about":[{"href":"https:\/\/diarioelpopular.com\/index.php\/wp-json\/wp\/v2\/types\/post"}],"author":[{"embeddable":true,"href":"https:\/\/diarioelpopular.com\/index.php\/wp-json\/wp\/v2\/users\/99"}],"replies":[{"embeddable":true,"href":"https:\/\/diarioelpopular.com\/index.php\/wp-json\/wp\/v2\/comments?post=505816"}],"version-history":[{"count":1,"href":"https:\/\/diarioelpopular.com\/index.php\/wp-json\/wp\/v2\/posts\/505816\/revisions"}],"predecessor-version":[{"id":505818,"href":"https:\/\/diarioelpopular.com\/index.php\/wp-json\/wp\/v2\/posts\/505816\/revisions\/505818"}],"wp:featuredmedia":[{"embeddable":true,"href":"https:\/\/diarioelpopular.com\/index.php\/wp-json\/wp\/v2\/media\/505817"}],"wp:attachment":[{"href":"https:\/\/diarioelpopular.com\/index.php\/wp-json\/wp\/v2\/media?parent=505816"}],"wp:term":[{"taxonomy":"category","embeddable":true,"href":"https:\/\/diarioelpopular.com\/index.php\/wp-json\/wp\/v2\/categories?post=505816"},{"taxonomy":"post_tag","embeddable":true,"href":"https:\/\/diarioelpopular.com\/index.php\/wp-json\/wp\/v2\/tags?post=505816"}],"curies":[{"name":"wp","href":"https:\/\/api.w.org\/{rel}","templated":true}]}}