{"id":505861,"date":"2022-10-04T10:56:51","date_gmt":"2022-10-04T14:56:51","guid":{"rendered":"https:\/\/diarioelpopular.com\/?p=505861"},"modified":"2022-10-04T10:56:51","modified_gmt":"2022-10-04T14:56:51","slug":"el-santuario-de-napo-tigre-la-reserva-indigena-en-la-amazonia-que-enfrenta-a-peru-con-una-gran-petrolera-franco-britanica","status":"publish","type":"post","link":"https:\/\/diarioelpopular.com\/index.php\/2022\/10\/04\/el-santuario-de-napo-tigre-la-reserva-indigena-en-la-amazonia-que-enfrenta-a-peru-con-una-gran-petrolera-franco-britanica\/","title":{"rendered":"El santuario de Napo-Tigre, la reserva ind\u00edgena en la Amazon\u00eda que enfrenta a Per\u00fa con una gran petrolera franco-brit\u00e1nica"},"content":{"rendered":"<h4><img loading=\"lazy\" decoding=\"async\" class=\"alignnone size-custom-full-size wp-image-505862\" src=\"https:\/\/diarioelpopular.com\/wp-content\/uploads\/2022\/10\/126736380_gettyimages-582744635.jpg.webp_-636x358.jpg\" alt=\"\" width=\"636\" height=\"358\" srcset=\"https:\/\/diarioelpopular.com\/wp-content\/uploads\/2022\/10\/126736380_gettyimages-582744635.jpg.webp_-636x358.jpg 636w, https:\/\/diarioelpopular.com\/wp-content\/uploads\/2022\/10\/126736380_gettyimages-582744635.jpg.webp_-300x169.jpg 300w, https:\/\/diarioelpopular.com\/wp-content\/uploads\/2022\/10\/126736380_gettyimages-582744635.jpg.webp_-768x432.jpg 768w, https:\/\/diarioelpopular.com\/wp-content\/uploads\/2022\/10\/126736380_gettyimages-582744635.jpg.webp_-130x73.jpg 130w, https:\/\/diarioelpopular.com\/wp-content\/uploads\/2022\/10\/126736380_gettyimages-582744635.jpg.webp_.jpg 800w\" sizes=\"auto, (max-width: 636px) 100vw, 636px\" \/><\/h4>\n<p><em>La ley peruana prev\u00e9 una protecci\u00f3n especial para los ind\u00edgenas no contactados.<\/em><\/p>\n<p>&nbsp;<\/p>\n<h4 id=\"p707209-m1032-1031-1033\" class=\"article-epigraph\"><em>&#8211; Gobierno peruano reconoci\u00f3 la presencia de pueblos ind\u00edgenas en la zona. Empresa Perenco lo niega.\u00a0<\/em><\/h4>\n<p>&nbsp;<\/p>\n<p id=\"p707209-m1050-1049-1051\" class=\"contenido\">Llev\u00f3 mucho tiempo responder a la pregunta: \u00bfViven pueblos ind\u00edgenas no contactados en la zona de Napo Tigre, en la Amazon\u00eda peruana?<\/p>\n<p id=\"p707209-m1056-1-1057\" class=\"contenido\">Despu\u00e9s de veinte a\u00f1os de insistencia de diferentes organizaciones,\u00a0el Estado peruano reconoci\u00f3 la presencia de pueblos ind\u00edgenas en aislamiento en esta zona del departamento de Loreto\u00a0mediante un Decreto Supremo emitido el 1 de septiembre.<\/p>\n<p id=\"p707209-m1062-2-1063\" class=\"contenido\">La resoluci\u00f3n abre la puerta a la creaci\u00f3n de la Reserva Ind\u00edgena de Napo, Tigre y afluentes, una vieja reivindicaci\u00f3n de organizaciones ind\u00edgenas y de grupos conservacionistas en el pa\u00eds que, como establece la ley peruana, supondr\u00eda la m\u00e1xima protecci\u00f3n para el territorio y sus moradores, e implicar\u00eda el fin de las actividades extractivas en la zona, entre otras medidas.<\/p>\n<p id=\"p707209-m1068-3-1069\" class=\"contenido\">Carolina Pinedo, directora general de Derechos de los Pueblos Ind\u00edgenas del gobierno peruano, le dijo a BBC Mundo que el reconocimiento\u00a0<i>&#8220;supone un hito hist\u00f3rico que permitir\u00e1 la protecci\u00f3n de los derechos de los no contactados y es el paso previo a la creaci\u00f3n de la reserva<\/i>&#8220;.<\/p>\n<div class=\"bbc-19j92fr ebmt73l0\" dir=\"ltr\">\n<p class=\"bbc-hhl7in e17g058b0\" dir=\"ltr\">Pero la petrolera franco-brit\u00e1nica Perenco, que explota una concesi\u00f3n en la zona, se opone y<b>\u00a0ha demandado al gobierno peruano<\/b>. Niega que all\u00ed haya ind\u00edgenas en aislamiento.<\/p>\n<\/div>\n<div class=\"bbc-1n4f7vm ebmt73l0\" dir=\"ltr\"><\/div>\n<div class=\"bbc-19j92fr ebmt73l0\" dir=\"ltr\">\n<p class=\"bbc-hhl7in e17g058b0\" dir=\"ltr\">Grupos locales que propugnan una &#8220;Amazon\u00eda productiva&#8221; tambi\u00e9n se oponen y reclaman incluso la abolici\u00f3n de la ley que ampara a los pueblos no contactados o en contacto inicial, como los denomina la ley.<\/p>\n<\/div>\n<div class=\"bbc-19j92fr ebmt73l0\" dir=\"ltr\">\n<p class=\"bbc-hhl7in e17g058b0\" dir=\"ltr\">El pulso supone un nuevo litigio entre el Estado peruano y compa\u00f1\u00edas extranjeras, con las que el presidente Pedro Castillo prometi\u00f3 una relaci\u00f3n m\u00e1s justa en la campa\u00f1a electoral.<\/p>\n<\/div>\n<div class=\"bbc-19j92fr ebmt73l0\" dir=\"ltr\">\n<p class=\"bbc-hhl7in e17g058b0\" dir=\"ltr\">\u00bfQu\u00e9 hay detr\u00e1s de esta batalla legal?<\/p>\n<\/div>\n<div class=\"bbc-19j92fr ebmt73l0\" dir=\"ltr\">\n<h4 id=\"Qui\u00e9nes-son-los-no-contactados-y-c\u00f3mo-se-sabe-que-est\u00e1n-all\u00ed\" class=\"bbc-1f03ibc eglt09e0\" tabindex=\"-1\"><em>Qui\u00e9nes son los no contactados y c\u00f3mo se sabe que est\u00e1n all\u00ed<\/em><\/h4>\n<\/div>\n<div class=\"bbc-19j92fr ebmt73l0\" dir=\"ltr\">\n<p class=\"bbc-hhl7in e17g058b0\" dir=\"ltr\">En el decreto, el gobierno peruano reconoci\u00f3 la existencia de los pueblos ind\u00edgenas Aewa, Taushiro, Tagaeri, Taromenane y Z\u00e1paro en el &#8220;\u00e1mbito&#8221; de la solicitud para la creaci\u00f3n de la Reserva Ind\u00edgena de Napo, Tigre y Afluentes, en el departamento de Loreto.<\/p>\n<\/div>\n<div class=\"bbc-19j92fr ebmt73l0\" dir=\"ltr\">\n<p class=\"bbc-hhl7in e17g058b0\" dir=\"ltr\">El decreto da validez a las conclusiones del Estudio Previo de Reconocimiento, elaborado por un\u00a0equipo multidisciplinarpara determinar la existencia de pueblos no contactados en la zona, requisito para la creaci\u00f3n de la reserva ind\u00edgena, una vieja reivindicaci\u00f3n de organizaciones ind\u00edgenas y conservacionistas.<\/p>\n<\/div>\n<div class=\"bbc-19j92fr ebmt73l0\" dir=\"ltr\">\n<p class=\"bbc-hhl7in e17g058b0\" dir=\"ltr\">El antrop\u00f3logo Fritz Villasante, uno de los expertos que elabor\u00f3 el estudio, le dijo a BBC Mundo que &#8220;el estudio culmina un trabajo que comenz\u00f3 en 2003, cuando identificamos los primeros testimonios sobre la posible presencia de pueblos no contactados o en contacto inicial en la zona&#8221;,.<\/p>\n<\/div>\n<div class=\"bbc-1ka88fa ebmt73l0\" dir=\"ltr\">\n<figure class=\"bbc-1qdcvv9 e1aczekt0\">\n<div class=\"bbc-172p16q ebmt73l0\" dir=\"ltr\">\n<div class=\"bbc-172p16q ebmt73l0\" dir=\"ltr\">\n<div class=\"bbc-189y18v ebmt73l0\" dir=\"ltr\">\n<div class=\"bbc-997y1y eihqrxw0\" data-e2e=\"image-placeholder\">\n<div class=\"lazyload-wrapper \"><picture class=\"bbc-yfiktt e1mo64ex1\"><source srcset=\"https:\/\/ichef.bbci.co.uk\/news\/240\/cpsprodpb\/47BB\/production\/_126736381_malocasriisconahuavista2.jpg.webp 240w, https:\/\/ichef.bbci.co.uk\/news\/320\/cpsprodpb\/47BB\/production\/_126736381_malocasriisconahuavista2.jpg.webp 320w, https:\/\/ichef.bbci.co.uk\/news\/480\/cpsprodpb\/47BB\/production\/_126736381_malocasriisconahuavista2.jpg.webp 480w, https:\/\/ichef.bbci.co.uk\/news\/624\/cpsprodpb\/47BB\/production\/_126736381_malocasriisconahuavista2.jpg.webp 624w, https:\/\/ichef.bbci.co.uk\/news\/800\/cpsprodpb\/47BB\/production\/_126736381_malocasriisconahuavista2.jpg.webp 800w\" type=\"image\/webp\" sizes=\"(min-width: 1008px) 645px, 100vw\" \/><source srcset=\"https:\/\/ichef.bbci.co.uk\/news\/240\/cpsprodpb\/47BB\/production\/_126736381_malocasriisconahuavista2.jpg 240w, https:\/\/ichef.bbci.co.uk\/news\/320\/cpsprodpb\/47BB\/production\/_126736381_malocasriisconahuavista2.jpg 320w, https:\/\/ichef.bbci.co.uk\/news\/480\/cpsprodpb\/47BB\/production\/_126736381_malocasriisconahuavista2.jpg 480w, https:\/\/ichef.bbci.co.uk\/news\/624\/cpsprodpb\/47BB\/production\/_126736381_malocasriisconahuavista2.jpg 624w, https:\/\/ichef.bbci.co.uk\/news\/800\/cpsprodpb\/47BB\/production\/_126736381_malocasriisconahuavista2.jpg 800w\" type=\"image\/jpeg\" sizes=\"(min-width: 1008px) 645px, 100vw\" \/><img loading=\"lazy\" decoding=\"async\" class=\"e3vrtyk0 bbc-rb7xa0 e1mo64ex0\" src=\"https:\/\/ichef.bbci.co.uk\/news\/640\/cpsprodpb\/47BB\/production\/_126736381_malocasriisconahuavista2.jpg\" alt=\"Vista a\u00e9rea de chozas en la Amazon\u00eda.\" width=\"976\" height=\"549\" \/><\/picture><\/div>\n<\/div>\n<\/div>\n<\/div>\n<\/div><figcaption class=\"bbc-rhuvwm e6i104o0\" dir=\"ltr\"><em>Se han encontrado chozas que se cree pertenecen a los ind\u00edgenas no contactados.<\/em><\/p>\n<\/figcaption><div class=\"bbc-172p16q ebmt73l0\" dir=\"ltr\">\n<div class=\"bbc-3edg7g ebmt73l0\" dir=\"ltr\"><\/div>\n<\/div>\n<\/figure>\n<\/div>\n<div class=\"bbc-19j92fr ebmt73l0\" dir=\"ltr\">\n<p class=\"bbc-hhl7in e17g058b0\" dir=\"ltr\">El experto explic\u00f3 que los testimonios orales son claves en este tipo de estudios, pero hay otros indicios, como las huellas. &#8220;Se sabe que los pueblos en aislamiento suelen tener los pies m\u00e1s grandes y m\u00e1s anchos, y van siempre descalzos&#8221;. En Napo-Tigre, se encontraron tambi\u00e9n malocas, chozas construidas y ocupadas temporalmente por los ind\u00edgenas.<\/p>\n<\/div>\n<div class=\"bbc-19j92fr ebmt73l0\" dir=\"ltr\">\n<p class=\"bbc-hhl7in e17g058b0\" dir=\"ltr\">Villasante admite que &#8220;se sabe muy poco&#8221; de los no contactados de Napo-Tigre, pero el estudio permiti\u00f3\u00a0concluir la presencia en el \u00e1rea de grupos de cazadores-recolectores\u00a0que viven alejados de cualquier comunidad estable y se desplazan por un amplio territorio de esta zona amaz\u00f3nica y casi virgen.<\/p>\n<\/div>\n<div class=\"bbc-19j92fr ebmt73l0\" dir=\"ltr\">\n<p class=\"bbc-hhl7in e17g058b0\" dir=\"ltr\">En ella obtienen vegetales y frutos, y cazan monos y aves como el paujil, los ingredientes b\u00e1sicos de su dieta.<\/p>\n<\/div>\n<div class=\"bbc-19j92fr ebmt73l0\" dir=\"ltr\">\n<p class=\"bbc-hhl7in e17g058b0\" dir=\"ltr\">&#8220;El reconocimiento representa un gran avance para nosotros, porque es algo por lo que hemos venido luchando durante a\u00f1os&#8221;, le dijo a BBC Mundo Jos\u00e9 Murayari, de la Organizaci\u00f3n Regional de los Pueblos Ind\u00edgenas del Oriente (Orpio).<\/p>\n<\/div>\n<div class=\"bbc-sffzb7 e1hrqbfn0\">\n<div class=\"bbc-1ka88fa ebmt73l0\" dir=\"ltr\">\n<figure class=\"bbc-1qdcvv9 e1aczekt0\">\n<div class=\"bbc-172p16q ebmt73l0\" dir=\"ltr\">\n<div class=\"bbc-172p16q ebmt73l0\" dir=\"ltr\">\n<div class=\"bbc-189y18v ebmt73l0\" dir=\"ltr\">\n<div class=\"bbc-997y1y eihqrxw0\" data-e2e=\"image-placeholder\">\n<div class=\"lazyload-wrapper \"><picture class=\"bbc-yfiktt e1mo64ex1\"><source srcset=\"https:\/\/ichef.bbci.co.uk\/news\/240\/cpsprodpb\/17C53\/production\/_126736379_gettyimages-108431522.jpg.webp 240w, https:\/\/ichef.bbci.co.uk\/news\/320\/cpsprodpb\/17C53\/production\/_126736379_gettyimages-108431522.jpg.webp 320w, https:\/\/ichef.bbci.co.uk\/news\/480\/cpsprodpb\/17C53\/production\/_126736379_gettyimages-108431522.jpg.webp 480w, https:\/\/ichef.bbci.co.uk\/news\/624\/cpsprodpb\/17C53\/production\/_126736379_gettyimages-108431522.jpg.webp 624w, https:\/\/ichef.bbci.co.uk\/news\/800\/cpsprodpb\/17C53\/production\/_126736379_gettyimages-108431522.jpg.webp 800w\" type=\"image\/webp\" sizes=\"(min-width: 1008px) 645px, 100vw\" \/><source srcset=\"https:\/\/ichef.bbci.co.uk\/news\/240\/cpsprodpb\/17C53\/production\/_126736379_gettyimages-108431522.jpg 240w, https:\/\/ichef.bbci.co.uk\/news\/320\/cpsprodpb\/17C53\/production\/_126736379_gettyimages-108431522.jpg 320w, https:\/\/ichef.bbci.co.uk\/news\/480\/cpsprodpb\/17C53\/production\/_126736379_gettyimages-108431522.jpg 480w, https:\/\/ichef.bbci.co.uk\/news\/624\/cpsprodpb\/17C53\/production\/_126736379_gettyimages-108431522.jpg 624w, https:\/\/ichef.bbci.co.uk\/news\/800\/cpsprodpb\/17C53\/production\/_126736379_gettyimages-108431522.jpg 800w\" type=\"image\/jpeg\" sizes=\"(min-width: 1008px) 645px, 100vw\" \/><img loading=\"lazy\" decoding=\"async\" class=\"e3vrtyk0 bbc-rb7xa0 e1mo64ex0\" src=\"https:\/\/ichef.bbci.co.uk\/news\/640\/cpsprodpb\/17C53\/production\/_126736379_gettyimages-108431522.jpg\" alt=\"Un grupo de personas camina por la Amazon\u00eda.\" width=\"976\" height=\"549\" \/><\/picture><\/div>\n<\/div>\n<\/div>\n<\/div>\n<\/div><figcaption class=\"bbc-rhuvwm e6i104o0\" dir=\"ltr\"><em>La presencia de los no contactados se suele documentar con testimonio de otros ind\u00edgenas de la zona.<\/em><\/p>\n<\/figcaption><div class=\"bbc-172p16q ebmt73l0\" dir=\"ltr\">\n<div class=\"bbc-3edg7g ebmt73l0\" dir=\"ltr\"><\/div>\n<\/div>\n<\/figure>\n<\/div>\n<\/div>\n<div class=\"bbc-19j92fr ebmt73l0\" dir=\"ltr\">\n<h4 id=\"Qu\u00e9-es-Perenco-y-por-qu\u00e9-se-opone-a-la-reserva-de-NapoTigre\" class=\"bbc-1f03ibc eglt09e0\" tabindex=\"-1\"><em>Qu\u00e9 es Perenco y por qu\u00e9 se opone a la reserva de Napo-Tigre<\/em><\/h4>\n<\/div>\n<div class=\"bbc-19j92fr ebmt73l0\" dir=\"ltr\">\n<p class=\"bbc-hhl7in e17g058b0\" dir=\"ltr\">La franco-brit\u00e1nica Perenco se define en su p\u00e1gina web como la &#8220;primera empresa de petr\u00f3leo y gas independiente en Europa&#8221;.<\/p>\n<\/div>\n<div class=\"bbc-19j92fr ebmt73l0\" dir=\"ltr\">\n<p class=\"bbc-hhl7in e17g058b0\" dir=\"ltr\">Fundada en 1975 por el magnate franc\u00e9s Hubert Perrodo, tiene presencia en 14 pa\u00edses y asegura producir cerca de\u00a0medio mill\u00f3n de barriles de petr\u00f3leo al d\u00eda.<\/p>\n<\/div>\n<div class=\"bbc-19j92fr ebmt73l0\" dir=\"ltr\">\n<p class=\"bbc-hhl7in e17g058b0\" dir=\"ltr\">Hoy la dirige Fran\u00e7ois Perrodo, hijo del fundador y conocido por su trayectoria como piloto de carreras, que ha compatibilizado con los negocios y le ha llevado a disputar en varias ocasiones las 24 Horas de Le Mans.<\/p>\n<\/div>\n<div class=\"bbc-19j92fr ebmt73l0\" dir=\"ltr\">\n<p class=\"bbc-hhl7in e17g058b0\" dir=\"ltr\">Perenco ha sido objeto de denuncias por supuestos da\u00f1os al medio ambiente en pa\u00edses, como Rep\u00fablica Democr\u00e1tica del Congo y Gab\u00f3n. En Per\u00fa recibi\u00f3 en 2011 un premio al desarrollo sostenible entregado por la Sociedad Nacional de Miner\u00eda, Petr\u00f3leo y Energ\u00eda, formada por empresas del sector.<\/p>\n<\/div>\n<div class=\"bbc-19j92fr ebmt73l0\" dir=\"ltr\">\n<p class=\"bbc-hhl7in e17g058b0\" dir=\"ltr\">La compa\u00f1\u00eda explota en la zona de Napo-Tigre el llamado Lote 67 y\u00a0ha alegado desde el inicio del proceso que no hay ind\u00edgenas no contactados en su zona de operaciones.\u00a0En un comunicado enviado a BBC Mundo, la compa\u00f1\u00eda reiter\u00f3 ese convencimiento y asegur\u00f3 que &#8220;asume sus responsabilidades en el respeto a los derechos humanos y las leyes ambientales&#8221;.<\/p>\n<\/div>\n<div class=\"bbc-19j92fr ebmt73l0\" dir=\"ltr\">\n<p class=\"bbc-hhl7in e17g058b0\" dir=\"ltr\">Perenco asegura que, de acuerdo con las leyes peruanas, deber\u00eda haber sido incluida en el proceso que ha dictaminado la presencia de pueblos ind\u00edgenas en aislamiento. Por eso ha presentado un\u00a0recurso de amparo\u00a0ante el VI Juzgado Constitucional de la Corte Superior de Lima.<\/p>\n<\/div>\n<div class=\"bbc-19j92fr ebmt73l0\" dir=\"ltr\">\n<p class=\"bbc-hhl7in e17g058b0\" dir=\"ltr\">Pero la funcionaria Pinedo afirma que &#8220;el estudio realizado ha demostrado claramente la existencia de pueblos en aislamiento, aunque todav\u00eda no se tenga el \u00e1rea espec\u00edfica de desplazamiento, que deber\u00e1 fijarse en un estudio posterior&#8221;.<\/p>\n<\/div>\n<div class=\"bbc-19j92fr ebmt73l0\" dir=\"ltr\">\n<p class=\"bbc-hhl7in e17g058b0\" dir=\"ltr\">Pinedo indic\u00f3 que el gobierno\u00a0responder\u00e1 en el proceso judicial\u00a0a todos los argumentos en contra de la petrolera.<\/p>\n<\/div>\n<div class=\"bbc-1ka88fa ebmt73l0\" dir=\"ltr\">\n<figure class=\"bbc-1qdcvv9 e1aczekt0\">\n<div class=\"bbc-172p16q ebmt73l0\" dir=\"ltr\">\n<div class=\"bbc-172p16q ebmt73l0\" dir=\"ltr\">\n<div class=\"bbc-189y18v ebmt73l0\" dir=\"ltr\">\n<div class=\"bbc-997y1y eihqrxw0\" data-e2e=\"image-placeholder\">\n<div class=\"lazyload-wrapper \"><picture class=\"bbc-yfiktt e1mo64ex1\"><source srcset=\"https:\/\/ichef.bbci.co.uk\/news\/240\/cpsprodpb\/6ECB\/production\/_126736382_gettyimages-1236767308.jpg.webp 240w, https:\/\/ichef.bbci.co.uk\/news\/320\/cpsprodpb\/6ECB\/production\/_126736382_gettyimages-1236767308.jpg.webp 320w, https:\/\/ichef.bbci.co.uk\/news\/480\/cpsprodpb\/6ECB\/production\/_126736382_gettyimages-1236767308.jpg.webp 480w, https:\/\/ichef.bbci.co.uk\/news\/624\/cpsprodpb\/6ECB\/production\/_126736382_gettyimages-1236767308.jpg.webp 624w, https:\/\/ichef.bbci.co.uk\/news\/800\/cpsprodpb\/6ECB\/production\/_126736382_gettyimages-1236767308.jpg.webp 800w\" type=\"image\/webp\" sizes=\"(min-width: 1008px) 645px, 100vw\" \/><source srcset=\"https:\/\/ichef.bbci.co.uk\/news\/240\/cpsprodpb\/6ECB\/production\/_126736382_gettyimages-1236767308.jpg 240w, https:\/\/ichef.bbci.co.uk\/news\/320\/cpsprodpb\/6ECB\/production\/_126736382_gettyimages-1236767308.jpg 320w, https:\/\/ichef.bbci.co.uk\/news\/480\/cpsprodpb\/6ECB\/production\/_126736382_gettyimages-1236767308.jpg 480w, https:\/\/ichef.bbci.co.uk\/news\/624\/cpsprodpb\/6ECB\/production\/_126736382_gettyimages-1236767308.jpg 624w, https:\/\/ichef.bbci.co.uk\/news\/800\/cpsprodpb\/6ECB\/production\/_126736382_gettyimages-1236767308.jpg 800w\" type=\"image\/jpeg\" sizes=\"(min-width: 1008px) 645px, 100vw\" \/><img loading=\"lazy\" decoding=\"async\" class=\"e3vrtyk0 bbc-rb7xa0 e1mo64ex0\" src=\"https:\/\/ichef.bbci.co.uk\/news\/640\/cpsprodpb\/6ECB\/production\/_126736382_gettyimages-1236767308.jpg\" alt=\"Perforadora de petr\u00f3leo de Perenco en Rep\u00faiblica Democr\u00e1tica del Congo.\" width=\"976\" height=\"549\" \/><\/picture><\/div>\n<\/div>\n<\/div>\n<\/div>\n<\/div><figcaption class=\"bbc-rhuvwm e6i104o0\" dir=\"ltr\"><em>Las actividades de Perenco han sido objeto de controversia en otros pa\u00edses, como la Rep\u00fablica Demoncr\u00e1tica del Congo<\/em><\/p>\n<\/figcaption><div class=\"bbc-172p16q ebmt73l0\" dir=\"ltr\">\n<div class=\"bbc-3edg7g ebmt73l0\" dir=\"ltr\"><\/div>\n<\/div>\n<\/figure>\n<\/div>\n<div class=\"bbc-19j92fr ebmt73l0\" dir=\"ltr\">\n<h4 id=\"Qu\u00e9-puede-pasar-ahora\" class=\"bbc-1f03ibc eglt09e0\" tabindex=\"-1\"><em>Qu\u00e9 puede pasar ahora<\/em><\/h4>\n<\/div>\n<div class=\"bbc-19j92fr ebmt73l0\" dir=\"ltr\">\n<p class=\"bbc-hhl7in e17g058b0\" dir=\"ltr\">El reconocimiento de la presencia de pueblos ind\u00edgenas en aislamiento en la zona es un hito clave hacia su declaraci\u00f3n como reserva ind\u00edgena, pero\u00a0a\u00fan son muchas las inc\u00f3gnitas.<\/p>\n<\/div>\n<div class=\"bbc-19j92fr ebmt73l0\" dir=\"ltr\">\n<p class=\"bbc-hhl7in e17g058b0\" dir=\"ltr\">Como ser\u00e1 un estudio posterior, que deber\u00eda completarse en los pr\u00f3ximos meses, el que establezca definitivamente los l\u00edmites de la reserva, es posible que el lote petrolero de Perenco quede finalmente fuera de la zona protegida y la compa\u00f1\u00eda pueda seguir explot\u00e1ndolo.<\/p>\n<\/div>\n<div class=\"bbc-19j92fr ebmt73l0\" dir=\"ltr\">\n<p class=\"bbc-hhl7in e17g058b0\" dir=\"ltr\">Y habr\u00e1 que ver c\u00f3mo resuelve la justicia la demanda de la compa\u00f1\u00eda contra el Estado peruano.<\/p>\n<\/div>\n<div class=\"bbc-19j92fr ebmt73l0\" dir=\"ltr\">\n<p class=\"bbc-hhl7in e17g058b0\" dir=\"ltr\">Sea como sea, Pinedo asegura que el reconocimiento oficial a los pueblos aislados de Napo-Tigre no se va a modificar.<\/p>\n<\/div>\n<div class=\"bbc-19j92fr ebmt73l0\" dir=\"ltr\">\n<h4 id=\"Por-qu\u00e9-es-importante-Napo-Tigre\" class=\"bbc-1f03ibc eglt09e0\" tabindex=\"-1\"><em>Por qu\u00e9 es importante Napo Tigre<\/em><\/h4>\n<\/div>\n<div class=\"bbc-19j92fr ebmt73l0\" dir=\"ltr\">\n<p class=\"bbc-hhl7in e17g058b0\" dir=\"ltr\">El Lote 67 operado por Perenco tiene un\u00a0peso notable en la econom\u00eda de Loreto, una regi\u00f3n que obtiene buena parte de sus ingresos del canon petrolero que pagan las empresas concesionarias que act\u00faan all\u00ed.<\/p>\n<\/div>\n<div class=\"bbc-19j92fr ebmt73l0\" dir=\"ltr\">\n<p class=\"bbc-hhl7in e17g058b0\" dir=\"ltr\">La futura Reserva Ind\u00edgena de Napo-Tigre y Afluentes se asentar\u00e1 en parte de los m\u00e1s de 780.000 kil\u00f3metros cuadrados de selva que hay en Per\u00fa.<\/p>\n<\/div>\n<div class=\"bbc-19j92fr ebmt73l0\" dir=\"ltr\">\n<p class=\"bbc-hhl7in e17g058b0\" dir=\"ltr\">Si finalmente es aprobada, en su territorio quedar\u00e1n prohibidas todas las actividades extractivas y el Estado deber\u00e1 pasar a ejercer una vigilancia y defensa activa de los ind\u00edgenas all\u00ed aislados. De quedar comprendido en sus l\u00edmites, significar\u00eda el final del Lote 67.<\/p>\n<\/div>\n<div class=\"bbc-19j92fr ebmt73l0\" dir=\"ltr\">\n<p class=\"bbc-hhl7in e17g058b0\" dir=\"ltr\">Se trata de un \u00e1rea de excepcional valor ecol\u00f3gico que, como sucede en otros pa\u00edses amaz\u00f3nicos sudamericanos, se encuentra amenazada por varios peligros, en especial la miner\u00eda y la tala ilegales.<\/p>\n<\/div>\n<div class=\"bbc-19j92fr ebmt73l0\" dir=\"ltr\">\n<p class=\"bbc-hhl7in e17g058b0\" dir=\"ltr\">La zona de Napo-Tigre y Afluentes la forman bosques muy valiosos porque se han mantenido relativamente a salvo de los efectos de la presencia y acci\u00f3n humanas.<\/p>\n<\/div>\n<div class=\"bbc-19j92fr ebmt73l0\" dir=\"ltr\">\n<p class=\"bbc-hhl7in e17g058b0\" dir=\"ltr\">Ahora que la humanidad se ve amenazada por el\u00a0<a class=\"bbc-n8oauk e1p3sufg0\" href=\"https:\/\/www.bbc.com\/mundo\/noticias-58912801\">cambio clim\u00e1tico<\/a>, el consenso cient\u00edfico se\u00f1ala la importancia de la Amazon\u00eda, el bosque tropical m\u00e1s grande del mundo, como recurso clave para contrarrestar los efectos del calentamiento.<\/p>\n<\/div>\n<div class=\"bbc-19j92fr ebmt73l0\" dir=\"ltr\">\n<p class=\"bbc-hhl7in e17g058b0\" dir=\"ltr\">La Amazon\u00eda peruana es adem\u00e1s el hogar de 2.434 comunidades ind\u00edgenas registradas y\u00a0al menos 20 que viven en aislamiento voluntario.<\/p>\n<\/div>\n<div class=\"bbc-19j92fr ebmt73l0\" dir=\"ltr\">\n<p class=\"bbc-hhl7in e17g058b0\" dir=\"ltr\">Para la funcionaria Pinedo, &#8220;Napo-Tigre es una reserva cultural y natural para el pa\u00eds&#8221;.<\/p>\n<\/div>\n<div class=\"bbc-19j92fr ebmt73l0\" dir=\"ltr\">\n<p class=\"bbc-hhl7in e17g058b0\" dir=\"ltr\">Los expertos alertan de que, si la reserva ind\u00edgena finalmente no se materializa, los ind\u00edgenas aislados de Napo-Tigre pueden acabar vi\u00e9ndose forzados a salir de su aislamiento por la expansi\u00f3n de las explotaciones petroleras o la acci\u00f3n de grupos madereros ilegales,\u00a0con el consiguiente riesgo de que contraigan enfermedades para las que no cuentan con defensas, se produzca alg\u00fan episodio violento o acaben teniendo que trabajarpara las explotaciones de la zona para subsistir, lo que supondr\u00eda el final de su estilo de vida.<\/p>\n<\/div>\n<div class=\"bbc-19j92fr ebmt73l0\" dir=\"ltr\">\n<p class=\"bbc-hhl7in e17g058b0\" dir=\"ltr\">El antrop\u00f3logo Villasante recuerda que &#8220;son gentes que viven en un aislamiento voluntario y sabemos que cuando se produce un contacto forzado, la historia rara vez tiene un final feliz para ellos&#8221;.<\/p>\n<\/div>\n","protected":false},"excerpt":{"rendered":"<p>La ley peruana prev\u00e9 una protecci\u00f3n especial para los ind\u00edgenas no contactados. &nbsp; &#8211; Gobierno peruano reconoci\u00f3 la presencia de pueblos ind\u00edgenas en la zona.&hellip;<\/p>\n","protected":false},"author":99,"featured_media":505862,"comment_status":"open","ping_status":"open","sticky":false,"template":"","format":"standard","meta":{"footnotes":""},"categories":[11358,23],"tags":[],"class_list":["post-505861","post","type-post","status-publish","format-standard","has-post-thumbnail","hentry","category-especiales","category-latinoamerica"],"_links":{"self":[{"href":"https:\/\/diarioelpopular.com\/index.php\/wp-json\/wp\/v2\/posts\/505861","targetHints":{"allow":["GET"]}}],"collection":[{"href":"https:\/\/diarioelpopular.com\/index.php\/wp-json\/wp\/v2\/posts"}],"about":[{"href":"https:\/\/diarioelpopular.com\/index.php\/wp-json\/wp\/v2\/types\/post"}],"author":[{"embeddable":true,"href":"https:\/\/diarioelpopular.com\/index.php\/wp-json\/wp\/v2\/users\/99"}],"replies":[{"embeddable":true,"href":"https:\/\/diarioelpopular.com\/index.php\/wp-json\/wp\/v2\/comments?post=505861"}],"version-history":[{"count":1,"href":"https:\/\/diarioelpopular.com\/index.php\/wp-json\/wp\/v2\/posts\/505861\/revisions"}],"predecessor-version":[{"id":505863,"href":"https:\/\/diarioelpopular.com\/index.php\/wp-json\/wp\/v2\/posts\/505861\/revisions\/505863"}],"wp:featuredmedia":[{"embeddable":true,"href":"https:\/\/diarioelpopular.com\/index.php\/wp-json\/wp\/v2\/media\/505862"}],"wp:attachment":[{"href":"https:\/\/diarioelpopular.com\/index.php\/wp-json\/wp\/v2\/media?parent=505861"}],"wp:term":[{"taxonomy":"category","embeddable":true,"href":"https:\/\/diarioelpopular.com\/index.php\/wp-json\/wp\/v2\/categories?post=505861"},{"taxonomy":"post_tag","embeddable":true,"href":"https:\/\/diarioelpopular.com\/index.php\/wp-json\/wp\/v2\/tags?post=505861"}],"curies":[{"name":"wp","href":"https:\/\/api.w.org\/{rel}","templated":true}]}}