{"id":505883,"date":"2022-10-05T09:53:37","date_gmt":"2022-10-05T13:53:37","guid":{"rendered":"https:\/\/diarioelpopular.com\/?p=505883"},"modified":"2022-10-05T09:53:37","modified_gmt":"2022-10-05T13:53:37","slug":"chile-violeta-parra-vuelve-a-pasear-por-quinta-normal","status":"publish","type":"post","link":"https:\/\/diarioelpopular.com\/index.php\/2022\/10\/05\/chile-violeta-parra-vuelve-a-pasear-por-quinta-normal\/","title":{"rendered":"Chile: Violeta Parra vuelve a pasear por Quinta Normal"},"content":{"rendered":"<p>&nbsp;<\/p>\n<p><img loading=\"lazy\" decoding=\"async\" class=\"alignnone size-custom-full-size wp-image-505884\" src=\"https:\/\/diarioelpopular.com\/wp-content\/uploads\/2022\/10\/f872809c9960d911bee9a00fbd7093b3.jpg\" alt=\"\" width=\"476\" height=\"357\" srcset=\"https:\/\/diarioelpopular.com\/wp-content\/uploads\/2022\/10\/f872809c9960d911bee9a00fbd7093b3.jpg 476w, https:\/\/diarioelpopular.com\/wp-content\/uploads\/2022\/10\/f872809c9960d911bee9a00fbd7093b3-300x225.jpg 300w, https:\/\/diarioelpopular.com\/wp-content\/uploads\/2022\/10\/f872809c9960d911bee9a00fbd7093b3-97x73.jpg 97w\" sizes=\"auto, (max-width: 476px) 100vw, 476px\" \/><\/p>\n<p><em>Uno de los cuadros de Violeta Parra<\/em><\/p>\n<p>&nbsp;<\/p>\n<h4><em>&#8211; Exhiben pinturas al oleo y arpilleras en su cumplea\u00f1os 105<\/em><\/h4>\n<div class=\"row bk-sep\">\n<div class=\"mm-photo-img\"><em><strong>SANTIAGO DE CHILE, 05 OCT &#8211;<\/strong><\/em> La Universidad de Chile, su Museo de Arte Contempor\u00e1neo (MAC) y el Museo Violeta Parra rescataron obras in\u00e9ditas de la gran folclorista, arpillerista, pintora, poeta, m\u00fasica, que hoy habr\u00eda cumplido 105 a\u00f1os.<br \/>\nCon motivo de su cumplea\u00f1os y gracias a un convenio entre estas instituciones, habr\u00e1 una sala dedicada a su obra en la sede del MAC de Quinta Normal, paseo popular del sector poniente de Santiago, donde vivi\u00f3 la autora de &#8220;Gracias a la vida&#8221;.<br \/>\n&#8220;Al conmemorarse 105 a\u00f1os de su natalicio, la exposici\u00f3n &#8216;Violeta Parra: Amigos tengo por cientos&#8217;, constituye una maravillosa oportunidad para el reencuentro con el genio creador de Violeta. Con ello, de alg\u00fan modo, vuelve a Matucana y pasea por la Quinta, permitiendo que el p\u00fablico pueda seguir adentr\u00e1ndose en la versatilidad de su obra pl\u00e1stica, donde el amor, las luchas sociales y sus deseos de un mundo mejor, tienen un lugar preponderante&#8221;, destac\u00f3 Roberto Guerra, presidente del directorio Fundaci\u00f3n Museo Violeta Parra.<br \/>\nEs la segunda ocasi\u00f3n que el Museo Violeta Parra presenta parte de su colecci\u00f3n en el barrio. A principios de a\u00f1o se realiz\u00f3 la muestra &#8220;Violeta Parra: Ir a Matucana, pasear por la Quinta&#8221; en el Museo de la Memoria y los Derechos Humanos, donde por primera vez se expuso la arpillera &#8220;La Huelga de los campesinos&#8221;, restaurada en el MAC durante 2020; y la pintura sobre arpillera &#8220;Justice&#8221;. Ambas obras tambi\u00e9n son parte de la curator\u00eda de &#8220;Violeta Parra: Amigos tengo por cientos&#8221;.<br \/>\nQuinta Normal tiene una gran importancia simb\u00f3lica en la biograf\u00eda de Violeta Parra. En 1935 lleg\u00f3 desde la localidad campesina de San Carlos (340 kil\u00f3metros al sur de Santiago) a la Estaci\u00f3n Central de trenes, ubicada frente a Matucana. Ella, al igual que su hermano Nicanor, viajaron con el principal objetivo de estudiar.<br \/>\nEsta etapa se aprecia en sus &#8220;D\u00e9cimas autobiogr\u00e1ficas&#8221; y en canciones como &#8220;Violeta ausente&#8221; (&#8220;Por qu\u00e9 me vine de Chile\/tambi\u00e9n que yo estaba all\u00e1\/ahora ando en tierras extra\u00f1as\/ay cantando pero apen\u00e1\/.Quiero bailar cueca, quiero tomar chicha\/Ir al mercado y comprarme un pequ\u00e9n\/Ir a Matucana y pasear por la quinta\/Y al Santa Luc\u00eda, contigo, mi bien&#8221;).<br \/>\nCon la inauguraci\u00f3n de la Sala Museo Violeta Parra en el MAC de Quinta, ambos museos convivir\u00e1n en el mismo lugar, mientras se concreta la construcci\u00f3n de un mejorado edificio en la Plaza Italia. Dicho espacio result\u00f3 destruido por tres incendios durante las manifestaciones de la revuelta social de octubre de 2019.<br \/>\nLa Universidad de Chile record\u00f3 hoy la entrevista que en 1965 (dos a\u00f1os antes de su muerte) le hiciera la periodista suiza Madeleine Brumagne en su taller de Ginebra. Mientras la artista pintaba, le consult\u00f3 si es que tuviese que elegir de todas las expresiones art\u00edsticas que ella dominaba, con cu\u00e1l se quedar\u00eda, a lo que Violeta respondi\u00f3: &#8220;Me quedar\u00eda con la gente.<br \/>\nEs la gente que me motiva a hacer todas estas cosas&#8221;.<br \/>\nEn torno a ese esp\u00edritu, la rectora Rosa Dev\u00e9s relev\u00f3 hoy que &#8220;para la Universidad es un orgullo y una responsabilidad muy grande acoger a la obra de nuestra gran artista Violeta. Es una responsabilidad porque es una obra que vivir\u00e1 y deber\u00e1 crecer, es decir, deber\u00e1 estar disponible a la ciudadan\u00eda y tambi\u00e9n ser objeto de investigaci\u00f3n, de an\u00e1lisis y estudio, como es el compromiso de la Universidad con respecto a todo aquello que habita en ella&#8221; &#8220;Celebramos este espacio, y reconocemos aqu\u00ed un espacio reflexivo, de intimidad, de encuentro, que es lo que Violeta viene a vivir en la Universidad de Chile: viene a hacernos pensar y a recoger nuestras tradiciones, as\u00ed como a mirar hacia el futuro y a proyectar nuestro pa\u00eds desde esa alma creativa que ella fue y que es nuestra responsabilidad que siga siendo&#8221;, agreg\u00f3 la rectora.<br \/>\nEl director del MAC, Daniel Cruz, apunt\u00f3 a lo interesante que es &#8220;seguir haciendo cruces entre las disciplinas del arte popular y el arte contempor\u00e1neo, en un di\u00e1logo permanente y un trabajo conjunto entre las instituciones, los museos y las personas&#8221;.<br \/>\nLas obras expuestas revelan a Violeta como una artista contempor\u00e1nea, que logra integrar m\u00fasica, escritura y artes visuales en una pr\u00e1ctica total, en plena conexi\u00f3n con las personas.<br \/>\nLa artista se relacion\u00f3 con muchas figuras del mundo intelectual y art\u00edstico, pero tambi\u00e9n popular y folcl\u00f3rico, lo cual qued\u00f3 plasmado en gran parte de sus creaciones.<br \/>\nPablo Neruda, Joaqu\u00edn Blaya, Nemesio Ant\u00fanez, Raquel Barros, Pablo de Rokha, Thiago de Mello, Gonzalo Rojas, Leopoldo Castedo, Alfonso Letelier, Sergio Bravo, Sergio Larra\u00edn, Rosa Lorca e Isa\u00edas Angulo, su madre, Clarisa Sandoval, y sus hermanos Nicanor, Hilda, Eduardo y Roberto, fueron influencias fundamentales para una obra donde confluyen la cultura popular chilena y las vanguardias europeas que conoci\u00f3, pero que adquieren, con ella, una voz \u00fanica y personal.<br \/>\nObras como &#8220;Retrato&#8221; del historiador Leopoldo Castedo exponen la amistad como impulso para la creaci\u00f3n, y revelan su lado cosmopolita, bohemio y trotamundos. El \u00f3leo &#8220;La muerte del angelito&#8221; o la arpillera &#8220;La huelga de los campesinos&#8221;, en cambio, muestran la otra cara de la artista, expresada como simpat\u00eda y comuni\u00f3n con las costumbres del mundo campesino, su inter\u00e9s por la cultura profunda de Chile, la naturaleza humana y el devenir pol\u00edtico y social del pa\u00eds.<\/div>\n<\/div>\n","protected":false},"excerpt":{"rendered":"<p>&nbsp; Uno de los cuadros de Violeta Parra &nbsp; &#8211; Exhiben pinturas al oleo y arpilleras en su cumplea\u00f1os 105 SANTIAGO DE CHILE, 05 OCT&hellip;<\/p>\n","protected":false},"author":99,"featured_media":505884,"comment_status":"open","ping_status":"open","sticky":false,"template":"","format":"standard","meta":{"footnotes":""},"categories":[23],"tags":[],"class_list":["post-505883","post","type-post","status-publish","format-standard","has-post-thumbnail","hentry","category-latinoamerica"],"_links":{"self":[{"href":"https:\/\/diarioelpopular.com\/index.php\/wp-json\/wp\/v2\/posts\/505883","targetHints":{"allow":["GET"]}}],"collection":[{"href":"https:\/\/diarioelpopular.com\/index.php\/wp-json\/wp\/v2\/posts"}],"about":[{"href":"https:\/\/diarioelpopular.com\/index.php\/wp-json\/wp\/v2\/types\/post"}],"author":[{"embeddable":true,"href":"https:\/\/diarioelpopular.com\/index.php\/wp-json\/wp\/v2\/users\/99"}],"replies":[{"embeddable":true,"href":"https:\/\/diarioelpopular.com\/index.php\/wp-json\/wp\/v2\/comments?post=505883"}],"version-history":[{"count":1,"href":"https:\/\/diarioelpopular.com\/index.php\/wp-json\/wp\/v2\/posts\/505883\/revisions"}],"predecessor-version":[{"id":505885,"href":"https:\/\/diarioelpopular.com\/index.php\/wp-json\/wp\/v2\/posts\/505883\/revisions\/505885"}],"wp:featuredmedia":[{"embeddable":true,"href":"https:\/\/diarioelpopular.com\/index.php\/wp-json\/wp\/v2\/media\/505884"}],"wp:attachment":[{"href":"https:\/\/diarioelpopular.com\/index.php\/wp-json\/wp\/v2\/media?parent=505883"}],"wp:term":[{"taxonomy":"category","embeddable":true,"href":"https:\/\/diarioelpopular.com\/index.php\/wp-json\/wp\/v2\/categories?post=505883"},{"taxonomy":"post_tag","embeddable":true,"href":"https:\/\/diarioelpopular.com\/index.php\/wp-json\/wp\/v2\/tags?post=505883"}],"curies":[{"name":"wp","href":"https:\/\/api.w.org\/{rel}","templated":true}]}}