{"id":505886,"date":"2022-10-05T10:05:02","date_gmt":"2022-10-05T14:05:02","guid":{"rendered":"https:\/\/diarioelpopular.com\/?p=505886"},"modified":"2022-10-05T10:05:02","modified_gmt":"2022-10-05T14:05:02","slug":"quien-era-leandro-norero-el-patron-acusado-de-ser-uno-de-los-principales-narcos-de-ecuador-que-murio-en-la-ultima-matanza-carcelaria-en-el-pais","status":"publish","type":"post","link":"https:\/\/diarioelpopular.com\/index.php\/2022\/10\/05\/quien-era-leandro-norero-el-patron-acusado-de-ser-uno-de-los-principales-narcos-de-ecuador-que-murio-en-la-ultima-matanza-carcelaria-en-el-pais\/","title":{"rendered":"Qui\u00e9n era Leandro Norero, el &#8220;patr\u00f3n&#8221; acusado de ser uno de los principales narcos de Ecuador que muri\u00f3 en la \u00faltima matanza carcelaria en el pa\u00eds"},"content":{"rendered":"<div class=\"bbc-19j92fr ebmt73l0\" dir=\"ltr\">\n<div id=\"attachment_505887\" style=\"width: 646px\" class=\"wp-caption alignnone\"><img loading=\"lazy\" decoding=\"async\" aria-describedby=\"caption-attachment-505887\" class=\"size-custom-full-size wp-image-505887\" src=\"https:\/\/diarioelpopular.com\/wp-content\/uploads\/2022\/10\/126974955_norero.jpg.webp_-636x358.jpg\" alt=\"\" width=\"636\" height=\"358\" srcset=\"https:\/\/diarioelpopular.com\/wp-content\/uploads\/2022\/10\/126974955_norero.jpg.webp_-636x358.jpg 636w, https:\/\/diarioelpopular.com\/wp-content\/uploads\/2022\/10\/126974955_norero.jpg.webp_-300x169.jpg 300w, https:\/\/diarioelpopular.com\/wp-content\/uploads\/2022\/10\/126974955_norero.jpg.webp_.jpg 768w, https:\/\/diarioelpopular.com\/wp-content\/uploads\/2022\/10\/126974955_norero.jpg.webp_-130x73.jpg 130w\" sizes=\"auto, (max-width: 636px) 100vw, 636px\" \/><p id=\"caption-attachment-505887\" class=\"wp-caption-text\"><em>Leandro Norero era uno de los criminales m\u00e1s destacados de Ecuador.<\/em><\/p><\/div>\n<p>&nbsp;<\/p>\n<p class=\"bbc-hhl7in e17g058b0\" dir=\"ltr\"><em><b>&#8211; Una c\u00e1rcel de Ecuador volvi\u00f3 a llenarse de sangre este lunes.<\/b><\/em><\/p>\n<\/div>\n<div class=\"bbc-19j92fr ebmt73l0\" dir=\"ltr\">\n<p class=\"bbc-hhl7in e17g058b0\" dir=\"ltr\">Enfrentamientos en la\u00a0<a class=\"bbc-n8oauk e1p3sufg0\" href=\"https:\/\/www.bbc.com\/mundo\/noticias-america-latina-63128138\">prisi\u00f3n de Latacunga<\/a>, en la provincia de Cotopaxi, se saldaron con al menos 15 presos muertos y decenas de heridos.<\/p>\n<\/div>\n<div class=\"bbc-19j92fr ebmt73l0\" dir=\"ltr\">\n<p class=\"bbc-hhl7in e17g058b0\" dir=\"ltr\">Entre los muertos en este nuevo episodio de violencia en las c\u00e1rceles ecuatorianas est\u00e1 Luis Antonio Norero Tigua, m\u00e1s conocido como Leandro Norero o &#8220;el Patr\u00f3n&#8221;, considerado por los medios ecuatorianos como\u00a0uno de los principales narcotraficantes del pa\u00eds.<\/p>\n<\/div>\n<div class=\"bbc-19j92fr ebmt73l0\" dir=\"ltr\">\n<p class=\"bbc-hhl7in e17g058b0\" dir=\"ltr\">Jorge Flores, subdirector del Servicio Nacional de Atenci\u00f3n Integral (SNAI), el organismo que se ocupa de las prisiones en Ecuador, inform\u00f3 de que\u00a0Norero\u00a0era una de las v\u00edctimas mortales.<\/p>\n<\/div>\n<section class=\"e1j2237y8 bbc-sswtix e8sa160\" role=\"region\" aria-label=\"Publicidad 2\" aria-hidden=\"true\" data-e2e=\"advertisement\"><\/section>\n<div class=\"bbc-19j92fr ebmt73l0\" dir=\"ltr\">\n<p class=\"bbc-hhl7in e17g058b0\" dir=\"ltr\">Flores atribuy\u00f3 la matanza a un enfrentamiento entre bandas rivales en el interior de la prisi\u00f3n.<\/p>\n<\/div>\n<div class=\"bbc-1n4f7vm ebmt73l0\" dir=\"ltr\"><\/div>\n<div class=\"bbc-19j92fr ebmt73l0\" dir=\"ltr\">\n<p class=\"bbc-hhl7in e17g058b0\" dir=\"ltr\">Con \u00e9l desaparece una de las figuras m\u00e1s destacadas del panorama delictivo de Ecuador, un pa\u00eds que en el \u00faltimo a\u00f1o y medio ha vivido un aumento de la inseguridad y de la violencia carcelaria que las autoridades atribuyen a las luchas de los grupos criminales mexicanos que usan al pa\u00eds andino como ruta para sus env\u00edos de drogas.<\/p>\n<\/div>\n<div class=\"bbc-19j92fr ebmt73l0\" dir=\"ltr\">\n<h2 id=\"Qui\u00e9n-era-Leandro-Norero\" class=\"bbc-1f03ibc eglt09e0\" tabindex=\"-1\">Qui\u00e9n era Leandro Norero<\/h2>\n<\/div>\n<div class=\"bbc-19j92fr ebmt73l0\" dir=\"ltr\">\n<p class=\"bbc-hhl7in e17g058b0\" dir=\"ltr\">Seg\u00fan la periodista especializada Karol E Noro\u00f1a, Norero naci\u00f3 hace 36 a\u00f1os y tuvo una infancia muy dura en un entorno de pobreza en Guayaquil. Otros periodistas locales le atribuyen en cambio 34 a\u00f1os.<\/p>\n<\/div>\n<div class=\"bbc-19j92fr ebmt73l0\" dir=\"ltr\">\n<p class=\"bbc-hhl7in e17g058b0\" dir=\"ltr\">Salt\u00f3 a las portadas tras ser arrestado el pasado mayo. En la operaci\u00f3n se intervinieron varios lingotes de oro y US$7 millones en efectivo, as\u00ed como armas de fuego y munici\u00f3n de distinto calibre.<\/p>\n<\/div>\n<div class=\"bbc-19j92fr ebmt73l0\" dir=\"ltr\">\n<p class=\"bbc-hhl7in e17g058b0\" dir=\"ltr\">El ministro del Interior ecuatoriano, Patricio Carrillo, dijo entonces que su captura hab\u00eda requerido meses de investigaciones en torno a su dinero y patrimonio.<\/p>\n<\/div>\n<div class=\"bbc-19j92fr ebmt73l0\" dir=\"ltr\">\n<p class=\"bbc-hhl7in e17g058b0\" dir=\"ltr\">Informaciones publicadas en los medios locales indican que los investigadores sospechaban que Norero ten\u00eda v\u00ednculos criminales con el cartel mexicano Jalisco Nueva Generaci\u00f3n.<\/p>\n<\/div>\n<div class=\"bbc-19j92fr ebmt73l0\" dir=\"ltr\">\n<p class=\"bbc-hhl7in e17g058b0\" dir=\"ltr\">El historial policial rese\u00f1ado por los medios locales despu\u00e9s de su muerte es amplio, aunque no consta ninguna condena judicial en firme.<\/p>\n<\/div>\n<div class=\"bbc-19j92fr ebmt73l0\" dir=\"ltr\">\n<p class=\"bbc-hhl7in e17g058b0\" dir=\"ltr\">Antes de ser capturado en Ecuador, Norero hab\u00eda estado en busca y captura en Per\u00fa\u00a0por presunto tr\u00e1fico de sustancias ilegales.<\/p>\n<\/div>\n<div class=\"bbc-19j92fr ebmt73l0\" dir=\"ltr\">\n<p class=\"bbc-hhl7in e17g058b0\" dir=\"ltr\">Dos personas interceptadas por las autoridades peruanas con coca\u00edna en el interior de su cuerpo declararon que Norero las hab\u00eda reclutado en Guayaquil.<\/p>\n<\/div>\n<div class=\"bbc-19j92fr ebmt73l0\" dir=\"ltr\">\n<p class=\"bbc-hhl7in e17g058b0\" dir=\"ltr\">Pero los abogados de Norero lograron que pudiera evadirse comunicando que hab\u00eda muerto por covid.<\/p>\n<\/div>\n<div class=\"bbc-19j92fr ebmt73l0\" dir=\"ltr\">\n<p class=\"bbc-hhl7in e17g058b0\" dir=\"ltr\">Seg\u00fan Noro\u00f1a, Norero fue detenido por primera vez en 2005 por tenencia ilegal de armas. En 2012 fue procesado por robo agravado y en 2018 por tr\u00e1fico de drogas.<\/p>\n<\/div>\n<div class=\"bbc-sffzb7 e1hrqbfn0\">\n<div class=\"bbc-1ka88fa ebmt73l0\" dir=\"ltr\">\n<figure class=\"bbc-1qdcvv9 e1aczekt0\">\n<div class=\"bbc-172p16q ebmt73l0\" dir=\"ltr\">\n<div class=\"bbc-172p16q ebmt73l0\" dir=\"ltr\">\n<div class=\"bbc-189y18v ebmt73l0\" dir=\"ltr\">\n<div class=\"bbc-997y1y eihqrxw0\" data-e2e=\"image-placeholder\">\n<div class=\"lazyload-wrapper \"><picture class=\"bbc-yfiktt e1mo64ex1\"><source srcset=\"https:\/\/ichef.bbci.co.uk\/news\/240\/cpsprodpb\/1019B\/production\/_126974956_gal.jpg.webp 240w, https:\/\/ichef.bbci.co.uk\/news\/320\/cpsprodpb\/1019B\/production\/_126974956_gal.jpg.webp 320w, https:\/\/ichef.bbci.co.uk\/news\/480\/cpsprodpb\/1019B\/production\/_126974956_gal.jpg.webp 480w, https:\/\/ichef.bbci.co.uk\/news\/624\/cpsprodpb\/1019B\/production\/_126974956_gal.jpg.webp 624w, https:\/\/ichef.bbci.co.uk\/news\/800\/cpsprodpb\/1019B\/production\/_126974956_gal.jpg.webp 800w\" type=\"image\/webp\" sizes=\"(min-width: 1008px) 645px, 100vw\" \/><source srcset=\"https:\/\/ichef.bbci.co.uk\/news\/240\/cpsprodpb\/1019B\/production\/_126974956_gal.jpg 240w, https:\/\/ichef.bbci.co.uk\/news\/320\/cpsprodpb\/1019B\/production\/_126974956_gal.jpg 320w, https:\/\/ichef.bbci.co.uk\/news\/480\/cpsprodpb\/1019B\/production\/_126974956_gal.jpg 480w, https:\/\/ichef.bbci.co.uk\/news\/624\/cpsprodpb\/1019B\/production\/_126974956_gal.jpg 624w, https:\/\/ichef.bbci.co.uk\/news\/800\/cpsprodpb\/1019B\/production\/_126974956_gal.jpg 800w\" type=\"image\/jpeg\" sizes=\"(min-width: 1008px) 645px, 100vw\" \/><img loading=\"lazy\" decoding=\"async\" class=\"e3vrtyk0 bbc-rb7xa0 e1mo64ex0\" src=\"https:\/\/ichef.bbci.co.uk\/news\/640\/cpsprodpb\/1019B\/production\/_126974956_gal.jpg\" alt=\"Presas de Latacunga en la azotea de la c\u00e1rcel.\" width=\"976\" height=\"549\" \/><\/picture><\/div>\n<\/div>\n<\/div>\n<\/div>\n<\/div><figcaption class=\"bbc-rhuvwm e6i104o0\" dir=\"ltr\"><em>Las internas de la prisi\u00f3n de Latacunga se refugiaron en la azotea.<\/em><\/p>\n<\/figcaption><div class=\"bbc-172p16q ebmt73l0\" dir=\"ltr\">\n<div class=\"bbc-3edg7g ebmt73l0\" dir=\"ltr\"><\/div>\n<\/div>\n<\/figure>\n<\/div>\n<\/div>\n<div class=\"bbc-19j92fr ebmt73l0\" dir=\"ltr\">\n<p class=\"bbc-hhl7in e17g058b0\" dir=\"ltr\">A Norero se le ha vinculado con algunos de los grupos criminales m\u00e1s notorios de Ecuador, como los llamados &#8220;Chone killers&#8221;, banda que, seg\u00fan reportes publicados en los medios ecuatorianos, fund\u00f3.<\/p>\n<\/div>\n<div class=\"bbc-19j92fr ebmt73l0\" dir=\"ltr\">\n<p class=\"bbc-hhl7in e17g058b0\" dir=\"ltr\">Seg\u00fan la revista Vistazo, Norero form\u00f3 antes parte de la banda Los \u00d1etas, que particip\u00f3 en un &#8220;proceso de pacificaci\u00f3n&#8221; durante el gobierno de Rafael Correa (2007-2017).<\/p>\n<\/div>\n<div class=\"bbc-19j92fr ebmt73l0\" dir=\"ltr\">\n<p class=\"bbc-hhl7in e17g058b0\" dir=\"ltr\">Tras la detenci\u00f3n de Norero, circul\u00f3 una fotograf\u00eda en la que aparentemente se le ve junto al entonces presidente Correa y el exministro Ricardo Pati\u00f1o.<\/p>\n<\/div>\n<div class=\"bbc-19j92fr ebmt73l0\" dir=\"ltr\">\n<p class=\"bbc-hhl7in e17g058b0\" dir=\"ltr\">La difusi\u00f3n de una fotograf\u00eda del asamble\u00edsta corre\u00edsta Ronny Aleaga en una casa de Miami junto a Xavier Jord\u00e1n, pr\u00f3fugo de la justicia supuestamente vinculado a Norero, alent\u00f3 las sospechas de una posible conexi\u00f3n entre \u00e9l y el corre\u00edsmo.<\/p>\n<\/div>\n<div class=\"bbc-19j92fr ebmt73l0\" dir=\"ltr\">\n<p class=\"bbc-hhl7in e17g058b0\" dir=\"ltr\">Aleaga dijo que Jord\u00e1n es pariente de su novia y que solo coincidieron en una reuni\u00f3n social.<\/p>\n<\/div>\n<div class=\"bbc-19j92fr ebmt73l0\" dir=\"ltr\">\n<h2 id=\"Por-qu\u00e9-muri\u00f3-el-Patr\u00f3n-Norero\" class=\"bbc-1f03ibc eglt09e0\" tabindex=\"-1\">Por qu\u00e9 muri\u00f3 &#8220;el Patr\u00f3n&#8221; Norero<\/h2>\n<\/div>\n<div class=\"bbc-19j92fr ebmt73l0\" dir=\"ltr\">\n<p class=\"bbc-hhl7in e17g058b0\" dir=\"ltr\">Seg\u00fan las autoridades penitenciarias ecuatorianas, el estallido de violencia en el penal de Latacunga se desencaden\u00f3 despu\u00e9s de completarse el censo de los internos recluidos en \u00e9l.<\/p>\n<\/div>\n<div class=\"bbc-1ka88fa ebmt73l0\" dir=\"ltr\">\n<figure class=\"bbc-1qdcvv9 e1aczekt0\">\n<div class=\"bbc-172p16q ebmt73l0\" dir=\"ltr\">\n<div class=\"bbc-172p16q ebmt73l0\" dir=\"ltr\">\n<div class=\"bbc-189y18v ebmt73l0\" dir=\"ltr\">\n<div class=\"bbc-997y1y eihqrxw0\" data-e2e=\"image-placeholder\">\n<div class=\"lazyload-wrapper \"><picture class=\"bbc-yfiktt e1mo64ex1\"><source srcset=\"https:\/\/ichef.bbci.co.uk\/news\/240\/cpsprodpb\/B37B\/production\/_126974954_galo-paguay.jpg.webp 240w, https:\/\/ichef.bbci.co.uk\/news\/320\/cpsprodpb\/B37B\/production\/_126974954_galo-paguay.jpg.webp 320w, https:\/\/ichef.bbci.co.uk\/news\/480\/cpsprodpb\/B37B\/production\/_126974954_galo-paguay.jpg.webp 480w, https:\/\/ichef.bbci.co.uk\/news\/624\/cpsprodpb\/B37B\/production\/_126974954_galo-paguay.jpg.webp 624w, https:\/\/ichef.bbci.co.uk\/news\/800\/cpsprodpb\/B37B\/production\/_126974954_galo-paguay.jpg.webp 800w\" type=\"image\/webp\" sizes=\"(min-width: 1008px) 645px, 100vw\" \/><source srcset=\"https:\/\/ichef.bbci.co.uk\/news\/240\/cpsprodpb\/B37B\/production\/_126974954_galo-paguay.jpg 240w, https:\/\/ichef.bbci.co.uk\/news\/320\/cpsprodpb\/B37B\/production\/_126974954_galo-paguay.jpg 320w, https:\/\/ichef.bbci.co.uk\/news\/480\/cpsprodpb\/B37B\/production\/_126974954_galo-paguay.jpg 480w, https:\/\/ichef.bbci.co.uk\/news\/624\/cpsprodpb\/B37B\/production\/_126974954_galo-paguay.jpg 624w, https:\/\/ichef.bbci.co.uk\/news\/800\/cpsprodpb\/B37B\/production\/_126974954_galo-paguay.jpg 800w\" type=\"image\/jpeg\" sizes=\"(min-width: 1008px) 645px, 100vw\" \/><img loading=\"lazy\" decoding=\"async\" class=\"e3vrtyk0 bbc-rb7xa0 e1mo64ex0\" src=\"https:\/\/ichef.bbci.co.uk\/news\/640\/cpsprodpb\/B37B\/production\/_126974954_galo-paguay.jpg\" alt=\"Familiares de los presos junto a la valla de seguridad de la prisi\u00f3n.\" width=\"976\" height=\"549\" \/><\/picture><\/div>\n<\/div>\n<\/div>\n<\/div>\n<\/div><figcaption class=\"bbc-rhuvwm e6i104o0\" dir=\"ltr\"><em>Los familiares de los presos se concentran junto a la prisi\u00f3n para saber de ellos.<\/em><\/p>\n<\/figcaption><div class=\"bbc-172p16q ebmt73l0\" dir=\"ltr\">\n<div class=\"bbc-3edg7g ebmt73l0\" dir=\"ltr\"><\/div>\n<\/div>\n<\/figure>\n<\/div>\n<div class=\"bbc-19j92fr ebmt73l0\" dir=\"ltr\">\n<p class=\"bbc-hhl7in e17g058b0\" dir=\"ltr\">El gobierno asegura que fuerzas especiales de la polic\u00eda retomaron el control de la c\u00e1rcel, aunque testigos presenciales citados por los medios locales se\u00f1alan que se siguen oyendo detonaciones en las instalaciones, en torno a las que se concentran personas que quieren saber de sus familiares encarcelados.<\/p>\n<\/div>\n<div class=\"bbc-19j92fr ebmt73l0\" dir=\"ltr\">\n<p class=\"bbc-hhl7in e17g058b0\" dir=\"ltr\">En 2021, un grupo de encapuchados armados autodenominado Los fantasmas difundi\u00f3 un video en el que lo incluy\u00f3 directamente entre sus amenazas a los grupos criminales que operaban en Daule, cerca de Guayaquil.<\/p>\n<\/div>\n<div class=\"bbc-19j92fr ebmt73l0\" dir=\"ltr\">\n<p class=\"bbc-hhl7in e17g058b0\" dir=\"ltr\">&#8220;Los fantasmas van a comenzar a hacer limpieza de\u00a0<a class=\"bbc-n8oauk e1p3sufg0\" href=\"https:\/\/www.bbc.com\/mundo\/noticias-america-latina-62557571\">Tiguerones<\/a>, Lobos y Lagartos, con los Zamir y Ben 10, sabemos que son un brazo armado de ti, Leandro, que te quieres montar de que no haces nada&#8221;, se\u00f1al\u00f3 el grupo criminal.<\/p>\n<\/div>\n<div class=\"bbc-19j92fr ebmt73l0\" dir=\"ltr\">\n<p class=\"bbc-hhl7in e17g058b0\" dir=\"ltr\">Los medios locales se\u00f1alan que la ruptura de la alianza con Antonio Benjam\u00edn Camacho, alias Ben 10, otro l\u00edder criminal ecuatoriano, pudo haber sido el desencadenante del enfrentamiento que termin\u00f3 en matanza en la c\u00e1rcel.<\/p>\n<\/div>\n","protected":false},"excerpt":{"rendered":"<p>&nbsp; &#8211; Una c\u00e1rcel de Ecuador volvi\u00f3 a llenarse de sangre este lunes. Enfrentamientos en la\u00a0prisi\u00f3n de Latacunga, en la provincia de Cotopaxi, se saldaron&hellip;<\/p>\n","protected":false},"author":99,"featured_media":505887,"comment_status":"open","ping_status":"open","sticky":false,"template":"","format":"standard","meta":{"footnotes":""},"categories":[23],"tags":[],"class_list":["post-505886","post","type-post","status-publish","format-standard","has-post-thumbnail","hentry","category-latinoamerica"],"_links":{"self":[{"href":"https:\/\/diarioelpopular.com\/index.php\/wp-json\/wp\/v2\/posts\/505886","targetHints":{"allow":["GET"]}}],"collection":[{"href":"https:\/\/diarioelpopular.com\/index.php\/wp-json\/wp\/v2\/posts"}],"about":[{"href":"https:\/\/diarioelpopular.com\/index.php\/wp-json\/wp\/v2\/types\/post"}],"author":[{"embeddable":true,"href":"https:\/\/diarioelpopular.com\/index.php\/wp-json\/wp\/v2\/users\/99"}],"replies":[{"embeddable":true,"href":"https:\/\/diarioelpopular.com\/index.php\/wp-json\/wp\/v2\/comments?post=505886"}],"version-history":[{"count":1,"href":"https:\/\/diarioelpopular.com\/index.php\/wp-json\/wp\/v2\/posts\/505886\/revisions"}],"predecessor-version":[{"id":505888,"href":"https:\/\/diarioelpopular.com\/index.php\/wp-json\/wp\/v2\/posts\/505886\/revisions\/505888"}],"wp:featuredmedia":[{"embeddable":true,"href":"https:\/\/diarioelpopular.com\/index.php\/wp-json\/wp\/v2\/media\/505887"}],"wp:attachment":[{"href":"https:\/\/diarioelpopular.com\/index.php\/wp-json\/wp\/v2\/media?parent=505886"}],"wp:term":[{"taxonomy":"category","embeddable":true,"href":"https:\/\/diarioelpopular.com\/index.php\/wp-json\/wp\/v2\/categories?post=505886"},{"taxonomy":"post_tag","embeddable":true,"href":"https:\/\/diarioelpopular.com\/index.php\/wp-json\/wp\/v2\/tags?post=505886"}],"curies":[{"name":"wp","href":"https:\/\/api.w.org\/{rel}","templated":true}]}}