{"id":505907,"date":"2022-10-06T09:24:54","date_gmt":"2022-10-06T13:24:54","guid":{"rendered":"https:\/\/diarioelpopular.com\/?p=505907"},"modified":"2022-10-06T09:24:54","modified_gmt":"2022-10-06T13:24:54","slug":"desierto-florido-de-atacama-las-magnificas-fotos-del-proximo-gran-parque-nacional-de-chile","status":"publish","type":"post","link":"https:\/\/diarioelpopular.com\/index.php\/2022\/10\/06\/desierto-florido-de-atacama-las-magnificas-fotos-del-proximo-gran-parque-nacional-de-chile\/","title":{"rendered":"Desierto florido de Atacama: las magn\u00edficas fotos del pr\u00f3ximo gran parque nacional de Chile"},"content":{"rendered":"<p><img loading=\"lazy\" decoding=\"async\" class=\"alignnone size-custom-full-size wp-image-505908\" src=\"https:\/\/diarioelpopular.com\/wp-content\/uploads\/2022\/10\/Screen-Shot-2022-10-06-at-9.21.11-AM-636x385.png\" alt=\"\" width=\"636\" height=\"385\" srcset=\"https:\/\/diarioelpopular.com\/wp-content\/uploads\/2022\/10\/Screen-Shot-2022-10-06-at-9.21.11-AM-636x385.png 636w, https:\/\/diarioelpopular.com\/wp-content\/uploads\/2022\/10\/Screen-Shot-2022-10-06-at-9.21.11-AM-300x182.png 300w, https:\/\/diarioelpopular.com\/wp-content\/uploads\/2022\/10\/Screen-Shot-2022-10-06-at-9.21.11-AM-768x465.png 768w, https:\/\/diarioelpopular.com\/wp-content\/uploads\/2022\/10\/Screen-Shot-2022-10-06-at-9.21.11-AM-1200x727.png 1200w, https:\/\/diarioelpopular.com\/wp-content\/uploads\/2022\/10\/Screen-Shot-2022-10-06-at-9.21.11-AM-120x73.png 120w, https:\/\/diarioelpopular.com\/wp-content\/uploads\/2022\/10\/Screen-Shot-2022-10-06-at-9.21.11-AM.png 1024w\" sizes=\"auto, (max-width: 636px) 100vw, 636px\" \/><\/p>\n<p>El pasado domingo, el\u00a0gobierno de Chile\u00a0anunci\u00f3 la creaci\u00f3n de un parque nacional, la zona sur del\u00a0desierto de\u00a0Atacama, el m\u00e1s \u00e1rido del mundo, para proteger el fen\u00f3meno de floraci\u00f3n que ocurre excepcionalmente en esta zona de la regi\u00f3n de\u00a0Copiap\u00f3, localizado a una 500 kil\u00f3metros al norte de\u00a0Santiago.<\/p>\n<p>De acuerdo con el presidente chileno\u00a0Gabriel Boric, el parque tendr\u00e1 los est\u00e1ndares de protecci\u00f3n ambiental m\u00e1s altos existentes en Chile, se tiene previsto que el anuncio se formalice en el primer trimestre de 2023.<\/p>\n<figure class=\"wp-block-image is-resized\"><img loading=\"lazy\" decoding=\"async\" src=\"https:\/\/heraldodemexico.com.mx\/u\/fotografias\/m\/2022\/10\/4\/f960x540-589651_663726_0.png\" alt=\"El presidente chileno Gabriel Boric, propone proteger la zona con la creaci\u00f3n de un parque nacional.\n\" width=\"1069\" height=\"604\" \/><figcaption><em>El presidente chileno Gabriel Boric, propone proteger la zona con la creaci\u00f3n de un parque nacional.\u00a0Cr\u00e9ditos: AFP.<\/em>\u00a0<\/figcaption><\/figure>\n<p>Todav\u00eda no se ha determinado la superficie exacta en la que regir\u00e1 el parque nacional, pero se estableci\u00f3 que \u00e9ste comprender\u00e1 entre el sur de la ciudad de Copiap\u00f3 y el norte de la localidad de Vallenar.<\/p>\n<figure class=\"wp-block-image is-resized\"><img loading=\"lazy\" decoding=\"async\" src=\"https:\/\/heraldodemexico.com.mx\/u\/fotografias\/m\/2022\/10\/4\/f768x1-589715_589842_15.jpg\" alt=\"\" width=\"1069\" height=\"720\" \/><\/figure>\n<figure class=\"wp-block-image is-resized\"><figcaption><em>Todav\u00eda no se ha determinado la superficie exacta en la que regir\u00e1 el parque nacional. Foto: AFP.<\/em><\/figcaption><\/figure>\n<h2><strong>\u00bfQu\u00e9 es el fen\u00f3meno del desierto florido de Atacama?<\/strong><\/h2>\n<p>En el\u00a0<strong>desierto de\u00a0Atacama<\/strong>, cada algunos a\u00f1os ocurre un impresionante fen\u00f3meno natural: la floraci\u00f3n de decenas de especies que crean un manto colorido en una zona donde las condiciones para la vegetaci\u00f3n son extremas.<\/p>\n<p>De acuerdo con expertos, el cambio clim\u00e1tico est\u00e1 contribuyendo a que el\u00a0\u201cdesierto florido\u201d, como lo denominan los chilenos, sea un fen\u00f3meno cada vez m\u00e1s frecuente.<\/p>\n<figure class=\"wp-block-image is-resized\"><img loading=\"lazy\" decoding=\"async\" src=\"https:\/\/heraldodemexico.com.mx\/u\/fotografias\/m\/2022\/10\/4\/f768x1-589714_589841_5050.jpg\" alt=\"\" width=\"1065\" height=\"693\" \/><\/figure>\n<figure class=\"wp-block-image is-resized\"><figcaption><em>El fen\u00f3meno se da en la ciudad de Copiap\u00f3 y en el norte de la localidad de Vallenar. Foto: AFP.<\/em><\/figcaption><\/figure>\n<p>A\u00f1os anteriores se observaron en esta zona diversidades de huillis (desde blanco a lili\u00e1ceo), a\u00f1a\u00f1ucas (rosadas-blancas, amarillas y rojas), nolanas (blanca, celeste y azul), cristarias (lila palido), malvillas (blancas, rosadas y moradas) y solan\u00e1ceas.<\/p>\n<p>\u201cEn este lugar, florecen cada tres o cinco o 10 a\u00f1os, dependiendo de las condiciones clim\u00e1ticas, m\u00e1s de 200 especies de plantas, las que a la vez permiten la llegada de insectos y fauna en busca de alimentos\u201d, explic\u00f3 la ministra de Bienes Nacionales, Javiera Toro, al hablar sobre el nuevo parque.<\/p>\n<figure class=\"wp-block-image is-resized\"><img loading=\"lazy\" decoding=\"async\" src=\"https:\/\/heraldodemexico.com.mx\/u\/fotografias\/m\/2022\/10\/4\/f768x1-589713_589840_5050.jpg\" alt=\"\" width=\"1067\" height=\"718\" \/><figcaption><em>De acuerdo con el presidente chileno Gabriel Boric, el parque tendr\u00e1 los est\u00e1ndares de protecci\u00f3n ambiental m\u00e1s altos. Foto: AFP.<\/em><\/figcaption><\/figure>\n","protected":false},"excerpt":{"rendered":"<p>El pasado domingo, el\u00a0gobierno de Chile\u00a0anunci\u00f3 la creaci\u00f3n de un parque nacional, la zona sur del\u00a0desierto de\u00a0Atacama, el m\u00e1s \u00e1rido del mundo, para proteger el&hellip;<\/p>\n","protected":false},"author":99,"featured_media":505908,"comment_status":"open","ping_status":"open","sticky":false,"template":"","format":"standard","meta":{"footnotes":""},"categories":[11358,23],"tags":[],"class_list":["post-505907","post","type-post","status-publish","format-standard","has-post-thumbnail","hentry","category-especiales","category-latinoamerica"],"_links":{"self":[{"href":"https:\/\/diarioelpopular.com\/index.php\/wp-json\/wp\/v2\/posts\/505907","targetHints":{"allow":["GET"]}}],"collection":[{"href":"https:\/\/diarioelpopular.com\/index.php\/wp-json\/wp\/v2\/posts"}],"about":[{"href":"https:\/\/diarioelpopular.com\/index.php\/wp-json\/wp\/v2\/types\/post"}],"author":[{"embeddable":true,"href":"https:\/\/diarioelpopular.com\/index.php\/wp-json\/wp\/v2\/users\/99"}],"replies":[{"embeddable":true,"href":"https:\/\/diarioelpopular.com\/index.php\/wp-json\/wp\/v2\/comments?post=505907"}],"version-history":[{"count":1,"href":"https:\/\/diarioelpopular.com\/index.php\/wp-json\/wp\/v2\/posts\/505907\/revisions"}],"predecessor-version":[{"id":505909,"href":"https:\/\/diarioelpopular.com\/index.php\/wp-json\/wp\/v2\/posts\/505907\/revisions\/505909"}],"wp:featuredmedia":[{"embeddable":true,"href":"https:\/\/diarioelpopular.com\/index.php\/wp-json\/wp\/v2\/media\/505908"}],"wp:attachment":[{"href":"https:\/\/diarioelpopular.com\/index.php\/wp-json\/wp\/v2\/media?parent=505907"}],"wp:term":[{"taxonomy":"category","embeddable":true,"href":"https:\/\/diarioelpopular.com\/index.php\/wp-json\/wp\/v2\/categories?post=505907"},{"taxonomy":"post_tag","embeddable":true,"href":"https:\/\/diarioelpopular.com\/index.php\/wp-json\/wp\/v2\/tags?post=505907"}],"curies":[{"name":"wp","href":"https:\/\/api.w.org\/{rel}","templated":true}]}}