{"id":505981,"date":"2022-10-10T12:01:34","date_gmt":"2022-10-10T16:01:34","guid":{"rendered":"https:\/\/diarioelpopular.com\/?p=505981"},"modified":"2022-10-10T12:01:34","modified_gmt":"2022-10-10T16:01:34","slug":"que-es-la-nina-el-fenomeno-meteorologico-detras-de-la-tragedia-en-venezuela-y-otros-desastres-naturales-en-america-latina","status":"publish","type":"post","link":"https:\/\/diarioelpopular.com\/index.php\/2022\/10\/10\/que-es-la-nina-el-fenomeno-meteorologico-detras-de-la-tragedia-en-venezuela-y-otros-desastres-naturales-en-america-latina\/","title":{"rendered":"Qu\u00e9 es la Ni\u00f1a, el fen\u00f3meno meteorol\u00f3gico detr\u00e1s de la tragedia en Venezuela (y otros desastres naturales en Am\u00e9rica Latina)"},"content":{"rendered":"<p dir=\"ltr\">\n<p dir=\"ltr\"><img loading=\"lazy\" decoding=\"async\" class=\"alignnone size-custom-full-size wp-image-505982\" src=\"https:\/\/diarioelpopular.com\/wp-content\/uploads\/2022\/10\/127032152_gettyimages-1243853810.jpg.webp_-636x358.jpg\" alt=\"\" width=\"636\" height=\"358\" srcset=\"https:\/\/diarioelpopular.com\/wp-content\/uploads\/2022\/10\/127032152_gettyimages-1243853810.jpg.webp_-636x358.jpg 636w, https:\/\/diarioelpopular.com\/wp-content\/uploads\/2022\/10\/127032152_gettyimages-1243853810.jpg.webp_-300x169.jpg 300w, https:\/\/diarioelpopular.com\/wp-content\/uploads\/2022\/10\/127032152_gettyimages-1243853810.jpg.webp_-768x432.jpg 768w, https:\/\/diarioelpopular.com\/wp-content\/uploads\/2022\/10\/127032152_gettyimages-1243853810.jpg.webp_-130x73.jpg 130w, https:\/\/diarioelpopular.com\/wp-content\/uploads\/2022\/10\/127032152_gettyimages-1243853810.jpg.webp_.jpg 800w\" sizes=\"auto, (max-width: 636px) 100vw, 636px\" \/><\/p>\n<p dir=\"ltr\"><em>Vecinos buscan a sobrevivientes tras las fuertes lluvias en Las Tejerias, Venezuela.<\/em><\/p>\n<p dir=\"ltr\">\n<div class=\"bbc-19j92fr ebmt73l0\" dir=\"ltr\">\n<p class=\"bbc-hhl7in e17g058b0\" dir=\"ltr\"><em><b>&#8211; La Ni\u00f1a est\u00e1 de vuelta y ya est\u00e1 causando estragos en Am\u00e9rica Latina nuevamente.<\/b><\/em><\/p>\n<\/div>\n<div class=\"bbc-19j92fr ebmt73l0\" dir=\"ltr\">\n<p dir=\"ltr\">\n<p class=\"bbc-hhl7in e17g058b0\" dir=\"ltr\">Al menos 25 personas han muerto y 52 se encuentran desaparecidas luego de que sus efectos trajeran lluvias torrenciales que ocasionaron el desborde de r\u00edos y quebradas en Las Tejer\u00edas, una poblaci\u00f3n en el estado Aragua, en el centronorte de Venezuela.<\/p>\n<\/div>\n<div class=\"bbc-19j92fr ebmt73l0\" dir=\"ltr\">\n<p class=\"bbc-hhl7in e17g058b0\" dir=\"ltr\">Nicol\u00e1s Maduro, el presidente de la naci\u00f3n sudamericana, ha calificado la situaci\u00f3n en la zona como &#8220;dif\u00edcil y dolorosa&#8221;. Muchas personas perdieron sus casas y permanecen sin electricidad y sin servicio de agua potable.<\/p>\n<\/div>\n<div class=\"bbc-19j92fr ebmt73l0\" dir=\"ltr\">\n<p class=\"bbc-hhl7in e17g058b0\" dir=\"ltr\">El presidente declar\u00f3 la poblaci\u00f3n como &#8220;zona de desastre y cat\u00e1strofe natural&#8221; y anunci\u00f3 tres d\u00edas de duelo por las p\u00e9rdidas humanas registradas.<\/p>\n<p dir=\"ltr\">\n<\/div>\n<div class=\"bbc-19j92fr ebmt73l0\" dir=\"ltr\">\n<p class=\"bbc-hhl7in e17g058b0\" dir=\"ltr\">Pero, \u00bfqu\u00e9 es precisamente la Ni\u00f1a y c\u00f3mo afecta al clima de Am\u00e9rica Latina?<\/p>\n<\/div>\n<div class=\"bbc-1n4f7vm ebmt73l0\" dir=\"ltr\">\n<section class=\"bbc-1tuvzyv etbfg571\" role=\"region\" data-e2e=\"recommendations-heading\" aria-labelledby=\"recommendations-heading\">\n<div class=\"bbc-bjn8wh eveec6k2\">\n<ul class=\"ebmt73l0 bbc-1ulo99h e13i2e3d0\" dir=\"ltr\" role=\"list\">\n<li class=\"ebmt73l0 bbc-14u3acj e13i2e3d2\" dir=\"ltr\" role=\"listitem\">\n<div class=\"bbc-1p4354k ebmt73l0\" dir=\"ltr\">\n<div class=\"bbc-1ugu3vp eyj10mi4\" data-e2e=\"story-promo-wrapper\">\n<div class=\"bbc-14nqykl eyj10mi2\">\n<div class=\"bbc-cluhc0 eyj10mi0\"><\/div>\n<\/div>\n<\/div>\n<\/div>\n<\/li>\n<li class=\"ebmt73l0 bbc-14u3acj e13i2e3d2\" dir=\"ltr\" role=\"listitem\">\n<div class=\"bbc-1p4354k ebmt73l0\" dir=\"ltr\">\n<div class=\"bbc-1ugu3vp eyj10mi4\" data-e2e=\"story-promo-wrapper\">\n<div class=\"bbc-18x5xq4 eyj10mi3\">\n<div class=\"bbc-997y1y eihqrxw0\" data-e2e=\"image-placeholder\">\n<div class=\"lazyload-wrapper \"><picture class=\"bbc-yfiktt e1mo64ex1\"><source srcset=\"https:\/\/ichef.bbci.co.uk\/news\/70\/cpsprodpb\/6AC5\/production\/_127033372_tv079422427.jpg.webp 70w, https:\/\/ichef.bbci.co.uk\/news\/95\/cpsprodpb\/6AC5\/production\/_127033372_tv079422427.jpg.webp 95w, https:\/\/ichef.bbci.co.uk\/news\/144\/cpsprodpb\/6AC5\/production\/_127033372_tv079422427.jpg.webp 144w, https:\/\/ichef.bbci.co.uk\/news\/183\/cpsprodpb\/6AC5\/production\/_127033372_tv079422427.jpg.webp 183w, https:\/\/ichef.bbci.co.uk\/news\/240\/cpsprodpb\/6AC5\/production\/_127033372_tv079422427.jpg.webp 240w, https:\/\/ichef.bbci.co.uk\/news\/320\/cpsprodpb\/6AC5\/production\/_127033372_tv079422427.jpg.webp 320w, https:\/\/ichef.bbci.co.uk\/news\/660\/cpsprodpb\/6AC5\/production\/_127033372_tv079422427.jpg.webp 660w\" type=\"image\/webp\" \/><source srcset=\"https:\/\/ichef.bbci.co.uk\/news\/70\/cpsprodpb\/6AC5\/production\/_127033372_tv079422427.jpg 70w, https:\/\/ichef.bbci.co.uk\/news\/95\/cpsprodpb\/6AC5\/production\/_127033372_tv079422427.jpg 95w, https:\/\/ichef.bbci.co.uk\/news\/144\/cpsprodpb\/6AC5\/production\/_127033372_tv079422427.jpg 144w, https:\/\/ichef.bbci.co.uk\/news\/183\/cpsprodpb\/6AC5\/production\/_127033372_tv079422427.jpg 183w, https:\/\/ichef.bbci.co.uk\/news\/240\/cpsprodpb\/6AC5\/production\/_127033372_tv079422427.jpg 240w, https:\/\/ichef.bbci.co.uk\/news\/320\/cpsprodpb\/6AC5\/production\/_127033372_tv079422427.jpg 320w, https:\/\/ichef.bbci.co.uk\/news\/660\/cpsprodpb\/6AC5\/production\/_127033372_tv079422427.jpg 660w\" type=\"image\/jpeg\" \/><img loading=\"lazy\" decoding=\"async\" class=\"e3vrtyk0 bbc-rb7xa0 e1mo64ex0\" src=\"https:\/\/ichef.bbci.co.uk\/news\/660\/cpsprodpb\/6AC5\/production\/_127033372_tv079422427.jpg\" alt=\"Deslave en Las Tejer\u00edas\" width=\"768\" height=\"432\" \/><\/picture><\/div>\n<\/div>\n<\/div>\n<div class=\"bbc-14nqykl eyj10mi2\">\n<div class=\"bbc-cluhc0 eyj10mi0\"><\/div>\n<\/div>\n<\/div>\n<p>La Ni\u00f1a<\/p><\/div>\n<\/li>\n<\/ul>\n<\/div>\n<\/section>\n<\/div>\n<div class=\"bbc-19j92fr ebmt73l0\" dir=\"ltr\">\n<p class=\"bbc-hhl7in e17g058b0\" dir=\"ltr\">Para entender qu\u00e9 es La Ni\u00f1a es preciso explicar el fen\u00f3meno m\u00e1s general en el que se engloba: el llamado evento ENOS o\u00a0El Ni\u00f1o-Oscilaci\u00f3n del Sur.<\/p>\n<\/div>\n<div class=\"bbc-19j92fr ebmt73l0\" dir=\"ltr\">\n<p class=\"bbc-hhl7in e17g058b0\" dir=\"ltr\">El Ni\u00f1o es un patr\u00f3n clim\u00e1tico que causa un debilitamiento de los vientos alisios en el hemisferio sur del Pac\u00edfico.<\/p>\n<\/div>\n<div class=\"bbc-1ka88fa ebmt73l0\" dir=\"ltr\">\n<figure class=\"bbc-1qdcvv9 e1aczekt0\">\n<div class=\"bbc-172p16q ebmt73l0\" dir=\"ltr\">\n<div class=\"bbc-172p16q ebmt73l0\" dir=\"ltr\">\n<div class=\"bbc-189y18v ebmt73l0\" dir=\"ltr\">\n<div class=\"bbc-997y1y eihqrxw0\" data-e2e=\"image-placeholder\">\n<div class=\"lazyload-wrapper \"><picture class=\"bbc-yfiktt e1mo64ex1\"><source srcset=\"https:\/\/ichef.bbci.co.uk\/news\/240\/cpsprodpb\/4C3F\/production\/_98691591_150428075520_ecuador624.jpg.webp 240w, https:\/\/ichef.bbci.co.uk\/news\/320\/cpsprodpb\/4C3F\/production\/_98691591_150428075520_ecuador624.jpg.webp 320w, https:\/\/ichef.bbci.co.uk\/news\/480\/cpsprodpb\/4C3F\/production\/_98691591_150428075520_ecuador624.jpg.webp 480w, https:\/\/ichef.bbci.co.uk\/news\/624\/cpsprodpb\/4C3F\/production\/_98691591_150428075520_ecuador624.jpg.webp 624w, https:\/\/ichef.bbci.co.uk\/news\/800\/cpsprodpb\/4C3F\/production\/_98691591_150428075520_ecuador624.jpg.webp 800w\" type=\"image\/webp\" sizes=\"(min-width: 1008px) 645px, 100vw\" \/><source srcset=\"https:\/\/ichef.bbci.co.uk\/news\/240\/cpsprodpb\/4C3F\/production\/_98691591_150428075520_ecuador624.jpg 240w, https:\/\/ichef.bbci.co.uk\/news\/320\/cpsprodpb\/4C3F\/production\/_98691591_150428075520_ecuador624.jpg 320w, https:\/\/ichef.bbci.co.uk\/news\/480\/cpsprodpb\/4C3F\/production\/_98691591_150428075520_ecuador624.jpg 480w, https:\/\/ichef.bbci.co.uk\/news\/624\/cpsprodpb\/4C3F\/production\/_98691591_150428075520_ecuador624.jpg 624w, https:\/\/ichef.bbci.co.uk\/news\/800\/cpsprodpb\/4C3F\/production\/_98691591_150428075520_ecuador624.jpg 800w\" type=\"image\/jpeg\" sizes=\"(min-width: 1008px) 645px, 100vw\" \/><img loading=\"lazy\" decoding=\"async\" class=\"e3vrtyk0 bbc-rb7xa0 e1mo64ex0\" src=\"https:\/\/ichef.bbci.co.uk\/news\/640\/cpsprodpb\/4C3F\/production\/_98691591_150428075520_ecuador624.jpg\" alt=\"Cuando El Ni\u00f1o est\u00e1 activo, el agua del oc\u00e9ano en la zona ecuatorial est\u00e1 m\u00e1s caliente.\" width=\"976\" height=\"549\" \/><\/picture><\/div>\n<\/div>\n<\/div>\n<div class=\"bbc-3edg7g ebmt73l0\" dir=\"ltr\"><\/div>\n<\/div>\n<\/div>\n<p><em>Cuando El Ni\u00f1o est\u00e1 activo, el agua del oc\u00e9ano en la zona ecuatorial est\u00e1 m\u00e1s caliente.<\/em><\/p>\n<div class=\"bbc-172p16q ebmt73l0\" dir=\"ltr\">\n<div class=\"bbc-3edg7g ebmt73l0\" dir=\"ltr\"><\/div>\n<\/div>\n<\/figure>\n<p>&nbsp;<\/p>\n<\/div>\n<div class=\"bbc-19j92fr ebmt73l0\" dir=\"ltr\">\n<p class=\"bbc-hhl7in e17g058b0\" dir=\"ltr\">Esos vientos, cuando son normales, arrastran las aguas superficiales desde las costas hacia el oc\u00e9ano y esto provoca que las aguas fr\u00edas de las profundidades surjan all\u00ed.<\/p>\n<\/div>\n<div class=\"bbc-19j92fr ebmt73l0\" dir=\"ltr\">\n<p class=\"bbc-hhl7in e17g058b0\" dir=\"ltr\">Esa agua fr\u00eda es lo normal en la zona ecuatorial de la costa de Sudam\u00e9rica.<\/p>\n<\/div>\n<div class=\"bbc-19j92fr ebmt73l0\" dir=\"ltr\">\n<p class=\"bbc-hhl7in e17g058b0\" dir=\"ltr\">Cuando esos vientos alisios se debilitan cesa ese proceso, al agua caliente se acumula y se produce un aumento de la superficie del mar en la costa de Per\u00fa y Ecuador, principalmente.<\/p>\n<\/div>\n<div class=\"bbc-19j92fr ebmt73l0\" dir=\"ltr\">\n<p class=\"bbc-hhl7in e17g058b0\" dir=\"ltr\">Ahora bien, cuando los alisios son muy fuertes y se refuerza la subida de esa agua fr\u00eda en la zona ecuatorial y la temperatura del mar est\u00e1 por debajo de lo normal, comienza a manifestarse el fen\u00f3meno de\u00a0La Ni\u00f1a, que viene a ser un patr\u00f3n clim\u00e1tico opuesto a las condiciones de El Ni\u00f1o.<\/p>\n<p dir=\"ltr\">\n<\/div>\n<div class=\"bbc-1ka88fa ebmt73l0\" dir=\"ltr\">\n<figure class=\"bbc-1qdcvv9 e1aczekt0\">\n<div class=\"bbc-172p16q ebmt73l0\" dir=\"ltr\">\n<div class=\"bbc-189y18v ebmt73l0\" dir=\"ltr\">\n<div class=\"bbc-997y1y eihqrxw0\" data-e2e=\"image-placeholder\">\n<div class=\"lazyload-wrapper \"><picture class=\"bbc-yfiktt e1mo64ex1\"><source srcset=\"https:\/\/ichef.bbci.co.uk\/news\/240\/cpsprodpb\/154AA\/production\/_126601278_grafico.png.webp 240w, https:\/\/ichef.bbci.co.uk\/news\/320\/cpsprodpb\/154AA\/production\/_126601278_grafico.png.webp 320w, https:\/\/ichef.bbci.co.uk\/news\/480\/cpsprodpb\/154AA\/production\/_126601278_grafico.png.webp 480w, https:\/\/ichef.bbci.co.uk\/news\/624\/cpsprodpb\/154AA\/production\/_126601278_grafico.png.webp 624w, https:\/\/ichef.bbci.co.uk\/news\/800\/cpsprodpb\/154AA\/production\/_126601278_grafico.png.webp 800w\" type=\"image\/webp\" sizes=\"(min-width: 1008px) 645px, 100vw\" \/><source srcset=\"https:\/\/ichef.bbci.co.uk\/news\/240\/cpsprodpb\/154AA\/production\/_126601278_grafico.png 240w, https:\/\/ichef.bbci.co.uk\/news\/320\/cpsprodpb\/154AA\/production\/_126601278_grafico.png 320w, https:\/\/ichef.bbci.co.uk\/news\/480\/cpsprodpb\/154AA\/production\/_126601278_grafico.png 480w, https:\/\/ichef.bbci.co.uk\/news\/624\/cpsprodpb\/154AA\/production\/_126601278_grafico.png 624w, https:\/\/ichef.bbci.co.uk\/news\/800\/cpsprodpb\/154AA\/production\/_126601278_grafico.png 800w\" type=\"image\/png\" sizes=\"(min-width: 1008px) 645px, 100vw\" \/><img loading=\"lazy\" decoding=\"async\" class=\"e3vrtyk0 bbc-rb7xa0 e1mo64ex0\" src=\"https:\/\/ichef.bbci.co.uk\/news\/640\/cpsprodpb\/154AA\/production\/_126601278_grafico.png\" alt=\"Gr\u00e1fico de la OMM sobre la probabilidad de ocurrencia del ENOS\" width=\"976\" height=\"549\" \/><\/picture><\/div>\n<p class=\"bbc-1s1cxbv ewbcsnk0\" role=\"text\"><em><span class=\"bbc-1gnhmg2 ed7bp6y0\">FUENTE DE LA IMAGEN,<\/span><span lang=\"en-GB\">OMM<\/span><\/em><\/p>\n<\/div>\n<\/div>\n<\/div>\n<\/figure>\n<\/div>\n<div class=\"bbc-19j92fr ebmt73l0\" dir=\"ltr\">\n<p class=\"bbc-hhl7in e17g058b0\" dir=\"ltr\">Generalmente, entre las dos fases, ocurre un periodo llamado &#8220;zona neutra&#8221; (en la que nos encontr\u00e1bamos hasta hace poco) en la que ninguno de los dos eventos est\u00e1n notablemente activos y las temperaturas est\u00e1n sobre el promedio.<\/p>\n<\/div>\n<div class=\"bbc-19j92fr ebmt73l0\" dir=\"ltr\">\n<h2 id=\"Cu\u00e1les-son-sus-efectos\" class=\"bbc-1f03ibc eglt09e0\" tabindex=\"-1\">\u00bfCu\u00e1les son sus efectos?<\/h2>\n<\/div>\n<div class=\"bbc-19j92fr ebmt73l0\" dir=\"ltr\">\n<p class=\"bbc-hhl7in e17g058b0\" dir=\"ltr\">Los efectos de La Ni\u00f1a y el Ni\u00f1o, que van desde sequ\u00edas a inundaciones, de lluvias intensas a huracanes, dependen siempre de la zona de la oscilaci\u00f3n: puede producir indistintamente sequ\u00edas en Latinoam\u00e9rica, nevadas intensas en la zona norte de Estados Unidos o sequ\u00edas en Australia o en las islas del Pac\u00edfico.<\/p>\n<\/div>\n<div class=\"bbc-19j92fr ebmt73l0\" dir=\"ltr\">\n<p class=\"bbc-hhl7in e17g058b0\" dir=\"ltr\">Y aunque siguen patrones, esto no implica que cada vez que se activen las condiciones se manifiesten de la misma manera: ning\u00fan evento de La Ni\u00f1a es como otro.<\/p>\n<\/div>\n<div class=\"bbc-19j92fr ebmt73l0\" dir=\"ltr\">\n<p class=\"bbc-hhl7in e17g058b0\" dir=\"ltr\">La NOAA y otras organizaciones meteorol\u00f3gicas de Am\u00e9rica Latina pronosticaron hace un par de meses &#8220;una La Ni\u00f1a de intensidad moderada&#8221;.<\/p>\n<\/div>\n<div class=\"bbc-1ka88fa ebmt73l0\" dir=\"ltr\">\n<figure class=\"bbc-1qdcvv9 e1aczekt0\">\n<div class=\"bbc-172p16q ebmt73l0\" dir=\"ltr\">\n<div class=\"bbc-172p16q ebmt73l0\" dir=\"ltr\">\n<div class=\"bbc-189y18v ebmt73l0\" dir=\"ltr\">\n<div class=\"bbc-997y1y eihqrxw0\" data-e2e=\"image-placeholder\">\n<div class=\"lazyload-wrapper \"><picture class=\"bbc-yfiktt e1mo64ex1\"><source srcset=\"https:\/\/ichef.bbci.co.uk\/news\/240\/cpsprodpb\/D753\/production\/_127032155_t3xxovgg7vm7tpat4fogmdhy64.jpg.webp 240w, https:\/\/ichef.bbci.co.uk\/news\/320\/cpsprodpb\/D753\/production\/_127032155_t3xxovgg7vm7tpat4fogmdhy64.jpg.webp 320w, https:\/\/ichef.bbci.co.uk\/news\/480\/cpsprodpb\/D753\/production\/_127032155_t3xxovgg7vm7tpat4fogmdhy64.jpg.webp 480w, https:\/\/ichef.bbci.co.uk\/news\/624\/cpsprodpb\/D753\/production\/_127032155_t3xxovgg7vm7tpat4fogmdhy64.jpg.webp 624w, https:\/\/ichef.bbci.co.uk\/news\/800\/cpsprodpb\/D753\/production\/_127032155_t3xxovgg7vm7tpat4fogmdhy64.jpg.webp 800w\" type=\"image\/webp\" sizes=\"(min-width: 1008px) 645px, 100vw\" \/><source srcset=\"https:\/\/ichef.bbci.co.uk\/news\/240\/cpsprodpb\/D753\/production\/_127032155_t3xxovgg7vm7tpat4fogmdhy64.jpg 240w, https:\/\/ichef.bbci.co.uk\/news\/320\/cpsprodpb\/D753\/production\/_127032155_t3xxovgg7vm7tpat4fogmdhy64.jpg 320w, https:\/\/ichef.bbci.co.uk\/news\/480\/cpsprodpb\/D753\/production\/_127032155_t3xxovgg7vm7tpat4fogmdhy64.jpg 480w, https:\/\/ichef.bbci.co.uk\/news\/624\/cpsprodpb\/D753\/production\/_127032155_t3xxovgg7vm7tpat4fogmdhy64.jpg 624w, https:\/\/ichef.bbci.co.uk\/news\/800\/cpsprodpb\/D753\/production\/_127032155_t3xxovgg7vm7tpat4fogmdhy64.jpg 800w\" type=\"image\/jpeg\" sizes=\"(min-width: 1008px) 645px, 100vw\" \/><img loading=\"lazy\" decoding=\"async\" class=\"e3vrtyk0 bbc-rb7xa0 e1mo64ex0\" src=\"https:\/\/ichef.bbci.co.uk\/news\/640\/cpsprodpb\/D753\/production\/_127032155_t3xxovgg7vm7tpat4fogmdhy64.jpg\" alt=\"Una familia sentada alrededor de sus pertenencias tras las inundaciones en Las Tejerias.\" width=\"976\" height=\"549\" \/><\/picture><\/div>\n<\/div>\n<\/div>\n<\/div>\n<\/div><figcaption class=\"bbc-rhuvwm e6i104o0\" dir=\"ltr\"><em>Una familia sentada alrededor de sus pertenencias tras las inundaciones en Las Tejerias.<\/em><\/p>\n<\/figcaption><div class=\"bbc-172p16q ebmt73l0\" dir=\"ltr\">\n<div class=\"bbc-3edg7g ebmt73l0\" dir=\"ltr\"><\/div>\n<\/div>\n<\/figure>\n<\/div>\n<div class=\"bbc-19j92fr ebmt73l0\" dir=\"ltr\">\n<p class=\"bbc-hhl7in e17g058b0\" dir=\"ltr\">En a\u00f1os anteriores, el fen\u00f3meno hab\u00eda sido m\u00e1s d\u00e9bil, aunque desde 2020 se comenzaron a experimentar s\u00edntomas de un potencial fortalecimiento con una larga temporada de huracanes en el Atl\u00e1ntico, condiciones de sequ\u00eda en Am\u00e9rica del Sur y fuertes lluvias en Centroam\u00e9rica y el norte de Suram\u00e9rica.<\/p>\n<\/div>\n<div class=\"bbc-19j92fr ebmt73l0\" dir=\"ltr\">\n<h2 id=\"Lluvias-o-sequ\u00eda\" class=\"bbc-1f03ibc eglt09e0\" tabindex=\"-1\">Lluvias o sequ\u00eda<\/h2>\n<\/div>\n<div class=\"bbc-19j92fr ebmt73l0\" dir=\"ltr\">\n<p class=\"bbc-hhl7in e17g058b0\" dir=\"ltr\">Generalmente, La Ni\u00f1a se manifiesta en dos formas totalmente diferentes en Am\u00e9rica Latina: lluvias intensas y abundantes,\u00a0aumento del caudal de los r\u00edos y posteriores inundaciones\u00a0en Venezuela, Colombia, Ecuador y el norte de Brasil; y en condiciones de sequ\u00eda en Per\u00fa, Bolivia, el sur de Brasil, Argentina y Chile.<\/p>\n<\/div>\n<div class=\"bbc-19j92fr ebmt73l0\" dir=\"ltr\">\n<p class=\"bbc-hhl7in e17g058b0\" dir=\"ltr\">Varios de estos \u00faltimos pa\u00edses viven desde el pasado a\u00f1o una intensa sequ\u00eda, que ha afectado los cultivos, ha secado r\u00edos e impactado la generaci\u00f3n hidroel\u00e9ctrica.<\/p>\n<p dir=\"ltr\">\n<\/div>\n<div class=\"e18mih2h1 bbc-9m7iam ebmt73l0\" dir=\"ltr\">\n<figure class=\"bbc-1qdcvv9 e1aczekt0\">\n<div class=\"bbc-vx18wi ebmt73l0\" dir=\"ltr\">\n<div class=\"bbc-rprdln ebmt73l0\" dir=\"ltr\">\n<div class=\"bbc-997y1y eihqrxw0\" data-e2e=\"image-placeholder\">\n<div class=\"lazyload-wrapper \"><picture class=\"bbc-yfiktt e1mo64ex1\"><source srcset=\"https:\/\/ichef.bbci.co.uk\/news\/240\/cpsprodpb\/2ABE\/production\/_121924901_rainfall_lanina-nc.png.webp 240w, https:\/\/ichef.bbci.co.uk\/news\/320\/cpsprodpb\/2ABE\/production\/_121924901_rainfall_lanina-nc.png.webp 320w, https:\/\/ichef.bbci.co.uk\/news\/480\/cpsprodpb\/2ABE\/production\/_121924901_rainfall_lanina-nc.png.webp 480w, https:\/\/ichef.bbci.co.uk\/news\/624\/cpsprodpb\/2ABE\/production\/_121924901_rainfall_lanina-nc.png.webp 624w, https:\/\/ichef.bbci.co.uk\/news\/641\/cpsprodpb\/2ABE\/production\/_121924901_rainfall_lanina-nc.png.webp 641w\" type=\"image\/webp\" sizes=\"(min-width: 1008px) 645px, 100vw\" \/><source srcset=\"https:\/\/ichef.bbci.co.uk\/news\/240\/cpsprodpb\/2ABE\/production\/_121924901_rainfall_lanina-nc.png 240w, https:\/\/ichef.bbci.co.uk\/news\/320\/cpsprodpb\/2ABE\/production\/_121924901_rainfall_lanina-nc.png 320w, https:\/\/ichef.bbci.co.uk\/news\/480\/cpsprodpb\/2ABE\/production\/_121924901_rainfall_lanina-nc.png 480w, https:\/\/ichef.bbci.co.uk\/news\/624\/cpsprodpb\/2ABE\/production\/_121924901_rainfall_lanina-nc.png 624w, https:\/\/ichef.bbci.co.uk\/news\/641\/cpsprodpb\/2ABE\/production\/_121924901_rainfall_lanina-nc.png 641w\" type=\"image\/png\" sizes=\"(min-width: 1008px) 645px, 100vw\" \/><img loading=\"lazy\" decoding=\"async\" class=\"e3vrtyk0 bbc-rb7xa0 e1mo64ex0\" src=\"https:\/\/ichef.bbci.co.uk\/news\/640\/cpsprodpb\/2ABE\/production\/_121924901_rainfall_lanina-nc.png\" alt=\"Efectos de La Ni\u00f1a\" width=\"641\" height=\"842\" \/><\/picture><\/div>\n<\/div>\n<\/div>\n<\/div>\n<\/figure>\n<\/div>\n<div class=\"bbc-19j92fr ebmt73l0\" dir=\"ltr\">\n<p dir=\"ltr\">\n<p class=\"bbc-hhl7in e17g058b0\" dir=\"ltr\">Se teme que La Ni\u00f1a retrase a\u00fan m\u00e1s la temporada de lluvias en el Cono Sur y haga de 2022 un a\u00f1o a\u00fan m\u00e1s seco.<\/p>\n<\/div>\n<div class=\"bbc-19j92fr ebmt73l0\" dir=\"ltr\">\n<p class=\"bbc-hhl7in e17g058b0\" dir=\"ltr\">La NOAA ha se\u00f1alado que La Ni\u00f1a puede influir en los \u00faltimos meses de la actual temporada cicl\u00f3nica en el Atl\u00e1ntico, que ha sido particularmente activa.<\/p>\n<\/div>\n<div class=\"bbc-19j92fr ebmt73l0\" dir=\"ltr\">\n<h2 id=\"Sus-efectos-en-otros-pa\u00edses\" class=\"bbc-1f03ibc eglt09e0\" tabindex=\"-1\">Sus efectos en otros pa\u00edses<\/h2>\n<\/div>\n<div class=\"bbc-19j92fr ebmt73l0\" dir=\"ltr\">\n<p class=\"bbc-hhl7in e17g058b0\" dir=\"ltr\">En M\u00e9xico, las autoridades meteorol\u00f3gicas indicaron que una nueva activaci\u00f3n del evento podr\u00eda traducirse en una\u00a0extensi\u00f3n del periodo de lluvias\u00a0hasta finales de noviembre, as\u00ed como precipitaciones intensas en algunas partes del pa\u00eds en las que no son frecuentes y luego, un invierno m\u00e1s seco.<\/p>\n<\/div>\n<div class=\"bbc-1ka88fa ebmt73l0\" dir=\"ltr\">\n<figure class=\"bbc-1qdcvv9 e1aczekt0\">\n<div class=\"bbc-172p16q ebmt73l0\" dir=\"ltr\">\n<div class=\"bbc-172p16q ebmt73l0\" dir=\"ltr\">\n<div class=\"bbc-189y18v ebmt73l0\" dir=\"ltr\">\n<div class=\"bbc-997y1y eihqrxw0\" data-e2e=\"image-placeholder\">\n<div class=\"lazyload-wrapper \"><picture class=\"bbc-yfiktt e1mo64ex1\"><source srcset=\"https:\/\/ichef.bbci.co.uk\/news\/240\/cpsprodpb\/5E6C\/production\/_127027142_venezuela_lluvias_reuters.jpg.webp 240w, https:\/\/ichef.bbci.co.uk\/news\/320\/cpsprodpb\/5E6C\/production\/_127027142_venezuela_lluvias_reuters.jpg.webp 320w, https:\/\/ichef.bbci.co.uk\/news\/480\/cpsprodpb\/5E6C\/production\/_127027142_venezuela_lluvias_reuters.jpg.webp 480w, https:\/\/ichef.bbci.co.uk\/news\/624\/cpsprodpb\/5E6C\/production\/_127027142_venezuela_lluvias_reuters.jpg.webp 624w, https:\/\/ichef.bbci.co.uk\/news\/800\/cpsprodpb\/5E6C\/production\/_127027142_venezuela_lluvias_reuters.jpg.webp 800w\" type=\"image\/webp\" sizes=\"(min-width: 1008px) 645px, 100vw\" \/><source srcset=\"https:\/\/ichef.bbci.co.uk\/news\/240\/cpsprodpb\/5E6C\/production\/_127027142_venezuela_lluvias_reuters.jpg 240w, https:\/\/ichef.bbci.co.uk\/news\/320\/cpsprodpb\/5E6C\/production\/_127027142_venezuela_lluvias_reuters.jpg 320w, https:\/\/ichef.bbci.co.uk\/news\/480\/cpsprodpb\/5E6C\/production\/_127027142_venezuela_lluvias_reuters.jpg 480w, https:\/\/ichef.bbci.co.uk\/news\/624\/cpsprodpb\/5E6C\/production\/_127027142_venezuela_lluvias_reuters.jpg 624w, https:\/\/ichef.bbci.co.uk\/news\/800\/cpsprodpb\/5E6C\/production\/_127027142_venezuela_lluvias_reuters.jpg 800w\" type=\"image\/jpeg\" sizes=\"(min-width: 1008px) 645px, 100vw\" \/><img loading=\"lazy\" decoding=\"async\" class=\"e3vrtyk0 bbc-rb7xa0 e1mo64ex0\" src=\"https:\/\/ichef.bbci.co.uk\/news\/640\/cpsprodpb\/5E6C\/production\/_127027142_venezuela_lluvias_reuters.jpg\" alt=\"Una mujer llora en Las Tejer\u00edas, Venezuela\" width=\"976\" height=\"549\" \/><\/picture><\/div>\n<\/div>\n<\/div>\n<\/div>\n<\/div><figcaption class=\"bbc-rhuvwm e6i104o0\" dir=\"ltr\"><em>Una mujer llora tras ver el desastre que dej\u00f3 el deslave en Las Tejer\u00edas.<\/em><\/p>\n<\/figcaption><div class=\"bbc-172p16q ebmt73l0\" dir=\"ltr\">\n<div class=\"bbc-3edg7g ebmt73l0\" dir=\"ltr\"><\/div>\n<\/div>\n<\/figure>\n<\/div>\n<div class=\"bbc-19j92fr ebmt73l0\" dir=\"ltr\">\n<p class=\"bbc-hhl7in e17g058b0\" dir=\"ltr\">En Colombia, las represas se encuentran en m\u00e1s de un 80% de capacidad, casi el doble de los niveles de hace un a\u00f1o, lo que es considerado hist\u00f3ricamente alto.<\/p>\n<\/div>\n<div class=\"bbc-19j92fr ebmt73l0\" dir=\"ltr\">\n<p class=\"bbc-hhl7in e17g058b0\" dir=\"ltr\">En Centroam\u00e9rica, por su parte, el Comit\u00e9 Regional de Recursos Hidr\u00e1ulicos hab\u00eda pronosticado desde el verano que La Ni\u00f1a podr\u00eda traer a la regi\u00f3n &#8220;condiciones m\u00e1s lluviosas que lo normal&#8221;, principalmente en la frontera de M\u00e9xico con Guatemala, el sur de El Salvador; la parte central de Honduras y en el Pac\u00edfico de Costa Rica y Panam\u00e1.<\/p>\n<\/div>\n<div class=\"bbc-19j92fr ebmt73l0\" dir=\"ltr\">\n<p class=\"bbc-hhl7in e17g058b0\" dir=\"ltr\">Mientras las autoridades venezolanas siguen buscando sobrevivientes, el clima extremo tambi\u00e9n afecta a otros pa\u00edses latinoamericanos.<\/p>\n<\/div>\n<div class=\"bbc-19j92fr ebmt73l0\" dir=\"ltr\">\n<p class=\"bbc-hhl7in e17g058b0\" dir=\"ltr\">En Honduras, las lluvias asociadas la tormenta tropical Julia, influenciada por La Ni\u00f1a, han dejado\u00a0al menos tres personas muertas, cientos de damnificados, regiones incomunicadas y el cierre de un aeropuerto en el norte del pa\u00eds.<\/p>\n<\/div>\n<div class=\"bbc-19j92fr ebmt73l0\" dir=\"ltr\">\n<p class=\"bbc-hhl7in e17g058b0\" dir=\"ltr\">Las lluvias en la provincia de Col\u00f3n, en Panam\u00e1, causaron inundaciones y deslaves, con un total de 260 personas afectadas y una muerta, informaron las autoridades locales el s\u00e1bado.<\/p>\n<\/div>\n<div class=\"bbc-19j92fr ebmt73l0\" dir=\"ltr\">\n<p class=\"bbc-hhl7in e17g058b0\" dir=\"ltr\">En Nicaragua, la tormenta ha causado intensos vientos y lluvias que destrozaron cientos de casas pero sin dejar v\u00edctimas mortales, seg\u00fan informaciones del gobierno nicarag\u00fcense.<\/p>\n<\/div>\n<div class=\"bbc-19j92fr ebmt73l0\" dir=\"ltr\">\n<p class=\"bbc-hhl7in e17g058b0\" dir=\"ltr\">Por su parte, la polic\u00eda salvadore\u00f1a inform\u00f3 este lunes que al menos\u00a0dos personas murieron soterradas\u00a0a ra\u00edz del derrumbe de un muro que destruy\u00f3 una vivienda en el departamento de Moraz\u00e1n.<\/p>\n<\/div>\n<div class=\"bbc-19j92fr ebmt73l0\" dir=\"ltr\">\n<p class=\"bbc-hhl7in e17g058b0\" dir=\"ltr\">Se prev\u00e9 que el hurac\u00e1n Julia se degrade a depresi\u00f3n tropical la tarde de este lunes, pero se espera que las fuertes lluvias sigan afectando el norte de Sudam\u00e9rica y la regi\u00f3n de Centroam\u00e9rica y el Caribe.<\/p>\n<\/div>\n","protected":false},"excerpt":{"rendered":"<p>Vecinos buscan a sobrevivientes tras las fuertes lluvias en Las Tejerias, Venezuela. &#8211; La Ni\u00f1a est\u00e1 de vuelta y ya est\u00e1 causando estragos en Am\u00e9rica&hellip;<\/p>\n","protected":false},"author":99,"featured_media":505982,"comment_status":"open","ping_status":"open","sticky":false,"template":"","format":"standard","meta":{"footnotes":""},"categories":[23,11354],"tags":[],"class_list":["post-505981","post","type-post","status-publish","format-standard","has-post-thumbnail","hentry","category-latinoamerica","category-sucesos"],"_links":{"self":[{"href":"https:\/\/diarioelpopular.com\/index.php\/wp-json\/wp\/v2\/posts\/505981","targetHints":{"allow":["GET"]}}],"collection":[{"href":"https:\/\/diarioelpopular.com\/index.php\/wp-json\/wp\/v2\/posts"}],"about":[{"href":"https:\/\/diarioelpopular.com\/index.php\/wp-json\/wp\/v2\/types\/post"}],"author":[{"embeddable":true,"href":"https:\/\/diarioelpopular.com\/index.php\/wp-json\/wp\/v2\/users\/99"}],"replies":[{"embeddable":true,"href":"https:\/\/diarioelpopular.com\/index.php\/wp-json\/wp\/v2\/comments?post=505981"}],"version-history":[{"count":1,"href":"https:\/\/diarioelpopular.com\/index.php\/wp-json\/wp\/v2\/posts\/505981\/revisions"}],"predecessor-version":[{"id":505983,"href":"https:\/\/diarioelpopular.com\/index.php\/wp-json\/wp\/v2\/posts\/505981\/revisions\/505983"}],"wp:featuredmedia":[{"embeddable":true,"href":"https:\/\/diarioelpopular.com\/index.php\/wp-json\/wp\/v2\/media\/505982"}],"wp:attachment":[{"href":"https:\/\/diarioelpopular.com\/index.php\/wp-json\/wp\/v2\/media?parent=505981"}],"wp:term":[{"taxonomy":"category","embeddable":true,"href":"https:\/\/diarioelpopular.com\/index.php\/wp-json\/wp\/v2\/categories?post=505981"},{"taxonomy":"post_tag","embeddable":true,"href":"https:\/\/diarioelpopular.com\/index.php\/wp-json\/wp\/v2\/tags?post=505981"}],"curies":[{"name":"wp","href":"https:\/\/api.w.org\/{rel}","templated":true}]}}