{"id":506024,"date":"2022-10-12T10:24:44","date_gmt":"2022-10-12T14:24:44","guid":{"rendered":"https:\/\/diarioelpopular.com\/?p=506024"},"modified":"2022-10-12T10:24:44","modified_gmt":"2022-10-12T14:24:44","slug":"venezuela-perdio-su-silla-se-quedo-por-fuera-del-consejo-de-derechos-humanos-de-la-onu","status":"publish","type":"post","link":"https:\/\/diarioelpopular.com\/index.php\/2022\/10\/12\/venezuela-perdio-su-silla-se-quedo-por-fuera-del-consejo-de-derechos-humanos-de-la-onu\/","title":{"rendered":"Venezuela perdi\u00f3 su silla: se qued\u00f3 por fuera del Consejo de Derechos Humanos de la ONU"},"content":{"rendered":"<p><img loading=\"lazy\" decoding=\"async\" class=\"alignnone size-custom-full-size wp-image-506025\" src=\"https:\/\/diarioelpopular.com\/wp-content\/uploads\/2022\/10\/5e47006279477_40852560_20221011184250-636x461.jpg\" alt=\"\" width=\"636\" height=\"461\" srcset=\"https:\/\/diarioelpopular.com\/wp-content\/uploads\/2022\/10\/5e47006279477_40852560_20221011184250-636x461.jpg 636w, https:\/\/diarioelpopular.com\/wp-content\/uploads\/2022\/10\/5e47006279477_40852560_20221011184250-300x217.jpg 300w, https:\/\/diarioelpopular.com\/wp-content\/uploads\/2022\/10\/5e47006279477_40852560_20221011184250-768x556.jpg 768w, https:\/\/diarioelpopular.com\/wp-content\/uploads\/2022\/10\/5e47006279477_40852560_20221011184250-101x73.jpg 101w, https:\/\/diarioelpopular.com\/wp-content\/uploads\/2022\/10\/5e47006279477_40852560_20221011184250.jpg 780w\" sizes=\"auto, (max-width: 636px) 100vw, 636px\" \/><\/p>\n<p><em>Los diplom\u00e1ticos venezolanos, al mando de Nicol\u00e1s Maduro, no consiguieron los votos necesarios para que su pa\u00eds mantuviera su silla en el Consejo de Derechos Humanos de la ONU. FOTO: EFE<\/em><\/p>\n<p>&nbsp;<\/p>\n<div class=\"block-headline\">\n<h4 class=\"lead cita\"><em>&#8211; El pa\u00eds perdi\u00f3 frente a Chile y Costa Rica su puesto en el Consejo de Derechos Humanos de la ONU.<\/em><\/h4>\n<\/div>\n<div class=\"block-image\">\n<div class=\"multimediaMacroWrapper\">\n<div class=\"bx-wrapper\">\n<p>Venezuela perdi\u00f3\u00a0este martes su asiento en el\u00a0Consejo de Derechos Humanos de Naciones Unidas, tras recoger 88 votos frente a\u00a0Chile y Costa Rica, con 144 y 134 apoyos, respectivamente, en la carrera para ganar los dos puestos de representaci\u00f3n para la\u00a0regi\u00f3n de\u00a0Am\u00e9rica Latina y el Caribe.<\/p>\n<p>Venezuela, que forma parte del Consejo desde 2019,\u00a0compet\u00eda contra Costa Rica y Chile\u00a0por uno de los dos asientos. En su carta de presentaci\u00f3n, Caracas afirmaba que \u201cla Rep\u00fablica Bolivariana de Venezuela es un\u00a0Estado democr\u00e1tico y social de derecho\u201d.<\/p>\n<p>Asimismo, recordaba que la Constituci\u00f3n venezolana es \u201cuna de las m\u00e1s avanzadas en el mundo\u201d. \u201cLa Constituci\u00f3n brinda\u00a0plenas garant\u00edas de Derechos Humanos\u201d, reza el texto, que agrega que \u201cel Estado est\u00e1 trabajando para\u00a0garantizar que los Derechos Humanos, universales, interdependientes e interrelacionados, sean plenamente comprendidos, respetados y promovidos\u201d.<\/p>\n<p>El director de la\u00a0ONG Human Rights Watch (HRW)\u00a0para temas de la ONU, Louis Charbonneau, consider\u00f3 la semana pasada que el pa\u00eds no ten\u00eda credenciales, especialmente debido a que, con corte a septiembre,\u00a0hay casi 250 presos pol\u00edticos\u00a0en las c\u00e1rceles venezolanas, mientras que investigaciones de una misi\u00f3n de\u00a0expertos independientes de la ONU\u00a0apuntan a la posible comisi\u00f3n de cr\u00edmenes contra la humanidad durante estos \u00faltimos a\u00f1os.<\/p>\n<p>\u201cDarle a este Gobierno abusivo un lugar en el Consejo debilitar\u00eda la credibilidad de la ONU, dado que equivaldr\u00eda a premiar a\u00a0las autoridades venezolanas, permiti\u00e9ndoles juzgar la situaci\u00f3n de los Derechos Humanos de otros pa\u00edses cuando\u00a0Venezuela trata brutalmente a su poblaci\u00f3n\u201d, apunt\u00f3.<\/p>\n<p><b>Chile y Costa Rica<\/b><\/p>\n<p>El\u00a0Ministerio de Exteriores de Chile\u00a0ha agradecido en un comunicado a los Estados miembros su confianza, ya que esto implica un \u201creconocimiento\u201d a su \u201cactiva\u201d participaci\u00f3n \u201cen el \u00e1mbito multilateral, en\u00a0mecanismos y resoluciones\u201d.<\/p>\n<p>\u201cEntendemos esta elecci\u00f3n no s\u00f3lo como un gran honor que nos otorga la comunidad internacional, sino tambi\u00e9n como una gran responsabilidad para con todos aquellos que esperan que el Consejo de Derechos Humanos sea un instrumento eficaz para hacer respetar los principios que gu\u00edan su misi\u00f3n\u201d, ha explicado.<\/p>\n<p>Por su parte, el ministro de Exteriores costarricense,\u00a0Arnoldo Arn\u00e9, ha se\u00f1alado que su pa\u00eds defiende \u201clos principios de universalidad, interdependencia y\u00a0progresividad de los Derechos Humanos\u201d, al tiempo que promueve \u201cel\u00a0di\u00e1logo abierto y transparente\u00a0para buscar soluciones a las m\u00faltiples crisis humanitarias en todos los rincones del mundo\u201d.<\/p>\n<p>\u201c(Todo ello) bajo las consignas de que ning\u00fan pa\u00eds\u00a0debe estar por encima del escrutinio\u00a0de este \u00f3rgano de\u00a0Naciones Unidas\u00a0y ninguna persona ni poblaci\u00f3n debe estar desamparada de la atenci\u00f3n del\u00a0Consejo de Derechos Humanos\u201d, ha precisado.<\/p>\n<p>El debate sobre la\u00a0renovaci\u00f3n del Consejo de Derechos Humanos\u00a0es recurrente todos los a\u00f1os, en la medida en que, aunque la resoluci\u00f3n que plante\u00f3 la creaci\u00f3n de este organismo s\u00ed recomienda que se tengan en cuenta los comportamientos de los potenciales candidatos, en la pr\u00e1ctica el reparto\u00a0es b\u00e1sicamente pol\u00edtico.<\/p>\n<p>&nbsp;<\/p>\n<\/div>\n<\/div>\n<\/div>\n","protected":false},"excerpt":{"rendered":"<p>Los diplom\u00e1ticos venezolanos, al mando de Nicol\u00e1s Maduro, no consiguieron los votos necesarios para que su pa\u00eds mantuviera su silla en el Consejo de Derechos&hellip;<\/p>\n","protected":false},"author":99,"featured_media":506025,"comment_status":"open","ping_status":"open","sticky":false,"template":"","format":"standard","meta":{"footnotes":""},"categories":[23],"tags":[],"class_list":["post-506024","post","type-post","status-publish","format-standard","has-post-thumbnail","hentry","category-latinoamerica"],"_links":{"self":[{"href":"https:\/\/diarioelpopular.com\/index.php\/wp-json\/wp\/v2\/posts\/506024","targetHints":{"allow":["GET"]}}],"collection":[{"href":"https:\/\/diarioelpopular.com\/index.php\/wp-json\/wp\/v2\/posts"}],"about":[{"href":"https:\/\/diarioelpopular.com\/index.php\/wp-json\/wp\/v2\/types\/post"}],"author":[{"embeddable":true,"href":"https:\/\/diarioelpopular.com\/index.php\/wp-json\/wp\/v2\/users\/99"}],"replies":[{"embeddable":true,"href":"https:\/\/diarioelpopular.com\/index.php\/wp-json\/wp\/v2\/comments?post=506024"}],"version-history":[{"count":1,"href":"https:\/\/diarioelpopular.com\/index.php\/wp-json\/wp\/v2\/posts\/506024\/revisions"}],"predecessor-version":[{"id":506026,"href":"https:\/\/diarioelpopular.com\/index.php\/wp-json\/wp\/v2\/posts\/506024\/revisions\/506026"}],"wp:featuredmedia":[{"embeddable":true,"href":"https:\/\/diarioelpopular.com\/index.php\/wp-json\/wp\/v2\/media\/506025"}],"wp:attachment":[{"href":"https:\/\/diarioelpopular.com\/index.php\/wp-json\/wp\/v2\/media?parent=506024"}],"wp:term":[{"taxonomy":"category","embeddable":true,"href":"https:\/\/diarioelpopular.com\/index.php\/wp-json\/wp\/v2\/categories?post=506024"},{"taxonomy":"post_tag","embeddable":true,"href":"https:\/\/diarioelpopular.com\/index.php\/wp-json\/wp\/v2\/tags?post=506024"}],"curies":[{"name":"wp","href":"https:\/\/api.w.org\/{rel}","templated":true}]}}