{"id":506027,"date":"2022-10-12T10:28:04","date_gmt":"2022-10-12T14:28:04","guid":{"rendered":"https:\/\/diarioelpopular.com\/?p=506027"},"modified":"2022-10-12T10:28:04","modified_gmt":"2022-10-12T14:28:04","slug":"fiscal-de-peru-denuncio-constitucionalmente-al-presidente-pedro-castillo-por-corrupcion","status":"publish","type":"post","link":"https:\/\/diarioelpopular.com\/index.php\/2022\/10\/12\/fiscal-de-peru-denuncio-constitucionalmente-al-presidente-pedro-castillo-por-corrupcion\/","title":{"rendered":"Fiscal de Per\u00fa denunci\u00f3 constitucionalmente al presidente Pedro Castillo por corrupci\u00f3n"},"content":{"rendered":"<p><img loading=\"lazy\" decoding=\"async\" class=\"alignnone size-custom-full-size wp-image-506028\" src=\"https:\/\/diarioelpopular.com\/wp-content\/uploads\/2022\/10\/pedro-castillo_40852889_20221011183201-636x461.jpg\" alt=\"\" width=\"636\" height=\"461\" srcset=\"https:\/\/diarioelpopular.com\/wp-content\/uploads\/2022\/10\/pedro-castillo_40852889_20221011183201-636x461.jpg 636w, https:\/\/diarioelpopular.com\/wp-content\/uploads\/2022\/10\/pedro-castillo_40852889_20221011183201-300x217.jpg 300w, https:\/\/diarioelpopular.com\/wp-content\/uploads\/2022\/10\/pedro-castillo_40852889_20221011183201-768x556.jpg 768w, https:\/\/diarioelpopular.com\/wp-content\/uploads\/2022\/10\/pedro-castillo_40852889_20221011183201-101x73.jpg 101w, https:\/\/diarioelpopular.com\/wp-content\/uploads\/2022\/10\/pedro-castillo_40852889_20221011183201.jpg 780w\" sizes=\"auto, (max-width: 636px) 100vw, 636px\" \/><\/p>\n<p><em>Castillo acumula seis investigaciones preliminares de la Fiscal\u00eda desde que asumi\u00f3 el poder en julio de 2021. FOTO: EFE<\/em><\/p>\n<p>&nbsp;<\/p>\n<h4 class=\"lead cita\"><em>&#8211; Patricia Benavides acusa al mandatario de liderar presuntamente una supuesta organizaci\u00f3n criminal, as\u00ed como por tr\u00e1fico de influencias y fraude.<\/em><\/h4>\n<p>La fiscal general de Per\u00fa,\u00a0Patricia Benavides, denunci\u00f3 este martes una \u201cconstante y feroz obstrucci\u00f3n a la justicia\u201d por parte de la supuesta\u00a0organizaci\u00f3n criminal\u00a0que presuntamente lidera el\u00a0presidente Pedro Castillo, contra quien present\u00f3 una denuncia constitucional en el Congreso por este caso, as\u00ed como por tr\u00e1fico de influencias y complicidad en un presunto caso de colusi\u00f3n (fraude).<\/p>\n<p>\u201cAhora mismo se vive la constante y feroz obstrucci\u00f3n a la Justicia desplegada por la presunta organizaci\u00f3n criminal,\u00a0aprovechando todo el poder que les da el estar en el Gobierno\u201d, dijo Benavides en un pronunciamiento oficial.<\/p>\n<p>La fiscal, quien\u00a0tiene abiertas cinco investigaciones preliminares contra Castillo\u00a0por supuestamente encabezar una red corrupta en el Ejecutivo, agreg\u00f3 que durante las diligencias realizadas esta ma\u00f1ana se encontraron \u201cmuy graves y reveladores indicios de la existencia de una presunta organizaci\u00f3n criminal enquistada en el Gobierno\u201d.<\/p>\n<p>El documento ingres\u00f3 esta tarde a la mesa de partes del Congreso de la Rep\u00fablica y deber\u00e1 ser evaluado por la Subcomisi\u00f3n de Acusaciones Constitucionales del Parlamento que, de determinar su procedencia,\u00a0pasar\u00e1 a la Comisi\u00f3n Permanente hasta llegar al pleno del Congreso.<\/p>\n<p>Seg\u00fan el documento remitido al Legislativo, la fiscal general formula la denuncia constitucional contra el mandatario como\u00a0presunto autor de los delitos contra la tranquilidad p\u00fablica, en la modalidad de organizaci\u00f3n criminal agravada por su condici\u00f3n de l\u00edder.<\/p>\n<p>Tambi\u00e9n por\u00a0delitos contra la administraci\u00f3n p\u00fablica\u00a0en la modalidad de tr\u00e1fico de influencias agravado y como presunto c\u00f3mplice del delito contra la administraci\u00f3n p\u00fablica en la modalidad de colusi\u00f3n (fraude).<\/p>\n<p>La noticia sobre la denuncia contra Castillo se conoci\u00f3 el mismo d\u00eda en el que la Fiscal\u00eda, con el apoyo de un grupo especial de la Polic\u00eda, allan\u00f3 las oficinas y residencias de seis congresistas del partido centrista Acci\u00f3n Popular (AP), as\u00ed como la vivienda de una hermana del presidente.<\/p>\n<p>Estos parlamentarios son llamados \u201cLos Ni\u00f1os\u201d por medios locales y la oposici\u00f3n pol\u00edtica tras una declaraci\u00f3n que ofreci\u00f3 en febrero pasado a la Fiscal\u00eda la empresaria Karelim L\u00f3pez, quien asegur\u00f3 que coordinan\u00a0actividades il\u00edcitas dentro del Ejecutivo con Castillo a cambio de respaldar con sus votos al Gobierno.<\/p>\n<p>A pesar de que la Constituci\u00f3n peruana solo recoge la posibilidad de procesar al mandatario en funciones por casos de traici\u00f3n a la patria o impedir elecciones,\u00a0Castillo acumula\u00a0<a href=\"https:\/\/www.elcolombiano.com\/internacional\/a-pedro-castillo-presidente-de-peru-la-fiscalia-le-abrio-la-sexta-investigacion-GM18366189\" target=\"_blank\" rel=\"noopener noreferrer\">seis investigaciones preliminares de la Fiscal\u00eda<\/a>\u00a0desde que asumi\u00f3 el poder en julio de 2021.<\/p>\n<p>Cinco de ellas est\u00e1n a cargo de la fiscal Benavides y est\u00e1n vinculadas a hechos relacionados a su Gobierno, mientras que otra est\u00e1 en manos del Ministerio P\u00fablico de la norte\u00f1a regi\u00f3n de La Libertad, que lo investiga por supuesto\u00a0plagio en la tesis de m\u00e1ster que realiz\u00f3 junto a la primera dama.<\/p>\n","protected":false},"excerpt":{"rendered":"<p>Castillo acumula seis investigaciones preliminares de la Fiscal\u00eda desde que asumi\u00f3 el poder en julio de 2021. FOTO: EFE &nbsp; &#8211; Patricia Benavides acusa al&hellip;<\/p>\n","protected":false},"author":99,"featured_media":506028,"comment_status":"open","ping_status":"open","sticky":false,"template":"","format":"standard","meta":{"footnotes":""},"categories":[23],"tags":[],"class_list":["post-506027","post","type-post","status-publish","format-standard","has-post-thumbnail","hentry","category-latinoamerica"],"_links":{"self":[{"href":"https:\/\/diarioelpopular.com\/index.php\/wp-json\/wp\/v2\/posts\/506027","targetHints":{"allow":["GET"]}}],"collection":[{"href":"https:\/\/diarioelpopular.com\/index.php\/wp-json\/wp\/v2\/posts"}],"about":[{"href":"https:\/\/diarioelpopular.com\/index.php\/wp-json\/wp\/v2\/types\/post"}],"author":[{"embeddable":true,"href":"https:\/\/diarioelpopular.com\/index.php\/wp-json\/wp\/v2\/users\/99"}],"replies":[{"embeddable":true,"href":"https:\/\/diarioelpopular.com\/index.php\/wp-json\/wp\/v2\/comments?post=506027"}],"version-history":[{"count":1,"href":"https:\/\/diarioelpopular.com\/index.php\/wp-json\/wp\/v2\/posts\/506027\/revisions"}],"predecessor-version":[{"id":506029,"href":"https:\/\/diarioelpopular.com\/index.php\/wp-json\/wp\/v2\/posts\/506027\/revisions\/506029"}],"wp:featuredmedia":[{"embeddable":true,"href":"https:\/\/diarioelpopular.com\/index.php\/wp-json\/wp\/v2\/media\/506028"}],"wp:attachment":[{"href":"https:\/\/diarioelpopular.com\/index.php\/wp-json\/wp\/v2\/media?parent=506027"}],"wp:term":[{"taxonomy":"category","embeddable":true,"href":"https:\/\/diarioelpopular.com\/index.php\/wp-json\/wp\/v2\/categories?post=506027"},{"taxonomy":"post_tag","embeddable":true,"href":"https:\/\/diarioelpopular.com\/index.php\/wp-json\/wp\/v2\/tags?post=506027"}],"curies":[{"name":"wp","href":"https:\/\/api.w.org\/{rel}","templated":true}]}}