{"id":506087,"date":"2022-10-14T11:14:10","date_gmt":"2022-10-14T15:14:10","guid":{"rendered":"https:\/\/diarioelpopular.com\/?p=506087"},"modified":"2022-10-14T11:14:10","modified_gmt":"2022-10-14T15:14:10","slug":"paises-se-tocan-el-corazon-y-el-bolsillo-por-migrantes","status":"publish","type":"post","link":"https:\/\/diarioelpopular.com\/index.php\/2022\/10\/14\/paises-se-tocan-el-corazon-y-el-bolsillo-por-migrantes\/","title":{"rendered":"Pa\u00edses se tocan el coraz\u00f3n y el bolsillo por migrantes"},"content":{"rendered":"<h4><img loading=\"lazy\" decoding=\"async\" class=\"alignnone size-custom-full-size wp-image-506088\" src=\"https:\/\/diarioelpopular.com\/wp-content\/uploads\/2022\/10\/mmigrantes-haiti-2-4-54-jpg_40861220_20221013195744-636x461.jpg\" alt=\"\" width=\"636\" height=\"461\" srcset=\"https:\/\/diarioelpopular.com\/wp-content\/uploads\/2022\/10\/mmigrantes-haiti-2-4-54-jpg_40861220_20221013195744-636x461.jpg 636w, https:\/\/diarioelpopular.com\/wp-content\/uploads\/2022\/10\/mmigrantes-haiti-2-4-54-jpg_40861220_20221013195744-300x217.jpg 300w, https:\/\/diarioelpopular.com\/wp-content\/uploads\/2022\/10\/mmigrantes-haiti-2-4-54-jpg_40861220_20221013195744-768x556.jpg 768w, https:\/\/diarioelpopular.com\/wp-content\/uploads\/2022\/10\/mmigrantes-haiti-2-4-54-jpg_40861220_20221013195744-101x73.jpg 101w, https:\/\/diarioelpopular.com\/wp-content\/uploads\/2022\/10\/mmigrantes-haiti-2-4-54-jpg_40861220_20221013195744.jpg 780w\" sizes=\"auto, (max-width: 636px) 100vw, 636px\" \/><\/h4>\n<p><em>La traves\u00eda m\u00e1s dura que enfrenta un migrante para llegar a Estados Unidos es la del Tap\u00f3n del Dari\u00e9n (foto), que en este 2022 ha cobrado la vida de 20 inmigrantes.\u00a0 \u00a0 \u00a0 \u00a0 \u00a0 \u00a0 \u00a0 \u00a0 FOTO\u00a0<span class=\"mln_uppercase_mln\">MANUEL SALDARRIAGA<\/span><\/em><\/p>\n<p>&nbsp;<\/p>\n<h4 class=\"lead cita\"><em>&#8211; EE. UU. abri\u00f3 un cupo para 24 mil migrantes, junto a Canad\u00e1 y otros pa\u00edses, anunciaron ayudas econ\u00f3micas para la migraci\u00f3n.<\/em><\/h4>\n<p>&nbsp;<\/p>\n<p>El creciente fen\u00f3meno migratorio que toca a los pa\u00edses de tr\u00e1nsito como Colombia, y receptores como M\u00e9xico o Estados Unidos, se ha convertido en un dolor de cabeza que los estados tratan de resolver, no solo por la llegada a sus territorios de for\u00e1neos que necesitan atenci\u00f3n en salud, alimentos, empleo, entre otros, sino porque el camino para llegar a su destino se ha vuelto tortuoso.<\/p>\n<p>Por esta raz\u00f3n,\u00a0este jueves en la\u00a0<a href=\"https:\/\/www.elcolombiano.com\/cronologia\/noticias\/meta\/oea\" target=\"_blank\" rel=\"noopener noreferrer\">Asamblea General de la Organizaci\u00f3n de los Estados Americanos (OEA),<\/a>\u00a0Estados Unidos y Canad\u00e1 anunciaron la entrega de recursos por 240 y 55 millones de d\u00f3lares, respectivamente, que se destinar\u00e1n a programas de empleo, atenci\u00f3n a menores de edad y otros proyectos de reinserci\u00f3n social a\u00a0<a href=\"https:\/\/www.elcolombiano.com\/cronologia\/noticias\/meta\/inmigrantes\" target=\"_blank\" rel=\"noopener noreferrer\">los migrantes.<\/a><\/p>\n<p>Este anuncio fue hecho por Anthony Blinken, jefe de la diplomacia estadounidense, al expresar en la cumbre: \u201cTenemos m\u00e1s personas desplazadas en todo el mundo que nunca antes en nuestra historia, m\u00e1s de 100 millones, y nuestro propio hemisferio est\u00e1 experimentando eso de maneras profundas y nuevas\u201d.<\/p>\n<div class=\"paragraph\">\n<p>Colombia como pa\u00eds de tr\u00e1nsito, y otros entre los que se cuenta Guatemala, Honduras, M\u00e9xico, Costa Rica y Barbados\u00a0dijeron presente con programas dise\u00f1ados para el registro de refugiados, la asistencia a los ni\u00f1os acompa\u00f1ados no retornados y cambios de legislaci\u00f3n para su ayuda.<\/p>\n<p>Entre esas medidas se destaca la de Colombia, que ya tom\u00f3 la delantera sobre acciones de ayuda a los extranjeros que cruzan el territorio colombiano, con el\u00a0<a href=\"https:\/\/www.elcolombiano.com\/colombia\/colombia-entrega-permiso-por-proteccion-temporal-a-ninos-y-ninas-venezolanos-JF15980018\" target=\"_blank\" rel=\"noopener noreferrer\">Estatuto Temporal para Migrantes<\/a>, que consiste en \u201cproteger a la poblaci\u00f3n migrante que se encuentra en el momento en condiciones de irregularidad y los que se acojan tendr\u00e1n un lapso de 10 a\u00f1os para adquirir una visa de residentes\u201d.<\/p>\n<\/div>\n<div class=\"Entretitulo\"><em><strong>Una cruda realidad<\/strong><\/em><\/div>\n<div class=\"paragraph\">\n<p>La Asamblea de la OEA fue testigo este jueves del crudo relato de los pa\u00edses que reciben\u00a0la migraci\u00f3n de los venezolanos, ecuatorianos, cubanos, haitianos y africanos.<\/p>\n<p>Los registros del Servicio Nacional de Fronteras de Panam\u00e1 (Senafront), y las autoridades colombianas como\u00a0la Defensor\u00eda del Pueblo\u00a0dan cuenta de que a septiembre 30 de este 2022 fallecieron 20 personas en el cruce del Tap\u00f3n del Dari\u00e9n, entre estos 20, muri\u00f3 un ni\u00f1os de seis a\u00f1os asesinado por ladrones que atracaron una caravana de migrantes en territorio paname\u00f1os; adem\u00e1s, 162 ni\u00f1os cruzaron solos esta selva inh\u00f3spita desde Colombia a ese pa\u00eds.<\/p>\n<p>A esta tragedia se suma la de los\u00a0181.000 migrantes que este a\u00f1o han cruzado el Tap\u00f3n del Dari\u00e9n, como lo inform\u00f3 el Defensor del Pueblo de Panam\u00e1, Eduardo Leblanc Jr. al medio digital En Frontera; una tragedia que podr\u00eda crecer debido al represamiento de 9.000 migrantes en Necocl\u00ed, Antioquia, que esperan llegar a ese pa\u00eds para continuar su ruta hacia Estados Unidos, informaci\u00f3n entregada por su hom\u00f3logo colombiano,\u00a0Carlos Camargo Assis.<\/p>\n<p>Con estos insumos,\u00a0la canciller de Panam\u00e1, \u00c9rika Mouyne, hizo un llamado a que todos los pa\u00edses tomen el asunto de las migraciones\u00a0como propio y no lo deleguen solo a los que lidian con el paso de los for\u00e1neos por sus territorios.<\/p>\n<p>\u201cEse drama es de todos, m\u00edo, de mis hermanos caribe\u00f1os.\u00a0Todos necesitan nuestro apoyo, somos responsables y no podemos darle la espalda. Hay una crisis migratoria que hay que atender\u201d, dijo.<\/p>\n<p>La moci\u00f3n de la canciller paname\u00f1a fue apoyada por Andr\u00e9 Tinoco, ministro de Relaciones Exteriores de Costa Rica. En su discurso, expres\u00f3 que su pa\u00eds experimenta la creciente llegada de migrantes y refugiados, derivada del deterioro de condiciones pol\u00edticas sociales y econ\u00f3micas en otros pa\u00edses hermanos\u201d.<\/p>\n<p>El llamado de los altos dignatarios fue a tocarse el coraz\u00f3n y meterse la mano al bolsillo para atender un fen\u00f3meno migratorio\u00a0que cada d\u00eda deja m\u00e1s v\u00edctimas a su paso<\/p>\n<\/div>\n","protected":false},"excerpt":{"rendered":"<p>La traves\u00eda m\u00e1s dura que enfrenta un migrante para llegar a Estados Unidos es la del Tap\u00f3n del Dari\u00e9n (foto), que en este 2022 ha&hellip;<\/p>\n","protected":false},"author":99,"featured_media":506088,"comment_status":"open","ping_status":"open","sticky":false,"template":"","format":"standard","meta":{"footnotes":""},"categories":[23],"tags":[],"class_list":["post-506087","post","type-post","status-publish","format-standard","has-post-thumbnail","hentry","category-latinoamerica"],"_links":{"self":[{"href":"https:\/\/diarioelpopular.com\/index.php\/wp-json\/wp\/v2\/posts\/506087","targetHints":{"allow":["GET"]}}],"collection":[{"href":"https:\/\/diarioelpopular.com\/index.php\/wp-json\/wp\/v2\/posts"}],"about":[{"href":"https:\/\/diarioelpopular.com\/index.php\/wp-json\/wp\/v2\/types\/post"}],"author":[{"embeddable":true,"href":"https:\/\/diarioelpopular.com\/index.php\/wp-json\/wp\/v2\/users\/99"}],"replies":[{"embeddable":true,"href":"https:\/\/diarioelpopular.com\/index.php\/wp-json\/wp\/v2\/comments?post=506087"}],"version-history":[{"count":1,"href":"https:\/\/diarioelpopular.com\/index.php\/wp-json\/wp\/v2\/posts\/506087\/revisions"}],"predecessor-version":[{"id":506089,"href":"https:\/\/diarioelpopular.com\/index.php\/wp-json\/wp\/v2\/posts\/506087\/revisions\/506089"}],"wp:featuredmedia":[{"embeddable":true,"href":"https:\/\/diarioelpopular.com\/index.php\/wp-json\/wp\/v2\/media\/506088"}],"wp:attachment":[{"href":"https:\/\/diarioelpopular.com\/index.php\/wp-json\/wp\/v2\/media?parent=506087"}],"wp:term":[{"taxonomy":"category","embeddable":true,"href":"https:\/\/diarioelpopular.com\/index.php\/wp-json\/wp\/v2\/categories?post=506087"},{"taxonomy":"post_tag","embeddable":true,"href":"https:\/\/diarioelpopular.com\/index.php\/wp-json\/wp\/v2\/tags?post=506087"}],"curies":[{"name":"wp","href":"https:\/\/api.w.org\/{rel}","templated":true}]}}