{"id":506101,"date":"2022-10-15T12:19:53","date_gmt":"2022-10-15T16:19:53","guid":{"rendered":"https:\/\/diarioelpopular.com\/?p=506101"},"modified":"2022-10-15T12:19:53","modified_gmt":"2022-10-15T16:19:53","slug":"peru-congreso-comienza-a-analizar-denuncia-constitucional-contra-pedro-castillo","status":"publish","type":"post","link":"https:\/\/diarioelpopular.com\/index.php\/2022\/10\/15\/peru-congreso-comienza-a-analizar-denuncia-constitucional-contra-pedro-castillo\/","title":{"rendered":"Per\u00fa: Congreso comienza a analizar denuncia constitucional contra Pedro Castillo"},"content":{"rendered":"<p><img loading=\"lazy\" decoding=\"async\" class=\"alignnone size-custom-full-size wp-image-506102\" src=\"https:\/\/diarioelpopular.com\/wp-content\/uploads\/2022\/10\/6346c91e37ebf.r_1665772369110.0-501-3000-2003-636x318.jpg\" alt=\"\" width=\"636\" height=\"318\" srcset=\"https:\/\/diarioelpopular.com\/wp-content\/uploads\/2022\/10\/6346c91e37ebf.r_1665772369110.0-501-3000-2003-636x318.jpg 636w, https:\/\/diarioelpopular.com\/wp-content\/uploads\/2022\/10\/6346c91e37ebf.r_1665772369110.0-501-3000-2003-300x150.jpg 300w, https:\/\/diarioelpopular.com\/wp-content\/uploads\/2022\/10\/6346c91e37ebf.r_1665772369110.0-501-3000-2003-768x384.jpg 768w, https:\/\/diarioelpopular.com\/wp-content\/uploads\/2022\/10\/6346c91e37ebf.r_1665772369110.0-501-3000-2003-146x73.jpg 146w, https:\/\/diarioelpopular.com\/wp-content\/uploads\/2022\/10\/6346c91e37ebf.r_1665772369110.0-501-3000-2003.jpg 950w\" sizes=\"auto, (max-width: 636px) 100vw, 636px\" \/><\/p>\n<div class=\"titulo-foto-bk credito-image-bk\"><em><span class=\"titulo\">El presidente Pedro Castillo denunci\u00f3 un golpe de estado.<\/span><\/em><\/div>\n<p>&nbsp;<\/p>\n<h4 id=\"p709930-m606-605-607\" class=\"article-epigraph\"><em><strong>&#8211; Seg\u00fan la Subcomisi\u00f3n de Acusaciones, el tr\u00e1mite de la denuncia contra Castillo puede durar 3 meses.<\/strong><\/em><\/h4>\n<p>&nbsp;<\/p>\n<p>La presidenta de la Subcomisi\u00f3n de Acusaciones Constitucionales del Congreso de Per\u00fa, Lady Camones, dio cuenta este viernes de\u00a0la recepci\u00f3n de una denuncia constitucional presentada por la Fiscal\u00eda de la Naci\u00f3n contra el presidente Pedro Castillo,\u00a0con lo que comenz\u00f3 el periplo parlamentario de la misma.<\/p>\n<p id=\"p709930-m668-2-669\" class=\"contenido\">Camones ley\u00f3, al inicio de la sesi\u00f3n de la Subcomisi\u00f3n, un breve resumen del documento enviado por la fiscal general, Patricia Benavides, quien\u00a0acusa al gobernante de ser el presunto autor de los delitos de organizaci\u00f3n criminal agravada por su condici\u00f3n de l\u00edder, tr\u00e1fico de influencias agravado y complicidad en el delito contra la administraci\u00f3n p\u00fablica en la modalidad de colusi\u00f3n (fraude).<\/p>\n<p id=\"p709930-m674-3-675\" class=\"contenido\">Tras dar cuenta del pedido, Camones inform\u00f3 brevemente a los integrantes del grupo de trabajo legislativo que el documento completo ser\u00e1 enviado a sus correos electr\u00f3nicos y pas\u00f3 a la revisi\u00f3n de otros temas pendientes de resolver por la Subcomisi\u00f3n.<\/p>\n<h3 id=\"p709930-m680-4-681\" class=\"articulo-subtitulo\">Un proceso prolongado<\/h3>\n<p id=\"p709930-m686-5-687\" class=\"contenido\">Camones declar\u00f3 el mi\u00e9rcoles pasado que el tr\u00e1mite en el Congreso de la denuncia contra Castillo puede durar tres meses &#8220;por todos los procedimientos que hay que atender, por todos los plazos que hay que cumplir y por todos los testigos que hay que escuchar&#8221;.<\/p>\n<p>La legisladora del partido derechista Alianza para el Progreso (APP) agreg\u00f3 que, tras dar cuenta de la denuncia, la Subcomisi\u00f3n tendr\u00e1 unos diez d\u00edas h\u00e1biles para calificar el pedido.<\/p>\n<p id=\"p709930-m718-7-719\" class=\"contenido\">Agreg\u00f3 que, por &#8220;ser un hecho hist\u00f3rico, que pone en riesgo la democracia, estabilidad jur\u00eddica y pol\u00edtica del pa\u00eds, se le est\u00e1 dando la atenci\u00f3n prioritaria en respeto a los plazos y al proceso&#8221;.<\/p>\n<p>Ante esto, la portavoz de la bancada izquierdista de Per\u00fa Libre, Kelly Portalatino, anunci\u00f3 que su grupo presentar\u00e1 una moci\u00f3n de censura contra Camones si no da la misma prioridad a denuncias presentadas antes, entre ellas contra la fiscal Benavides.<\/p>\n<h3 id=\"p709930-m724-8-725\" class=\"articulo-subtitulo\">El procedimiento del caso<\/h3>\n<p id=\"p709930-m730-9-731\" class=\"contenido\">El Ejecutivo peruano defiende que el art\u00edculo 117 de la Constituci\u00f3n establece que el presidente solo puede ser acusado, durante el ejercicio de sus funciones, por cuatro casos concretos, entre los que figuran traici\u00f3n a la patria o impedir las elecciones, pero no por delitos de corrupci\u00f3n o comunes.<\/p>\n<p>Por ese motivo, la ministra de Cultura, Betssy Ch\u00e1vez, denunci\u00f3 constitucionalmente a Benavides ante el Congreso, por una presunta infracci\u00f3n a la Constituci\u00f3n, abuso de autoridad y prevaricaci\u00f3n.<\/p>\n<p>Ch\u00e1vez tambi\u00e9n pidi\u00f3 este jueves a la Junta Nacional de Justicia (JNJ), el \u00f3rgano encargado de nombrar, ratificar y cesar a los magistrados, que destituya a la fiscal general por haber cometido una &#8220;infracci\u00f3n muy grave&#8221; a la Constituci\u00f3n.<\/p>\n<p>Si este informe procede, pasar\u00e1 a la Comisi\u00f3n Permanente, como antesala de la votaci\u00f3n en el pleno, donde, para prosperar, requerir\u00e1 los votos de la mitad m\u00e1s uno de los legisladores del hemiciclo, menos que las dos terceras partes de la C\u00e1mara que exige una moci\u00f3n de vacancia (destituci\u00f3n).<\/p>\n<p>El periplo legal no acabar\u00e1 en esta instancia, ya que si el pleno aprueba acusar constitucionalmente a Castillo y se levanta la inmunidad presidencial, la denuncia volver\u00e1 a la Fiscal\u00eda para que presente una acusaci\u00f3n formal ante el Poder Judicial.<\/p>\n","protected":false},"excerpt":{"rendered":"<p>El presidente Pedro Castillo denunci\u00f3 un golpe de estado. &nbsp; &#8211; Seg\u00fan la Subcomisi\u00f3n de Acusaciones, el tr\u00e1mite de la denuncia contra Castillo puede durar&hellip;<\/p>\n","protected":false},"author":99,"featured_media":506102,"comment_status":"open","ping_status":"open","sticky":false,"template":"","format":"standard","meta":{"footnotes":""},"categories":[23],"tags":[],"class_list":["post-506101","post","type-post","status-publish","format-standard","has-post-thumbnail","hentry","category-latinoamerica"],"_links":{"self":[{"href":"https:\/\/diarioelpopular.com\/index.php\/wp-json\/wp\/v2\/posts\/506101","targetHints":{"allow":["GET"]}}],"collection":[{"href":"https:\/\/diarioelpopular.com\/index.php\/wp-json\/wp\/v2\/posts"}],"about":[{"href":"https:\/\/diarioelpopular.com\/index.php\/wp-json\/wp\/v2\/types\/post"}],"author":[{"embeddable":true,"href":"https:\/\/diarioelpopular.com\/index.php\/wp-json\/wp\/v2\/users\/99"}],"replies":[{"embeddable":true,"href":"https:\/\/diarioelpopular.com\/index.php\/wp-json\/wp\/v2\/comments?post=506101"}],"version-history":[{"count":1,"href":"https:\/\/diarioelpopular.com\/index.php\/wp-json\/wp\/v2\/posts\/506101\/revisions"}],"predecessor-version":[{"id":506103,"href":"https:\/\/diarioelpopular.com\/index.php\/wp-json\/wp\/v2\/posts\/506101\/revisions\/506103"}],"wp:featuredmedia":[{"embeddable":true,"href":"https:\/\/diarioelpopular.com\/index.php\/wp-json\/wp\/v2\/media\/506102"}],"wp:attachment":[{"href":"https:\/\/diarioelpopular.com\/index.php\/wp-json\/wp\/v2\/media?parent=506101"}],"wp:term":[{"taxonomy":"category","embeddable":true,"href":"https:\/\/diarioelpopular.com\/index.php\/wp-json\/wp\/v2\/categories?post=506101"},{"taxonomy":"post_tag","embeddable":true,"href":"https:\/\/diarioelpopular.com\/index.php\/wp-json\/wp\/v2\/tags?post=506101"}],"curies":[{"name":"wp","href":"https:\/\/api.w.org\/{rel}","templated":true}]}}