{"id":506198,"date":"2022-10-20T10:15:10","date_gmt":"2022-10-20T14:15:10","guid":{"rendered":"https:\/\/diarioelpopular.com\/?p=506198"},"modified":"2022-10-20T10:15:10","modified_gmt":"2022-10-20T14:15:10","slug":"mirar-de-lado","status":"publish","type":"post","link":"https:\/\/diarioelpopular.com\/index.php\/2022\/10\/20\/mirar-de-lado\/","title":{"rendered":"MIRAR DE LADO\u00a0"},"content":{"rendered":"<p class=\"p1\">\u201cEs vital que renazca en cada ser humano un esp\u00edritu nuevo. Resistamos, seamos restauradores de savia y amistad. Hay que hacerlo todo con adhesi\u00f3n hacia los m\u00e1s despreciados, con nuestra forma austera de vivir, para poder embellecernos como humanidad. Nos reconciliaremos, precisamente, en la medida en que nos demos a los dem\u00e1s\u201d.<span class=\"Apple-converted-space\">\u00a0<\/span><\/p>\n<p class=\"p1\">=============================<\/p>\n<p class=\"p1\">V\u00edctor CORCOBA HERRERO\/ Escritor<\/p>\n<p class=\"p1\">corcoba@telefonica.net<\/p>\n<p class=\"p1\">=============================<span class=\"Apple-converted-space\">\u00a0<\/span><\/p>\n<p class=\"p1\">Hemos de aprender a reprendernos, para poder mirar de frente las nuevas situaciones y no hundirnos como especie pensante. Un reciente informe de varias agencias de la ONU, nos advierten que el COVID-19, las guerras y la crisis clim\u00e1tica deterioran la salud de los m\u00e1s d\u00e9biles. Seg\u00fan los hallazgos del estudio, estas tremendas circunstancias agravan el retroceso de las perspectivas de la infancia y la adolescencia y de los derechos de la mujer. Conjuntamente se demuestra una regresi\u00f3n espinosa en casi todas las mediciones m\u00e1s importantes del bienestar infantil y en muchos indicadores clave de los Objetivos de Desarrollo Sostenible. Tanto es as\u00ed, que desde el \u00faltimo informe publicado en 2020, han aumentado la inseguridad alimentaria, el hambre, el matrimonio infantil, los riegos de violencia de pareja, la depresi\u00f3n y la ansiedad. Estos nos indica que no podemos avanzar en esa uni\u00f3n, que es la que verdaderamente nos va a fortalecer, sino focalizamos y fiscalizamos nuestro esfuerzo en el ser humano como tal, considerado en su integridad y teniendo en cuenta sus necesidades vitales, en particular las de aquellas gentes que son volubles y carecen del sustento b\u00e1sico para su supervivencia.<span class=\"Apple-converted-space\">\u00a0<\/span><\/p>\n<p class=\"p1\">Mirar de lado no es de recibo ante el c\u00famulo de atrocidades que nos vertimos unos a otros en la mayor\u00eda de las ocasiones. Hemos de ejercitarnos en el respeto mutuo, tambi\u00e9n en valorar los alimentos, otorg\u00e1ndoles el puesto preeminente que tienen para nuestra propia existencia, interes\u00e1ndonos en gratitud, tanto por su producci\u00f3n como en disponibilidad y acceso, tomando conciencia de que todo depende de todos y que hemos de ser justos administradores. La vida no es para que la vivan uno pocos, sino para que la vivamos en comunidad, creando v\u00ednculos que nos fraternicen, sin dejar a nadie excluido, lo que nos ha de inspirar a ser clementes entre las personas y sus diversas culturas. Nos falta mucho esp\u00edritu solidario, eso es cierto. S\u00f3lo hay que ver este informe \u00faltimo de la ONU, donde se estima que el a\u00f1o pasado 25 millones de ni\u00f1os no lograron vacunarse o no recibieron suficientes vacunas, agravando el riesgo de contraer enfermedades mentales, y que millones de menores no consiguieron ir a la escuela, algunos pasaron el a\u00f1o, durante la pandemia de coronavirus. Ante esta triste realidad no podemos quedarnos indiferentes, las instituciones tienen que seguir invirtiendo en servicios esenciales, pero nosotros tambi\u00e9n atesoramos un coraz\u00f3n que ha de estar abierto y no encerrado, sobre todo con aquellas gentes pr\u00f3ximas que nos hacen ver sus l\u00e1grimas.<\/p>\n<p class=\"p1\">Sin duda, el momento no es f\u00e1cil, pero ning\u00fan periodo lo ha sido, a nosotros nos ha tocado una \u00e9poca de profundos cambios y de notorios desequilibrios de todo tipo. A mi juicio, creo que es apremiante hacer un alto en el camino, bajarse de los pedestales para o\u00edr los gritos de esa muchedumbre que malvive en condiciones indignas y nadie les acompa\u00f1a, muchas veces ni para extenderles el brazo y darles un abrazo de amor que les aliente. En un contexto tan globalizado como el actual, y adem\u00e1s tan complejo, caracterizado por los enfrentamientos y las diversas crisis, nos toca reedificar un nuevo comienzo de hogar com\u00fan, pues al fin, todo nos afecta. Lo importante es avivar el bien colectivo y fomentar la concordia. Quiz\u00e1s tengamos que mejorar nuestros entornos interiores, cada cual para s\u00ed, armonizar nuestro pensamiento con ra\u00edces, el tronco y los frutos, sin decaer un instante. Los humanos tenemos que vivir una transformaci\u00f3n, que conjugue el coraz\u00f3n con la mente, para pensar m\u00e1s en los desfavorecidos que en nosotros mismos. No hay mejor receta para ello, que aprender a anteponer el bien com\u00fan al bien individual. Cuando cultivemos esto, veremos que se mejoran las relaciones y es cuando se crea familia.<span class=\"Apple-converted-space\">\u00a0<\/span><\/p>\n<p class=\"p1\">Por ello, es vital que renazca en cada ser humano un esp\u00edritu nuevo. Resistamos, seamos restauradores de savia y amistad. Hay que hacerlo todo con adhesi\u00f3n hacia los m\u00e1s despreciados, con nuestra forma austera de vivir, para poder embellecernos como humanidad. Nos reconciliaremos, precisamente, en la medida en que nos demos a los dem\u00e1s. Las heladas de la pasividad y flojera entre an\u00e1logos nos est\u00e1n pasando su factura de injusticias como jam\u00e1s. Tiene que salir el sol, y este \u00fanicamente germina de nuestro mar interno. De manera que, aqu\u00ed poseemos un remedio para mejorar las atmosferas vivientes, la entrega a nuestra labor de caminantes coaligados al \u00e1rbol viviente, lo que nos exige ser tan creativos como un poeta en guardia. Tal vez tengamos que modificar algunos sonidos contaminantes, que nos traen acciones corruptas, lo que desvirt\u00faan y contradicen el gran poema existencial que somos. La \u00e9tica del rostro y del rastro sembrado, es lo que nos trasciende a vivir en quietud y no en tensi\u00f3n, en luz y no en tinieblas. Abandonemos a don dinero, y abramos caminos de sanaci\u00f3n, que lo significativo radica en cuidarse y en saber cuidar al que est\u00e1 a nuestra vera, para que nos veamos el uno en el otro y sin distanciamiento alguno.<\/p>\n<p class=\"p1\">V\u00edctor CORCOBA HERRERO \/ Escritor<\/p>\n<p class=\"p1\">corcoba@telefonica.net<\/p>\n<p class=\"p1\">20 de octubre de 2022.-<\/p>\n","protected":false},"excerpt":{"rendered":"<p>\u201cEs vital que renazca en cada ser humano un esp\u00edritu nuevo. Resistamos, seamos restauradores de savia y amistad. Hay que hacerlo todo con adhesi\u00f3n hacia&hellip;<\/p>\n","protected":false},"author":99,"featured_media":0,"comment_status":"open","ping_status":"open","sticky":false,"template":"","format":"standard","meta":{"footnotes":""},"categories":[11353,81],"tags":[],"class_list":["post-506198","post","type-post","status-publish","format-standard","hentry","category-algo-mas-que-palabras","category-columnistas"],"_links":{"self":[{"href":"https:\/\/diarioelpopular.com\/index.php\/wp-json\/wp\/v2\/posts\/506198","targetHints":{"allow":["GET"]}}],"collection":[{"href":"https:\/\/diarioelpopular.com\/index.php\/wp-json\/wp\/v2\/posts"}],"about":[{"href":"https:\/\/diarioelpopular.com\/index.php\/wp-json\/wp\/v2\/types\/post"}],"author":[{"embeddable":true,"href":"https:\/\/diarioelpopular.com\/index.php\/wp-json\/wp\/v2\/users\/99"}],"replies":[{"embeddable":true,"href":"https:\/\/diarioelpopular.com\/index.php\/wp-json\/wp\/v2\/comments?post=506198"}],"version-history":[{"count":1,"href":"https:\/\/diarioelpopular.com\/index.php\/wp-json\/wp\/v2\/posts\/506198\/revisions"}],"predecessor-version":[{"id":506199,"href":"https:\/\/diarioelpopular.com\/index.php\/wp-json\/wp\/v2\/posts\/506198\/revisions\/506199"}],"wp:attachment":[{"href":"https:\/\/diarioelpopular.com\/index.php\/wp-json\/wp\/v2\/media?parent=506198"}],"wp:term":[{"taxonomy":"category","embeddable":true,"href":"https:\/\/diarioelpopular.com\/index.php\/wp-json\/wp\/v2\/categories?post=506198"},{"taxonomy":"post_tag","embeddable":true,"href":"https:\/\/diarioelpopular.com\/index.php\/wp-json\/wp\/v2\/tags?post=506198"}],"curies":[{"name":"wp","href":"https:\/\/api.w.org\/{rel}","templated":true}]}}