{"id":506791,"date":"2022-11-17T11:10:35","date_gmt":"2022-11-17T15:10:35","guid":{"rendered":"https:\/\/diarioelpopular.com\/?p=506791"},"modified":"2022-11-17T11:10:35","modified_gmt":"2022-11-17T15:10:35","slug":"mentalidad-inclusiva-y-cultura-incluyente","status":"publish","type":"post","link":"https:\/\/diarioelpopular.com\/index.php\/2022\/11\/17\/mentalidad-inclusiva-y-cultura-incluyente\/","title":{"rendered":"MENTALIDAD INCLUSIVA Y CULTURA INCLUYENTE"},"content":{"rendered":"<p class=\"p1\"><em><strong>&#8220;Realmente debemos cambiar nuestros comportamientos, nuestras actitudes,<\/strong><\/em><\/p>\n<p class=\"p1\"><em><strong>nuestras acciones y hasta nuestras formas de organizarnos&#8221;.<span class=\"Apple-converted-space\">\u00a0<\/span><\/strong><\/em><\/p>\n<p class=\"p1\">=============================<\/p>\n<p class=\"p1\">V\u00edctor CORCOBA HERRERO\/ Escritor<\/p>\n<p class=\"p1\">corcoba@telefonica.net<span class=\"Apple-converted-space\">\u00a0 \u00a0 \u00a0 \u00a0 \u00a0 \u00a0 \u00a0 \u00a0 \u00a0 \u00a0 \u00a0<\/span><\/p>\n<p class=\"p1\">=============================<span class=\"Apple-converted-space\">\u00a0<\/span><\/p>\n<p class=\"p1\"><span class=\"Apple-converted-space\">\u00a0\u00a0 \u00a0 \u00a0 \u00a0 \u00a0 \u00a0 \u00a0 <\/span>Lo importante radica en comprenderse y entenderse para<\/p>\n<p class=\"p1\">consensuar posturas; s\u00f3lo as\u00ed se podr\u00e1 garantizar la gobernabilidad y la<\/p>\n<p class=\"p1\">estabilidad de la econom\u00eda mundial, con especial atenci\u00f3n a los mercados<\/p>\n<p class=\"p1\">financieros, el comercio y los problemas fiscales, a fin de alcanzar un<\/p>\n<p class=\"p1\">crecimiento econ\u00f3mico que sea incluyente y sostenible. Desde luego, esa<\/p>\n<p class=\"p1\">mentalidad inclusiva que ha de nacer en el propio hogar de cada uno, nos<\/p>\n<p class=\"p1\">ayudar\u00e1 a luchar contra todo tipo de barreras. Adem\u00e1s nos avalan nuestras<\/p>\n<p class=\"p1\">ra\u00edces hist\u00f3ricas. A poco que nos adentremos en ellas, desde la libertad<\/p>\n<p class=\"p1\">individual de todo ser humano, notaremos esa llamada natural a formar una<\/p>\n<p class=\"p1\">\u00fanica familia, que por ahora se ha globalizado, pero no hermanado. Desde el<\/p>\n<p class=\"p1\">cambio clim\u00e1tico hasta la docencia y la salud universal, pasando por la<\/p>\n<p class=\"p1\">erradicaci\u00f3n del racismo y la discriminaci\u00f3n, hoy tanto los j\u00f3venes como los<\/p>\n<p class=\"p1\">mayores tambi\u00e9n alzan la voz sobre los temas que le importan a su generaci\u00f3n<\/p>\n<p class=\"p1\">y reclaman un porvenir m\u00e1s humanitario. Realmente debemos cambiar nuestros<\/p>\n<p class=\"p1\">comportamientos, nuestras actitudes, nuestras acciones y hasta nuestras<\/p>\n<p class=\"p1\">formas de organizarnos. <span class=\"Apple-converted-space\">\u00a0<\/span><\/p>\n<p class=\"p1\"><span class=\"Apple-converted-space\">\u00a0\u00a0 \u00a0 \u00a0 \u00a0 \u00a0 \u00a0 \u00a0 <\/span>Pisotear los derechos humanos, expandir la siembra de la<\/p>\n<p class=\"p1\">falsedad a trav\u00e9s de las m\u00e1s poderosas redes sociales, nos ciegan esa<\/p>\n<p class=\"p1\">mentalidad abierta, volvi\u00e9ndonos inseguros e irresponsables. Considero, por<\/p>\n<p class=\"p1\">tanto, que es necesario dise\u00f1ar protecciones en este terreno para un<\/p>\n<p class=\"p1\">internet abierto, gratuito e incluyente, seguro e inclusivo. De lo<\/p>\n<p class=\"p1\">contrario, no alcanzaremos esa mentalidad universal y mucho menos ese culto<\/p>\n<p class=\"p1\">asistencial que todos requerimos en un contexto comunitario, no cerrado en<\/p>\n<p class=\"p1\">s\u00ed mismo, sino expansivo socialmente. La madurez se alcanza cuando tal<\/p>\n<p class=\"p1\">ejercicio es percibido como algo normal, jam\u00e1s como extraordinario. Nadie<\/p>\n<p class=\"p1\">merece ser descartado. Todos podemos y debemos participar en la vida social,<\/p>\n<p class=\"p1\">ofreciendo nuestras potencialidades y cultivando el buen hacer de la visi\u00f3n<\/p>\n<p class=\"p1\">de cada cual. Fuera exclusiones; si en verdad, queremos activar un nuevo<\/p>\n<p class=\"p1\">periodo de desarrollo innovador que nos aglutine e interconecte, respetuoso<\/p>\n<p class=\"p1\">con el ambiente, verdaderamente tolerante e incluyente con todos los pueblos<\/p>\n<p class=\"p1\">y todas las personas.<\/p>\n<p class=\"p1\"><span class=\"Apple-converted-space\">\u00a0\u00a0 \u00a0 \u00a0 \u00a0 \u00a0 \u00a0 \u00a0 <\/span>Puede que antes tengamos que cerrar, sin miramiento alguno,<\/p>\n<p class=\"p1\">esas plataformas digitales que ponen en nuestra mirada la difusi\u00f3n del odio<\/p>\n<p class=\"p1\">y la desinformaci\u00f3n. Toda transgresi\u00f3n de la veracidad no es solamente una<\/p>\n<p class=\"p1\">especie de inmolaci\u00f3n del mentiroso, sino tambi\u00e9n un golpe en la robustez de<\/p>\n<p class=\"p1\">la sociedad humana. Dejemos de enga\u00f1arnos. T\u00e9ngase presente que, en la<\/p>\n<p class=\"p1\">memoria de los pueblos est\u00e1 la conciencia colectiva de la continuidad del<\/p>\n<p class=\"p1\">linaje, el modo de pensar y de vivir, en la que tiene mucho que ver esa<\/p>\n<p class=\"p1\">cultura adquirida, para hacer frente a los contratiempos de las diferentes<\/p>\n<p class=\"p1\">\u00e9pocas. Ese juicio recto y ese valor moral, es lo que nos injerta el<\/p>\n<p class=\"p1\">equilibrio mental de resistencia a nuestra vivencial hoja de ruta. Tampoco<\/p>\n<p class=\"p1\">se puede permitir ning\u00fan abandono, y a\u00fan menos una marginaci\u00f3n o una<\/p>\n<p class=\"p1\">calificaci\u00f3n de clases, la integraci\u00f3n de toda vida debe ser plena en todo<\/p>\n<p class=\"p1\">instante. A m\u00e1s inclusividad social, mejores programas solidarios, con<\/p>\n<p class=\"p1\">florecientes enfoques a trabajos conjuntos, que es lo que nos hace progresar<\/p>\n<p class=\"p1\">en la cohesi\u00f3n social y sacar partido a las diversas ideas.<span class=\"Apple-converted-space\">\u00a0<\/span><\/p>\n<p class=\"p1\"><span class=\"Apple-converted-space\">\u00a0\u00a0 \u00a0 \u00a0 \u00a0 \u00a0 \u00a0 \u00a0 <\/span>Por otra parte, tanto la m\u00fasica como el cultivo del verso, o<\/p>\n<p class=\"p1\">los pinceles de la poes\u00eda plasmados en el color; y, en general, todo tipo de<\/p>\n<p class=\"p1\">arte, es una buena manera de fraternizarse, de hacer realidad tantos sue\u00f1os.<\/p>\n<p class=\"p1\">De igual modo, el mundo cient\u00edfico unido en arm\u00f3nica investigaci\u00f3n, se<\/p>\n<p class=\"p1\">esfuerza en dar luz en medio de las sombras, poniendo en com\u00fan los<\/p>\n<p class=\"p1\">resultados de sus trabajos. Es cuesti\u00f3n de sumar anhelos, de imaginar otro<\/p>\n<p class=\"p1\">futuro, donde los sistemas energ\u00e9ticos se basen en gran medida en las<\/p>\n<p class=\"p1\">fuentes renovables, complement\u00e1ndose con el hidr\u00f3geno verde y el uso<\/p>\n<p class=\"p1\">sostenible de la biomasa. Lo que es intolerable a\u00fan, es nuestra falta de<\/p>\n<p class=\"p1\">responsabilidad<span class=\"Apple-converted-space\">\u00a0 <\/span>y de compromiso, de consentir que todav\u00eda miles de personas<\/p>\n<p class=\"p1\">mueran cada d\u00eda de hambre, a pesar de las grandes cantidades de recursos<\/p>\n<p class=\"p1\">disponibles, muchos de ellos desperdiciados.<span class=\"Apple-converted-space\">\u00a0<\/span><\/p>\n<p class=\"p1\">Sea como fuere, resulta impresionante la cantidad de desplazados que no<\/p>\n<p class=\"p1\">hallan hospitalidad entre sus semejantes, mientras se desplazan de un lugar<\/p>\n<p class=\"p1\">a otro, muri\u00e9ndose muchos de ellos en el camino. Son estas situaciones las<\/p>\n<p class=\"p1\">que tenemos que reconducir, a trav\u00e9s de un enfoque verdaderamente compasivo.<\/p>\n<p class=\"p1\">La humanidad, en consecuencia, ha de servirse de la riqueza a trav\u00e9s de un<\/p>\n<p class=\"p1\">cultivo decente y nunca ha de ser gobernada por ella. Cuando don dinero coge<\/p>\n<p class=\"p1\">las riendas del poder todo se corrompe, nadie conf\u00eda en nadie, pues el mal<\/p>\n<p class=\"p1\">radica en su mal uso. Son cosas que no se aprenden en la escuela, sino con<\/p>\n<p class=\"p1\">un caminar honesto y una ponderaci\u00f3n cerebral, que es lo que objetivamente<\/p>\n<p class=\"p1\">activa la c\u00e1tedra viviente, hacia una mejor orientaci\u00f3n. Lo de hacerse<\/p>\n<p class=\"p1\">autocr\u00edtica puede ser tambi\u00e9n una buena labor, cuando menos para no<\/p>\n<p class=\"p1\">endiosarse.<span class=\"Apple-converted-space\">\u00a0<\/span><\/p>\n<p class=\"p1\">V\u00edctor CORCOBA HERRERO \/ Escritor<\/p>\n<p class=\"p1\">&lt;mailto:corcoba@telefonica.net&gt; corcoba@telefonica.net<\/p>\n<p class=\"p1\">17 de noviembre de 2022.-<\/p>\n","protected":false},"excerpt":{"rendered":"<p>&#8220;Realmente debemos cambiar nuestros comportamientos, nuestras actitudes, nuestras acciones y hasta nuestras formas de organizarnos&#8221;.\u00a0 ============================= V\u00edctor CORCOBA HERRERO\/ Escritor corcoba@telefonica.net\u00a0 \u00a0 \u00a0 \u00a0 \u00a0&hellip;<\/p>\n","protected":false},"author":99,"featured_media":0,"comment_status":"open","ping_status":"open","sticky":false,"template":"","format":"standard","meta":{"footnotes":""},"categories":[11353,81],"tags":[],"class_list":["post-506791","post","type-post","status-publish","format-standard","hentry","category-algo-mas-que-palabras","category-columnistas"],"_links":{"self":[{"href":"https:\/\/diarioelpopular.com\/index.php\/wp-json\/wp\/v2\/posts\/506791","targetHints":{"allow":["GET"]}}],"collection":[{"href":"https:\/\/diarioelpopular.com\/index.php\/wp-json\/wp\/v2\/posts"}],"about":[{"href":"https:\/\/diarioelpopular.com\/index.php\/wp-json\/wp\/v2\/types\/post"}],"author":[{"embeddable":true,"href":"https:\/\/diarioelpopular.com\/index.php\/wp-json\/wp\/v2\/users\/99"}],"replies":[{"embeddable":true,"href":"https:\/\/diarioelpopular.com\/index.php\/wp-json\/wp\/v2\/comments?post=506791"}],"version-history":[{"count":1,"href":"https:\/\/diarioelpopular.com\/index.php\/wp-json\/wp\/v2\/posts\/506791\/revisions"}],"predecessor-version":[{"id":506792,"href":"https:\/\/diarioelpopular.com\/index.php\/wp-json\/wp\/v2\/posts\/506791\/revisions\/506792"}],"wp:attachment":[{"href":"https:\/\/diarioelpopular.com\/index.php\/wp-json\/wp\/v2\/media?parent=506791"}],"wp:term":[{"taxonomy":"category","embeddable":true,"href":"https:\/\/diarioelpopular.com\/index.php\/wp-json\/wp\/v2\/categories?post=506791"},{"taxonomy":"post_tag","embeddable":true,"href":"https:\/\/diarioelpopular.com\/index.php\/wp-json\/wp\/v2\/tags?post=506791"}],"curies":[{"name":"wp","href":"https:\/\/api.w.org\/{rel}","templated":true}]}}