{"id":507196,"date":"2022-12-08T11:34:16","date_gmt":"2022-12-08T15:34:16","guid":{"rendered":"https:\/\/diarioelpopular.com\/?p=507196"},"modified":"2022-12-08T11:34:16","modified_gmt":"2022-12-08T15:34:16","slug":"reorientar-politicas-y-recuperar-derechos","status":"publish","type":"post","link":"https:\/\/diarioelpopular.com\/index.php\/2022\/12\/08\/reorientar-politicas-y-recuperar-derechos\/","title":{"rendered":"REORIENTAR POL\u00cdTICAS Y RECUPERAR DERECHOS"},"content":{"rendered":"<p class=\"p4\"><b><i>\u201cNuestros mayores problemas actuales tienen su origen, precisamente, en la violaci\u00f3n de lo sensato y en el incumplimiento de nuestras obligaciones\u201d.<span class=\"Apple-converted-space\">\u00a0<\/span><\/i><\/b><\/p>\n<p class=\"p5\"><b><i>=============================<\/i><\/b><\/p>\n<p class=\"p5\"><b><i>V\u00edctor CORCOBA HERRERO\/ Escritor<\/i><\/b><\/p>\n<p class=\"p5\"><b><i>corcoba@telefonica.net <\/i><\/b><\/p>\n<p class=\"p5\"><b>=============================<\/b><span class=\"Apple-converted-space\">\u00a0<\/span><\/p>\n<p class=\"p7\">Los humanos tenemos que reactivar el esp\u00edritu creativo, sobre todo para reorientar las pol\u00edticas sobre la humanidad y as\u00ed poder reavivar una ciudadan\u00eda que cuide de nuestra propia casa com\u00fan, recobrando la universalidad de los derechos humanos, que es lo que verdaderamente suscita un sosiego en el arte de vivir juntos. En consecuencia, estamos llamados a encauzar nuestra mirada hacia lo esencial, focalizando nuestra tarea en el propio h\u00e1bitat y en el cuidado de los seres humanos m\u00e1s fr\u00e1giles, persiguiendo adem\u00e1s ese bien colectivo que nos fraternice de una vez por todas. Junto a este esp\u00edritu cooperante, se requieren adem\u00e1s de otros lenguajes m\u00e1s verdaderos, directos al coraz\u00f3n de todas las culturas, que han de optar por el abecedario de la declaraci\u00f3n de dignidad e igualdad de derechos para todas las personas. M\u00e1s en un tiempo como el actual, que nos enfrentamos a multitud de crisis, acrecentadas por la quiebra moral en los sistemas financieros mundiales y la ausencia de \u00e9tica en muchos dirigentes del planeta, que lo \u00fanico que siembran son divisiones y conflictos, desigualdades e inmoralidades. Est\u00e1 visto, que el avance no significa que la lucha por los derechos y la igualdad haya terminado o termine nunca.<span class=\"Apple-converted-space\">\u00a0<\/span><\/p>\n<p class=\"p7\">Ante este c\u00famulo de retrocesos y progresos, que en nuestra historia siempre acaeci\u00f3, no hay mejor po\u00e9tica que la implicaci\u00f3n consciente y responsable de cada morador, reconociendo con buenas obras el mal que hayamos podido causar como linaje. Acaso, para empezar a meternos en faena, tengamos que detener ese \u00e1nimo de especulaci\u00f3n permanente, y algo tan fundamental como pueden ser los alimentos, debamos de salvaguardarlos, respondiendo con eficacia y honestidad al rugido doloroso de los excluidos que reclaman justicia. Desde luego, hoy m\u00e1s que nunca, necesitamos de una econom\u00eda que invierta en los derechos humanos y que funcione para todas las gentes. Quiz\u00e1s tambi\u00e9n tengamos que reconducir las pol\u00edticas en este sentido; puesto que pedimos renovar el contrato social entre los gobiernos y sus pueblos y dentro de las sociedades, cada vez m\u00e1s inhumanas e insolidarias, para ganar confianza y adoptar una visi\u00f3n compartida y global de los derechos humanos en el camino hacia un desarrollo equitativo y sostenible. Todo esto nos exige tener viva la conciencia, incentivo que nos lleva a pronunciarnos a la luz de los abecedarios mentales, para no perder el horizonte de la promoci\u00f3n integral del individuo, as\u00ed como el destino universal de los bienes, lo que nos advierte de que todos tenemos un papel que desempe\u00f1ar, que comienza indudablemente por defender nuestros derechos y los de los dem\u00e1s.<span class=\"Apple-converted-space\">\u00a0<\/span><\/p>\n<p class=\"p7\">En todo caso, siempre que se abandonan los valores de la humanidad, todos corremos un mayor riesgo. En realidad, la concordia y el derecho son dos beneficios relacionados entre s\u00ed, ya que no puede haber quietud donde no habite la consideraci\u00f3n hacia toda vida. Nuestros mayores problemas actuales tienen su origen, precisamente, en la violaci\u00f3n de lo sensato y en el incumplimiento de nuestras obligaciones. Nos alegra, pues, que la Agenda 2030 para el Desarrollo Sostenible active una norma com\u00fan de logros para todos los pueblos y todas las naciones. No nos podemos quedar, por tanto, fr\u00edos e impasibles ante la urgencia de reconstruir una comunidad de vida humana que garantice en todas las partes del mundo, el respeto hacia sus pobladores en todo momento. Lo que no es de recibo es que tras la invasi\u00f3n de Rusia, por citar algo noticiable actual, se haya desatado una ola de violencia de g\u00e9nero, especialmente de car\u00e1cter sexual, contra las<span class=\"Apple-converted-space\">\u00a0 <\/span>mujeres. Nos alegra, por consiguiente, que una abogada del pa\u00eds haya fundado JurFem, una organizaci\u00f3n que lucha para conseguir protecci\u00f3n y entereza para las v\u00edctimas. En cualquier caso, tampoco se necesitan especiales conocimientos ni habilidades para involucrarse en trabajar por cambiar algo que nos vuelve salvajes y nos deshumaniza por completo.<\/p>\n<p class=\"p7\">Lo importante es unirse con imaginaci\u00f3n, reunirse con valent\u00eda y perseverancia, para que todos los pueblos movilicen la paz en sus relaciones de convivencia, basadas en el di\u00e1logo y en un esp\u00edritu solidario, sustentado en los derechos humanos, que hoy contin\u00faan a\u00fan quebrantables, porque tal vez carezcan de fundamento s\u00f3lido. Bajo este tono desconcertante y este timbre desleal que suele gobernarnos, tampoco se pueden generar sociedades pac\u00edficas, inclusivas, justas, igualitarias y pr\u00f3speras, por mucho que so\u00f1emos con ellas. Puede que para ese cambio de actitudes, tengamos que situar la pol\u00edtica en una acci\u00f3n de desinteresado servicio, escuchando mucho m\u00e1s a los ciudadanos, promoviendo la cultura del abrazo para que se impulse mucho m\u00e1s la familiaridad entre sus civilizaciones, sabiendo que el camino de la violencia es un callej\u00f3n sin salida. \u00danicamente, el aut\u00e9ntico progreso de la sociedad humana llegar\u00e1 con lenguajes consensuados, justos y estables. Al fin y al cabo, esta tensi\u00f3n que padecemos no es buena para nadie, requerimos de otros vientos m\u00e1s arm\u00f3nicos, que no lleven consigo el error del poder abrasador ni el horror de las contiendas, capaces de destruirlo todo y de destronarnos del camino existencial.<\/p>\n<p class=\"p8\"><b>V\u00edctor CORCOBA HERRERO \/ Escritor<\/b><\/p>\n<p class=\"p8\"><b><span class=\"Apple-converted-space\">\u00a0<\/span>HYPERLINK &#8220;mailto:corcoba@telefonica.net&#8221; <\/b><span class=\"s2\"><b>corcoba@telefonica.net<\/b><\/span><\/p>\n<p class=\"p9\"><b>08 de diciembre de 2022<\/b><\/p>\n","protected":false},"excerpt":{"rendered":"<p>\u201cNuestros mayores problemas actuales tienen su origen, precisamente, en la violaci\u00f3n de lo sensato y en el incumplimiento de nuestras obligaciones\u201d.\u00a0 ============================= V\u00edctor CORCOBA HERRERO\/&hellip;<\/p>\n","protected":false},"author":99,"featured_media":0,"comment_status":"open","ping_status":"open","sticky":false,"template":"","format":"standard","meta":{"footnotes":""},"categories":[11353,81],"tags":[],"class_list":["post-507196","post","type-post","status-publish","format-standard","hentry","category-algo-mas-que-palabras","category-columnistas"],"_links":{"self":[{"href":"https:\/\/diarioelpopular.com\/index.php\/wp-json\/wp\/v2\/posts\/507196","targetHints":{"allow":["GET"]}}],"collection":[{"href":"https:\/\/diarioelpopular.com\/index.php\/wp-json\/wp\/v2\/posts"}],"about":[{"href":"https:\/\/diarioelpopular.com\/index.php\/wp-json\/wp\/v2\/types\/post"}],"author":[{"embeddable":true,"href":"https:\/\/diarioelpopular.com\/index.php\/wp-json\/wp\/v2\/users\/99"}],"replies":[{"embeddable":true,"href":"https:\/\/diarioelpopular.com\/index.php\/wp-json\/wp\/v2\/comments?post=507196"}],"version-history":[{"count":1,"href":"https:\/\/diarioelpopular.com\/index.php\/wp-json\/wp\/v2\/posts\/507196\/revisions"}],"predecessor-version":[{"id":507197,"href":"https:\/\/diarioelpopular.com\/index.php\/wp-json\/wp\/v2\/posts\/507196\/revisions\/507197"}],"wp:attachment":[{"href":"https:\/\/diarioelpopular.com\/index.php\/wp-json\/wp\/v2\/media?parent=507196"}],"wp:term":[{"taxonomy":"category","embeddable":true,"href":"https:\/\/diarioelpopular.com\/index.php\/wp-json\/wp\/v2\/categories?post=507196"},{"taxonomy":"post_tag","embeddable":true,"href":"https:\/\/diarioelpopular.com\/index.php\/wp-json\/wp\/v2\/tags?post=507196"}],"curies":[{"name":"wp","href":"https:\/\/api.w.org\/{rel}","templated":true}]}}