{"id":507539,"date":"2022-12-22T10:43:33","date_gmt":"2022-12-22T14:43:33","guid":{"rendered":"https:\/\/diarioelpopular.com\/?p=507539"},"modified":"2022-12-22T10:43:33","modified_gmt":"2022-12-22T14:43:33","slug":"el-gozo-indescriptible-de-la-autentica-navidad","status":"publish","type":"post","link":"https:\/\/diarioelpopular.com\/index.php\/2022\/12\/22\/el-gozo-indescriptible-de-la-autentica-navidad\/","title":{"rendered":"EL GOZO INDESCRIPTIBLE\u00a0  DE LA AUT\u00c9NTICA NAVIDAD"},"content":{"rendered":"<p class=\"p5\"><b><i>\u201cEn realidad todos navegamos en el mismo barco, necesitamos calmar situaciones,<span class=\"Apple-converted-space\">\u00a0 <\/span>comenzando por regular las propias redes sociales; y, as\u00ed, poder disfrutar de una vida segura, digna y con oportunidades\u201d.<span class=\"Apple-converted-space\">\u00a0<\/span><\/i><\/b><\/p>\n<p class=\"p7\"><b><i>=============================<\/i><\/b><\/p>\n<p class=\"p7\"><b><i>V\u00edctor CORCOBA HERRERO\/ Escritor<\/i><\/b><\/p>\n<p class=\"p7\"><b><i>corcoba@telefonica.net <\/i><\/b><\/p>\n<p class=\"p7\"><b>=============================<\/b><span class=\"Apple-converted-space\">\u00a0<\/span><\/p>\n<p class=\"p9\"><b> <\/b>Alrededor de la Navidad todo es poes\u00eda y coraz\u00f3n en la comunidad humana, buenos prop\u00f3sitos y mejor semblante a la hora de transitar por la vida, para que los enfrentamientos cedan paso a la reconciliaci\u00f3n, a la fiesta de los encuentros conciliados con la m\u00edstica fuerza del amor de amar amor, Los labios de todo caminante, suelen verter deseos de bondad, mejorando todos los espacios. Desde luego, a poco que nos miremos entre s\u00ed y unos a otros, observaremos que la prepotencia se ha transformado en s\u00faplica de clemencia y el valor de la tolerancia brota en cualquier esquina, deseando nos gobierne el br\u00edo arm\u00f3nico. Lo importante es darle continuidad al momento, tomar conciencia de lo fundamental que es adoptar una actitud de mano tendida y abrazo permanente. Hoy m\u00e1s que nunca, necesitamos recurrir al aut\u00e9ntico di\u00e1logo, que es un quehacer de todos los humanos, con lo que esto ha de llevar de apertura y acogida, de concurrencia de voluntades y convergencia de inteligencias, lo que contribuir\u00e1 a estabilizar las sociedades y a poner fin a tanta contienda sembrada.<\/p>\n<p class=\"p9\">En este sentido, hay que aplaudir la labor de las fuerzas de mantenimiento de la paz, que est\u00e1n ah\u00ed siempre ayudando a la gente y justo en el momento preciso, reduciendo la probabilidad de que se repitan las guerras civiles, activando los acuerdos de concordia y derribando los muros que separan a los pueblos. Los acuerdos son posibles, hemos de comenzar haci\u00e9ndolos con nosotros mismos, no es una utop\u00eda, y en esta \u00e9poca de la Epifan\u00eda, misterio de humildad y alegr\u00eda, tenemos que comenzar por hacer familia, sin<span class=\"Apple-converted-space\">\u00a0 <\/span>que falte un gesto de solidaridad en ninguna mesa durante estos d\u00edas. En realidad todos navegamos en el mismo barco, necesitamos calmar situaciones, comenzando por regular las propias redes sociales; y, as\u00ed, poder disfrutar de una vida segura, digna y con oportunidades. Lo importante es no desfallecer, verificando que se trata de una responsabilidad conjunta. Est\u00e1 visto que, el potencial de la humanidad para crear un porvenir tranquilo y floreciente, no se alcanzar\u00e1 mientras las desigualdades y la discriminaci\u00f3n sean una realidad. Debemos batallar, pues, por un mundo m\u00e1s de todos y de nadie en particular.<span class=\"Apple-converted-space\">\u00a0<\/span><\/p>\n<p class=\"p9\">Ojal\u00e1 que estas santas noches que viviremos, nos insten a repensar sobre esta uni\u00f3n al Ni\u00f1o Dios que lo ilumina todo, bajo el paraguas de una espiritualidad concertada, sobrecogi\u00e9ndonos con un gozo dif\u00edcil de describir, pero que realmente nos renace a poco que nos adentremos en esa po\u00e9tica celeste, de un origen com\u00fan y llamados a los mismos destinos. Indudablemente, la conciencia de pertenecer a una \u00fanica familia, cuando menos nos estrecha v\u00ednculos y nos hace m\u00e1s generosos, nos hermana aminorando ese instinto dominador que tan cruel est\u00e1 siendo con el linaje; y, adem\u00e1s, nos hace m\u00e1s desprendidos, que buena falta nos hace, ya que cada d\u00eda m\u00e1s poblaci\u00f3n dependen de la asistencia internacional para alimentarse. Confiemos, por consiguiente, que llegue ese rayo de esperanza y consuelo, a cuantos sufren las ansiedades y las miserias de la vida. En consecuencia, deseamos que esta irradiaci\u00f3n navide\u00f1a nos haga vibrar y nos despierte de todo letargo, que llega hasta obscurecer la verdad; fruto de ello, es que nuestro propio interior tampoco logra dominar su angustia y nuestra voz tiembla.<span class=\"Apple-converted-space\">\u00a0<\/span><\/p>\n<p class=\"p9\">Efectivamente, quien m\u00e1s quien menos vive a diario horas angustiosas, que han de hacernos repensar en un un\u00e1nime esfuerzo com\u00fan. Por eso, quiz\u00e1s sea vital volver la vista hacia Bel\u00e9n con mirada limpia y pulso abierto, a la espera de poder reencontrarnos con lo aut\u00e9ntico, descontaminarnos de falsedades, en un momento en el que nuestro propio esp\u00edritu est\u00e1 en fiesta, deseoso de amar y ser amado. Por desgracia, la Nochebuena se ha convertido en una lluvia de sensaciones comerciales, destellando luces que nos atrapan en los vicios, lo que nos impide divisar esa estrella que vive en nosotros, como bondad de Dios, y que ahora nos llama, como tantas veces, a descubrir el verdadero regocijo y la orientativa luz. Es cierto que no podemos olvidar a tantos pueblos privados de paz, de seguridad y de libertad. La angustia de la guerra y del hambre es una fuerte tortura; pero cuanto m\u00e1s sepamos compartir esa sonrisa o esas l\u00e1grimas vertidas en filiaci\u00f3n, con los amigos o con las gentes que esperan de nosotros un recuerdo concreto, mejor nos sentiremos de contribuir a que la Natividad de Cristo favorezca el h\u00e1lito apaciguado existencial, que no es otro que el darse y el donarse en retorno al verso.<\/p>\n<p class=\"p12\"><b>V\u00edctor CORCOBA HERRERO \/ Escritor<\/b><\/p>\n<p class=\"p12\"><b><span class=\"Apple-converted-space\">\u00a0<\/span>HYPERLINK &#8220;mailto:corcoba@telefonica.net&#8221; <\/b><span class=\"s3\"><b>corcoba@telefonica.net<\/b><\/span><\/p>\n<p class=\"p12\"><b>22 de diciembre de 2022.-<\/b><\/p>\n","protected":false},"excerpt":{"rendered":"<p>\u201cEn realidad todos navegamos en el mismo barco, necesitamos calmar situaciones,\u00a0 comenzando por regular las propias redes sociales; y, as\u00ed, poder disfrutar de una vida&hellip;<\/p>\n","protected":false},"author":99,"featured_media":0,"comment_status":"open","ping_status":"open","sticky":false,"template":"","format":"standard","meta":{"footnotes":""},"categories":[11353,81],"tags":[],"class_list":["post-507539","post","type-post","status-publish","format-standard","hentry","category-algo-mas-que-palabras","category-columnistas"],"_links":{"self":[{"href":"https:\/\/diarioelpopular.com\/index.php\/wp-json\/wp\/v2\/posts\/507539","targetHints":{"allow":["GET"]}}],"collection":[{"href":"https:\/\/diarioelpopular.com\/index.php\/wp-json\/wp\/v2\/posts"}],"about":[{"href":"https:\/\/diarioelpopular.com\/index.php\/wp-json\/wp\/v2\/types\/post"}],"author":[{"embeddable":true,"href":"https:\/\/diarioelpopular.com\/index.php\/wp-json\/wp\/v2\/users\/99"}],"replies":[{"embeddable":true,"href":"https:\/\/diarioelpopular.com\/index.php\/wp-json\/wp\/v2\/comments?post=507539"}],"version-history":[{"count":1,"href":"https:\/\/diarioelpopular.com\/index.php\/wp-json\/wp\/v2\/posts\/507539\/revisions"}],"predecessor-version":[{"id":507540,"href":"https:\/\/diarioelpopular.com\/index.php\/wp-json\/wp\/v2\/posts\/507539\/revisions\/507540"}],"wp:attachment":[{"href":"https:\/\/diarioelpopular.com\/index.php\/wp-json\/wp\/v2\/media?parent=507539"}],"wp:term":[{"taxonomy":"category","embeddable":true,"href":"https:\/\/diarioelpopular.com\/index.php\/wp-json\/wp\/v2\/categories?post=507539"},{"taxonomy":"post_tag","embeddable":true,"href":"https:\/\/diarioelpopular.com\/index.php\/wp-json\/wp\/v2\/tags?post=507539"}],"curies":[{"name":"wp","href":"https:\/\/api.w.org\/{rel}","templated":true}]}}