{"id":508240,"date":"2023-01-26T11:57:40","date_gmt":"2023-01-26T15:57:40","guid":{"rendered":"https:\/\/diarioelpopular.com\/?p=508240"},"modified":"2023-01-26T11:57:40","modified_gmt":"2023-01-26T15:57:40","slug":"realidad-y-desafios-de-hogar","status":"publish","type":"post","link":"https:\/\/diarioelpopular.com\/index.php\/2023\/01\/26\/realidad-y-desafios-de-hogar\/","title":{"rendered":"REALIDAD Y DESAF\u00cdOS DE HOGAR"},"content":{"rendered":"<p class=\"p5\"><b><i>\u201cYa estamos globalizados, ahora nos falta hermanarnos a los goces de la genealog\u00eda, para templar el alma y no temblar de fr\u00edo\u201d.<span class=\"Apple-converted-space\">\u00a0<\/span><\/i><\/b><\/p>\n<p class=\"p7\"><b><i>=============================<\/i><\/b><\/p>\n<p class=\"p7\"><b><i>V\u00edctor CORCOBA HERRERO\/ Escritor<\/i><\/b><\/p>\n<p class=\"p7\"><b><i>corcoba@telefonica.net <\/i><\/b><\/p>\n<p class=\"p7\"><b>=============================<\/b><span class=\"Apple-converted-space\">\u00a0<\/span><\/p>\n<p class=\"p8\">La realidad es la que es, est\u00e1 ah\u00ed para bien o para mal, inst\u00e1ndonos a reflexionar. Por incontables que sean los an\u00e1lisis que se hagan, y nuestros propios sue\u00f1os queramos convertirlos en savia, las luces como las sombras no dejan de acompa\u00f1arnos. La primera dificultad la encontramos en nuestro ego, a trav\u00e9s de nuestro comportamiento endiosado e individualista, desvirtuando los v\u00ednculos familiares y proyectando el encierro en la arrogancia, con un desinter\u00e9s hacia todo, verdaderamente inhumano y deshumanizador, haciendo que prevalezca la falsedad permanente en nuestros andares. Hoy, realmente, se echa en falta ese esp\u00edritu cooperante de hogar, cuando menos para seguir contribuyendo a aportar el tan necesario auxilio a la seguridad alimentaria mundial. Sin duda, nos faltan brazos para el abrazo vivificante, para mejorar el suministro mundial de alimentos y estabilizar los mercados. Desde luego, tenemos que continuar mejorando el bienestar de los m\u00e1s d\u00e9biles, fundamentalmente la de aquellos enganchados en los contextos humanitarios m\u00e1s desfavorecidos. La fragilidad tiene nombre de ser humano y, como tal, est\u00e1 en cada cual el saber cuidarnos y el hacernos valer.<\/p>\n<p class=\"p8\">Por desgracia, el mundo se est\u00e1 convirtiendo en una morada de gentes desorientadas, con unas gobernanzas ineficaces que avivan el estr\u00e9s y la confusi\u00f3n constante, convirtiendo a los ciudadanos en meros motores de un sistema que esclaviza y aborrega. Esto hace que cada d\u00eda uno se soporte menos as\u00ed mismo, y opte por vivir solo o conviva sin cohabitar. Olvidamos que nos hace falta abrigarnos unos a otros y curar los males, coraz\u00f3n a coraz\u00f3n. Indudablemente, a poco que buceemos por nuestro interior, observaremos un descalabro moral que nos est\u00e1 dejando en la cuneta de los desprop\u00f3sitos, totalmente hundidos, sin espacio de protecci\u00f3n y de fidelidad, porque en verdad nos hemos cargado el tronco de nuestra propia rama de linaje. Es cierto que no tiene sentido quedarnos en una mera acusaci\u00f3n evasiva de los males actuales, como si con eso pudi\u00e9ramos cambiar algo, precisamos la fuerza motivadora del amor bien entendido, con un amar mejor conjugado, para responder a nuestros privativos lamentos. Al fin y al cabo, todos requerimos alimentar en nosotros una vena de aliento compatible para que la situaci\u00f3n se nos vuelva menos sufrible y llevadera.<\/p>\n<p class=\"p8\">Necesitamos volver a ese nido, donde se cultivan los valores comunitarios, lo que pone de relieve la importancia de sentirnos amados, como principio existencial. Lo importante es dar continuidad, proteger la energ\u00eda en todas sus etapas, tambi\u00e9n en su ocaso. El mundo tiene que entonar y entroncar otras sinton\u00edas m\u00e1s de uni\u00f3n y comuni\u00f3n, de alianzas, sin hacer alarde ni agrandarse por nada, sanando la envidia y poni\u00e9ndonos siempre en actitud de servicio para poder experimentar la felicidad de un alma en donaci\u00f3n continua. Estoy convencido que \u00fanicamente as\u00ed, podremos aminorar dolores y salvar biograf\u00edas. Pong\u00e1monos, pues, en el camino de la concordia. Activemos esa paz que se ajusta a la Carta de las Naciones Unidas y al derecho internacional. Compromet\u00e1monos a trabajar juntos por el bien com\u00fan. Ya estamos globalizados, ahora nos falta hermanarnos a los goces de la genealog\u00eda, para templar el alma y no temblar de fr\u00edo. Antes, tal vez, tengamos que salir de nuestros intereses mezquinos; desprendernos para entregarnos al laboreo de ese orbe arm\u00f3nico, destruyendo la cadena del mal y enmendando nuestra personal historia, con el todo en com\u00fan; puesto que somos individuos sociales, y con mayor raz\u00f3n, entes familiares.<span class=\"Apple-converted-space\">\u00a0<\/span><\/p>\n<p class=\"p8\">Est\u00e1 visto que, un domicilio sin puertas abiertas, es como un cuerpo sin alma. Nuestro amor es el refugio, un albergue que pueden abandonarlo nuestros pies, pero jam\u00e1s nuestros \u00f3rganos. Fuera traiciones. Hay que renacer a diario, reinventarse y empezar siempre de nuevo cada aurora. Esta contemplativa est\u00e9tica del afecto tiene que brillar en los ojos para poder acariciar horizontes celestes en un planeta crecido de indiferencias y rechazos. Generalmente, en todas las atm\u00f3sferas vivientes, los hombres suelen reconocer el gran papel que juegan las mujeres en la mejora del nivel de vida de las familias, pero es fundamental tambi\u00e9n ampararlas y protegerlas de las constantes formas de dominio, perversi\u00f3n, violencia dom\u00e9stica y abuso sexual. Reconducirnos siempre es saludable, sobre todo por aquellas gentes experimentadas y formadas, de manera que las crisis tampoco nos ahoguen, llev\u00e1ndonos a tomar decisiones apresuradas, obviando que el arte de la reconciliaci\u00f3n es una misi\u00f3n inherente a toda existencia. Que quien haya sido herido o vociferado sea pronto tranquilizado y aliviado, es cuesti\u00f3n de todos y de cada uno. No hay mejor reivindicaci\u00f3n, por consiguiente, que encender la lumbre en la estancia de toda parentela. Concib\u00e1moslo, siempre con el vocablo del amor, que es lo que nos transporta a la dulzura y a la bondad.<\/p>\n<p class=\"p10\"><b>V\u00edctor CORCOBA HERRERO \/ Escritor<\/b><\/p>\n<p class=\"p11\"><b><span class=\"Apple-converted-space\">\u00a0<\/span>HYPERLINK &#8220;mailto:corcoba@telefonica.net&#8221; <\/b><span class=\"s2\"><b>corcoba@telefonica.net<\/b><\/span><\/p>\n<p class=\"p11\"><b>26 de enero de 2023.-<\/b><\/p>\n","protected":false},"excerpt":{"rendered":"<p>\u201cYa estamos globalizados, ahora nos falta hermanarnos a los goces de la genealog\u00eda, para templar el alma y no temblar de fr\u00edo\u201d.\u00a0 ============================= V\u00edctor CORCOBA&hellip;<\/p>\n","protected":false},"author":99,"featured_media":0,"comment_status":"open","ping_status":"open","sticky":false,"template":"","format":"standard","meta":{"footnotes":""},"categories":[11353,81],"tags":[],"class_list":["post-508240","post","type-post","status-publish","format-standard","hentry","category-algo-mas-que-palabras","category-columnistas"],"_links":{"self":[{"href":"https:\/\/diarioelpopular.com\/index.php\/wp-json\/wp\/v2\/posts\/508240","targetHints":{"allow":["GET"]}}],"collection":[{"href":"https:\/\/diarioelpopular.com\/index.php\/wp-json\/wp\/v2\/posts"}],"about":[{"href":"https:\/\/diarioelpopular.com\/index.php\/wp-json\/wp\/v2\/types\/post"}],"author":[{"embeddable":true,"href":"https:\/\/diarioelpopular.com\/index.php\/wp-json\/wp\/v2\/users\/99"}],"replies":[{"embeddable":true,"href":"https:\/\/diarioelpopular.com\/index.php\/wp-json\/wp\/v2\/comments?post=508240"}],"version-history":[{"count":1,"href":"https:\/\/diarioelpopular.com\/index.php\/wp-json\/wp\/v2\/posts\/508240\/revisions"}],"predecessor-version":[{"id":508241,"href":"https:\/\/diarioelpopular.com\/index.php\/wp-json\/wp\/v2\/posts\/508240\/revisions\/508241"}],"wp:attachment":[{"href":"https:\/\/diarioelpopular.com\/index.php\/wp-json\/wp\/v2\/media?parent=508240"}],"wp:term":[{"taxonomy":"category","embeddable":true,"href":"https:\/\/diarioelpopular.com\/index.php\/wp-json\/wp\/v2\/categories?post=508240"},{"taxonomy":"post_tag","embeddable":true,"href":"https:\/\/diarioelpopular.com\/index.php\/wp-json\/wp\/v2\/tags?post=508240"}],"curies":[{"name":"wp","href":"https:\/\/api.w.org\/{rel}","templated":true}]}}