{"id":508712,"date":"2023-02-17T10:53:28","date_gmt":"2023-02-17T14:53:28","guid":{"rendered":"https:\/\/diarioelpopular.com\/?p=508712"},"modified":"2023-02-17T10:53:28","modified_gmt":"2023-02-17T14:53:28","slug":"franquear-obstaculos","status":"publish","type":"post","link":"https:\/\/diarioelpopular.com\/index.php\/2023\/02\/17\/franquear-obstaculos\/","title":{"rendered":"FRANQUEAR OBST\u00c1CULOS"},"content":{"rendered":"<p class=\"p1\">&#8220;Actuar bajo la acci\u00f3n transformadora conjunta, movilizando las enterezas<\/p>\n<p class=\"p1\">internas, nos ayudar\u00e1n a ser de otro modo&#8221;.<span class=\"Apple-converted-space\">\u00a0<\/span><\/p>\n<p class=\"p1\">=============================<\/p>\n<p class=\"p1\">V\u00edctor CORCOBA HERRERO\/ Escritor<\/p>\n<p class=\"p1\">corcoba@telefonica.net<span class=\"Apple-converted-space\">\u00a0 \u00a0 \u00a0 \u00a0 \u00a0 \u00a0 \u00a0 \u00a0<\/span><\/p>\n<p class=\"p1\">=============================<span class=\"Apple-converted-space\">\u00a0<\/span><\/p>\n<p class=\"p1\"><span class=\"Apple-converted-space\">\u00a0\u00a0 \u00a0 \u00a0 \u00a0 \u00a0 \u00a0 \u00a0 <\/span>Hoy m\u00e1s que nunca necesitamos desbloquear barreras,<\/p>\n<p class=\"p1\">restableciendo la confianza en los gobiernos, fortaleciendo el esp\u00edritu<\/p>\n<p class=\"p1\">solidario para debilitar los obst\u00e1culos, sobre todo los generados por<\/p>\n<p class=\"p1\">nosotros mismos, fruto de ese encierro ego\u00edsta que suele impedir el di\u00e1logo<\/p>\n<p class=\"p1\">entre los interlocutores sociales, que es lo que en realidad nos activa el<\/p>\n<p class=\"p1\">avance y el desarrollo. Sin duda, debemos despojarnos de opresiones,<\/p>\n<p class=\"p1\">mirarnos de otro modo, para mejorar las interrelaciones y las dependencias.<\/p>\n<p class=\"p1\">Sabemos que, por muy grande que sea el descontento, siempre hay un rayo de<\/p>\n<p class=\"p1\">esperanza. Se trata de corregir la corriente del hacer, del obrar con el<\/p>\n<p class=\"p1\">decir en coherencia. Para empezar, tenemos que batallar por los compromisos<\/p>\n<p class=\"p1\">adquiridos, sustent\u00e1ndolos en una concepci\u00f3n amplia de los derechos humanos.<\/p>\n<p class=\"p1\"><span class=\"Apple-converted-space\">\u00a0\u00a0 \u00a0 \u00a0 \u00a0 \u00a0 \u00a0 \u00a0 <\/span>Llevar a buen t\u00e9rmino, la justicia social, hace que las<\/p>\n<p class=\"p1\">sociedades se humanicen y que las econom\u00edas funcionen equitativamente,<\/p>\n<p class=\"p1\">reduciendo las injustas desigualdades y el c\u00famulo de enfrentamientos, que<\/p>\n<p class=\"p1\">agotan los valores que nos unen. Todo este aluvi\u00f3n de dificultades amenaza<\/p>\n<p class=\"p1\">los esfuerzos contiguos, que son los que realmente proporcionan ayuda<\/p>\n<p class=\"p1\">humanitaria. Esta es la dimensi\u00f3n humana, o s\u00ed quieren, \u00e9tica. Quiz\u00e1s<\/p>\n<p class=\"p1\">tengamos que aprender a ser m\u00e1s justos, hasta con nosotros mismos. Por<\/p>\n<p class=\"p1\">tanto, es necesario activar otros contextos para menguar los muros de las<\/p>\n<p class=\"p1\">indecencias. Indudablemente, no tendremos quietud en el alma, si obviamos la<\/p>\n<p class=\"p1\">virtud moral que, adem\u00e1s, nos hace velar sobre el pleno respeto a lo l\u00edcito,<\/p>\n<p class=\"p1\">con una objetiva distribuci\u00f3n de beneficios y cargas bien repartidas.<\/p>\n<p class=\"p1\"><span class=\"Apple-converted-space\">\u00a0\u00a0 \u00a0 \u00a0 \u00a0 \u00a0 \u00a0 \u00a0 <\/span>Es primordial sentar las bases de un esp\u00edritu cooperante, en<\/p>\n<p class=\"p1\">un mundo que tiene que hermanarse m\u00e1s pronto que tarde, para no destruirse.<\/p>\n<p class=\"p1\">Requerimos de otras gobernanzas m\u00e1s aut\u00e9nticas, m\u00e1s del mundo y para la<\/p>\n<p class=\"p1\">vida, que mejoren los caminos existenciales. Para esta recuperaci\u00f3n han de<\/p>\n<p class=\"p1\">reconciliarse los corazones. Son esenciales otros liderazgos que activen ese<\/p>\n<p class=\"p1\">orbe conciliador, capaz de curar las heridas abiertas y el cese de las<\/p>\n<p class=\"p1\">hostilidades. Desde luego, tenemos que revitalizarnos con otros abecedarios<\/p>\n<p class=\"p1\">m\u00e1s del alma que del cuerpo, poniendo la mano tendida en la reparaci\u00f3n del<\/p>\n<p class=\"p1\">orden violado, con la satisfacci\u00f3n de saber eximir, para poder llegar a una<\/p>\n<p class=\"p1\">nueva era de respeto y de acuerdo constructivo. A la vida le basta el latir<\/p>\n<p class=\"p1\">de un andar para sumar otros andares y renacer.<\/p>\n<p class=\"p1\"><span class=\"Apple-converted-space\">\u00a0\u00a0 \u00a0 \u00a0 \u00a0 \u00a0 \u00a0 \u00a0 <\/span>Subsiguientemente, tampoco nos interesan tanto los sistemas<\/p>\n<p class=\"p1\">productivos, que lo \u00fanico que hacen es deshumanizarnos en lugar de hacernos<\/p>\n<p class=\"p1\">familia. Sin embargo, lo que si nos conviene es unir esfuerzos para<\/p>\n<p class=\"p1\">reconducirnos. Encontrar el sosiego es un constante proceso en comuni\u00f3n y en<\/p>\n<p class=\"p1\">comunidad. De hecho, nos viene bien que germinen los lazos. Esto \u00fanicamente<\/p>\n<p class=\"p1\">puede nacer del encuentro entre an\u00e1logos, afanados en cultivar el amor en<\/p>\n<p class=\"p1\">vez de alimentar en su interior el odio, los deseos de venganza o el ansia<\/p>\n<p class=\"p1\">de destrucci\u00f3n. Indudablemente, la fertilidad de lo arm\u00f3nico tiene otros<\/p>\n<p class=\"p1\">aires menos comerciales y m\u00e1s donantes, porque el ser humano que se entrega,<\/p>\n<p class=\"p1\">dispensando o pidiendo clemencia, entiende que hay que ser m\u00e1s comprensivo,<\/p>\n<p class=\"p1\">que es como uno puede conciliar.<span class=\"Apple-converted-space\">\u00a0<\/span><\/p>\n<p class=\"p1\"><span class=\"Apple-converted-space\">\u00a0\u00a0 \u00a0 \u00a0 \u00a0 \u00a0 \u00a0 \u00a0 <\/span>Habr\u00e1 tensiones sociales, mientras no activemos la cultura<\/p>\n<p class=\"p1\">del abrazo, que es lo que genera desarrollo humanitario. Tenemos que<\/p>\n<p class=\"p1\">aprender a querernos, para poder formar parte de ese v\u00ednculo est\u00e9tico, que<\/p>\n<p class=\"p1\">es el que nos imprime la mejor energ\u00eda. Hay que abandonar las pol\u00edticas y<\/p>\n<p class=\"p1\">pasar al orbe de las po\u00e9ticas, que es un verdadero laboratorio de<\/p>\n<p class=\"p1\">humanizaci\u00f3n. Solo hay que respirar sus latidos para embellecer los labios<\/p>\n<p class=\"p1\">de placidez. Ciertamente, nos conviene activar nuestro innato sumatorio de<\/p>\n<p class=\"p1\">pulsos en la construcci\u00f3n del bien colectivo, comprometi\u00e9ndonos a promover<\/p>\n<p class=\"p1\">en cada latido una cultura muy atenta a la primac\u00eda de los valores y<\/p>\n<p class=\"p1\">principios del derecho. Actuar bajo la acci\u00f3n transformadora conjunta,<\/p>\n<p class=\"p1\">movilizando las enterezas internas, nos ayudar\u00e1n a ser de otro modo.<span class=\"Apple-converted-space\">\u00a0<\/span><\/p>\n<p class=\"p1\"><span class=\"Apple-converted-space\">\u00a0\u00a0 \u00a0 \u00a0 \u00a0 \u00a0 \u00a0 \u00a0 <\/span>En ocasiones estamos tan sumidos en nosotros mismos, que al<\/p>\n<p class=\"p1\">franquear c\u00faspides solemos olvidarnos de esa alma com\u00fan que nos orienta,<\/p>\n<p class=\"p1\">para vencer todas las dificultades. En nuestro caso, tenemos que empezar a<\/p>\n<p class=\"p1\">allanar caminos, poniendo fin a la impunidad para fomentar la confianza,<\/p>\n<p class=\"p1\">encarando los legados del pasado, adoptando medidas reparadoras y<\/p>\n<p class=\"p1\">garantizando una rectitud que nos sustente los v\u00ednculos. De lo contrario,<\/p>\n<p class=\"p1\">continuaremos divididos, unos teni\u00e9ndolo todo y otros careciendo de lo<\/p>\n<p class=\"p1\">esencial, como la falta de acceso a la salud, a una alimentaci\u00f3n adecuada, o<\/p>\n<p class=\"p1\">a la educaci\u00f3n. As\u00ed, no se puede traspasar esta doliente etapa, donde todo<\/p>\n<p class=\"p1\">es combate y decepci\u00f3n, como en el estado salvaje. Ahora toca ramificarse<\/p>\n<p class=\"p1\">para hacer tronco diario.<\/p>\n<p class=\"p1\"><span class=\"Apple-converted-space\">\u00a0 \u00a0 \u00a0 \u00a0 \u00a0 \u00a0 \u00a0 \u00a0 \u00a0 \u00a0 \u00a0 \u00a0 \u00a0 \u00a0 \u00a0 <\/span>V\u00edctor CORCOBA HERRERO \/ Escritor<\/p>\n<p class=\"p1\">corcoba@telefonica.net<\/p>\n<p class=\"p1\">17 de febrero de 2023.-<\/p>\n","protected":false},"excerpt":{"rendered":"<p>&#8220;Actuar bajo la acci\u00f3n transformadora conjunta, movilizando las enterezas internas, nos ayudar\u00e1n a ser de otro modo&#8221;.\u00a0 ============================= V\u00edctor CORCOBA HERRERO\/ Escritor corcoba@telefonica.net\u00a0 \u00a0 \u00a0&hellip;<\/p>\n","protected":false},"author":99,"featured_media":0,"comment_status":"open","ping_status":"open","sticky":false,"template":"","format":"standard","meta":{"footnotes":""},"categories":[11353,81],"tags":[],"class_list":["post-508712","post","type-post","status-publish","format-standard","hentry","category-algo-mas-que-palabras","category-columnistas"],"_links":{"self":[{"href":"https:\/\/diarioelpopular.com\/index.php\/wp-json\/wp\/v2\/posts\/508712","targetHints":{"allow":["GET"]}}],"collection":[{"href":"https:\/\/diarioelpopular.com\/index.php\/wp-json\/wp\/v2\/posts"}],"about":[{"href":"https:\/\/diarioelpopular.com\/index.php\/wp-json\/wp\/v2\/types\/post"}],"author":[{"embeddable":true,"href":"https:\/\/diarioelpopular.com\/index.php\/wp-json\/wp\/v2\/users\/99"}],"replies":[{"embeddable":true,"href":"https:\/\/diarioelpopular.com\/index.php\/wp-json\/wp\/v2\/comments?post=508712"}],"version-history":[{"count":1,"href":"https:\/\/diarioelpopular.com\/index.php\/wp-json\/wp\/v2\/posts\/508712\/revisions"}],"predecessor-version":[{"id":508713,"href":"https:\/\/diarioelpopular.com\/index.php\/wp-json\/wp\/v2\/posts\/508712\/revisions\/508713"}],"wp:attachment":[{"href":"https:\/\/diarioelpopular.com\/index.php\/wp-json\/wp\/v2\/media?parent=508712"}],"wp:term":[{"taxonomy":"category","embeddable":true,"href":"https:\/\/diarioelpopular.com\/index.php\/wp-json\/wp\/v2\/categories?post=508712"},{"taxonomy":"post_tag","embeddable":true,"href":"https:\/\/diarioelpopular.com\/index.php\/wp-json\/wp\/v2\/tags?post=508712"}],"curies":[{"name":"wp","href":"https:\/\/api.w.org\/{rel}","templated":true}]}}