{"id":508829,"date":"2023-02-23T11:42:33","date_gmt":"2023-02-23T15:42:33","guid":{"rendered":"https:\/\/diarioelpopular.com\/?p=508829"},"modified":"2023-02-23T11:42:33","modified_gmt":"2023-02-23T15:42:33","slug":"un-grito-de-esperanza","status":"publish","type":"post","link":"https:\/\/diarioelpopular.com\/index.php\/2023\/02\/23\/un-grito-de-esperanza\/","title":{"rendered":"UN GRITO DE ESPERANZA"},"content":{"rendered":"<p class=\"p1\">&#8220;Por muy grandes que sean las adversidades y la desesperaci\u00f3n, siempre<\/p>\n<p class=\"p1\">contaremos con un rayo de confianza&#8221;.<span class=\"Apple-converted-space\">\u00a0<\/span><\/p>\n<p class=\"p1\">=============================<\/p>\n<p class=\"p1\">V\u00edctor CORCOBA HERRERO\/ Escritor<\/p>\n<p class=\"p1\">corcoba@telefonica.net<span class=\"Apple-converted-space\">\u00a0 \u00a0 \u00a0 \u00a0 \u00a0 \u00a0 \u00a0 \u00a0<\/span><\/p>\n<p class=\"p1\">=============================<span class=\"Apple-converted-space\">\u00a0<\/span><\/p>\n<p class=\"p1\"><span class=\"Apple-converted-space\">\u00a0\u00a0 \u00a0 \u00a0 \u00a0 \u00a0 \u00a0 \u00a0 <\/span>Cuando todo parece moverse en la perspectiva de la muerte,<\/p>\n<p class=\"p1\">con todo tipo de tropel\u00edas y desapariciones forzadas, reivindico otros<\/p>\n<p class=\"p1\">itinerarios de renovaci\u00f3n personal que nos devuelvan a otros espacios menos<\/p>\n<p class=\"p1\">t\u00f3xicos, para propiciar v\u00ednculos que nos fraternicen, y as\u00ed rebajar las<\/p>\n<p class=\"p1\">tensiones sociales, fortaleciendo un esp\u00edritu conjunto. Conscientes de<\/p>\n<p class=\"p1\">nuestras propias debilidades, los andares han de sostenerse en la certeza de<\/p>\n<p class=\"p1\">la uni\u00f3n y la unidad, como nuestra regla existencial, si en verdad queremos<\/p>\n<p class=\"p1\">entrar en un clima de concordia entre an\u00e1logos. De lo contrario,<\/p>\n<p class=\"p1\">continuaremos activando los conflictos y el debilitamiento de las<\/p>\n<p class=\"p1\">instituciones internacionales destinadas a protegernos, con nuevas misiones<\/p>\n<p class=\"p1\">de paz s\u00f3lidas.<span class=\"Apple-converted-space\">\u00a0<\/span><\/p>\n<p class=\"p1\"><span class=\"Apple-converted-space\">\u00a0\u00a0 \u00a0 \u00a0 \u00a0 \u00a0 \u00a0 \u00a0 <\/span>Venga a nosotros, pues, ese grito de esperanza. Hag\u00e1moslo<\/p>\n<p class=\"p1\">impulso diario. Aprovechemos la natural riqueza humana de la diversidad,<\/p>\n<p class=\"p1\">cultivemos la justicia social como abecedario, paremos todas las in\u00fatiles<\/p>\n<p class=\"p1\">guerras que bloquean nuestro soplo arm\u00f3nico. En ocasiones, la falta de<\/p>\n<p class=\"p1\">oportunidades laborales es el principal factor que impulsa a la gente a<\/p>\n<p class=\"p1\">unirse a grupos extremistas violentos. Otras veces, la falta de tiempo para<\/p>\n<p class=\"p1\">reflexionar, nos impide entrar en raz\u00f3n para corregir nuestros modos y<\/p>\n<p class=\"p1\">maneras de vivir. Dispong\u00e1monos a traducirlo, con humilde docilidad, en<\/p>\n<p class=\"p1\">otros quehaceres m\u00e1s de entrega y donaci\u00f3n, hacia ese camino de secuencia<\/p>\n<p class=\"p1\">colectiva y personal, al que todos estamos llamados a contribuir con nuestro<\/p>\n<p class=\"p1\">coraz\u00f3n.<span class=\"Apple-converted-space\">\u00a0<\/span><\/p>\n<p class=\"p1\"><span class=\"Apple-converted-space\">\u00a0\u00a0 \u00a0 \u00a0 \u00a0 \u00a0 \u00a0 \u00a0 <\/span>En la vida diaria corremos el riesgo de dejarnos apresar por<\/p>\n<p class=\"p1\">este mundo material, que realmente nos absorbe y no nos sacia, porque<\/p>\n<p class=\"p1\">realmente tampoco trabajamos otras voluntades, que nos hagan retomar un<\/p>\n<p class=\"p1\">sentido m\u00e1s aut\u00e9ntico de nuestros lazos. Quiz\u00e1s nuestra primera tarea deba<\/p>\n<p class=\"p1\">ser silenciar las armas para poder o\u00edr el alma, que es lo que en realidad<\/p>\n<p class=\"p1\">nos hace cambiar de rumbo, propiciar un nuevo humanismo, removiendo los<\/p>\n<p class=\"p1\">humanos derechos, de restablecer nuevas rutas que acallen la violencia y<\/p>\n<p class=\"p1\">aviven la cultura del abrazo, poniendo coto a los inhumanos enfrentamientos.<\/p>\n<p class=\"p1\">Indudablemente, la cohesi\u00f3n social llegar\u00e1 en la medida que seamos capaces<\/p>\n<p class=\"p1\">de entendernos. La cuesti\u00f3n est\u00e1, no en saber m\u00e1s, sino en comprenderse<\/p>\n<p class=\"p1\">mejor.<\/p>\n<p class=\"p1\"><span class=\"Apple-converted-space\">\u00a0\u00a0 \u00a0 \u00a0 \u00a0 \u00a0 \u00a0 \u00a0 <\/span>La incomprensi\u00f3n realmente nos ciega, nos impide sentir para<\/p>\n<p class=\"p1\">cambiar el aguante; pues, son las relaciones entre semejantes lo que nos<\/p>\n<p class=\"p1\">hace avanzar o retroceder. Por eso, es vital conservar los anhelos para<\/p>\n<p class=\"p1\">afrontar todas las dificultades y superar tambi\u00e9n los obst\u00e1culos,<\/p>\n<p class=\"p1\">conciliando lenguajes a trav\u00e9s de la escucha y conviniendo permanecer en<\/p>\n<p class=\"p1\">vigilancia contra las fuerzas discordantes. Puede que ahora sea el momento<\/p>\n<p class=\"p1\">favorable para acoger con mayor disponibilidad los di\u00e1logos sinceros, que<\/p>\n<p class=\"p1\">son los que nos sit\u00faan en la verdad y en la bondad, alej\u00e1ndonos de los<\/p>\n<p class=\"p1\">discursos de odio. Desde luego, tenemos que modificar de narrativa,<\/p>\n<p class=\"p1\">difundiendo cr\u00f3nicas objetivas y ver\u00eddicas, que promuevan el acuerdo en<\/p>\n<p class=\"p1\">lugar del desacuerdo. <span class=\"Apple-converted-space\">\u00a0<\/span><\/p>\n<p class=\"p1\"><span class=\"Apple-converted-space\">\u00a0\u00a0 \u00a0 \u00a0 \u00a0 \u00a0 \u00a0 \u00a0 <\/span>En todo caso, tenemos que destronar de la faz de la tierra,<\/p>\n<p class=\"p1\">cuanto antes, todo este manto de venganzas que nos deslumbran el firmamento.<\/p>\n<p class=\"p1\">Hay que degradar cualquier aire de rencor, corriente discriminatoria y<\/p>\n<p class=\"p1\">vocablo que niegue las atrocidades cometidas. La realidad es la que es y no<\/p>\n<p class=\"p1\">podemos ocultarla. Impulsemos los hogares de la concordia. Al tiempo,<\/p>\n<p class=\"p1\">tomemos como opci\u00f3n preferencial el gesto lit\u00fargico de la ceniza con sus<\/p>\n<p class=\"p1\">estaciones cuaresmales y su inspiraci\u00f3n m\u00edstica. Ser\u00e1 bueno para crecer<\/p>\n<p class=\"p1\">internamente y reencontrarnos m\u00e1s all\u00e1 de las apariencias.<span class=\"Apple-converted-space\">\u00a0 <\/span>Nunca es tarde<\/p>\n<p class=\"p1\">para reponerse. Lo fundamental es favorecer el cambio de \u00e9poca con la<\/p>\n<p class=\"p1\">conciencia, los latidos y el comportamiento. Comportarse es un espejo que<\/p>\n<p class=\"p1\">recoge nuestra biograf\u00eda en la tierra.<\/p>\n<p class=\"p1\"><span class=\"Apple-converted-space\">\u00a0\u00a0 \u00a0 \u00a0 \u00a0 \u00a0 \u00a0 \u00a0 <\/span>Por muy grandes que sean las adversidades y la<\/p>\n<p class=\"p1\">desesperaci\u00f3n, siempre contaremos con un rayo de confianza. Los seres<\/p>\n<p class=\"p1\">humanos se reavivan, a poco que les inunde la ilusi\u00f3n de mejorar, de salir<\/p>\n<p class=\"p1\">de este coraz\u00f3n empedrado, que no se inmuta por nada ni por nadie,<\/p>\n<p class=\"p1\">acostumbrado a convivir con el terror entre las manos. Esta actitud de<\/p>\n<p class=\"p1\">bochorno, nos aletarga interiormente, oscureci\u00e9ndonos la mirada y<\/p>\n<p class=\"p1\">ensombreci\u00e9ndonos los caminos. Debemos, hoy m\u00e1s que nunca, recuperar nuestra<\/p>\n<p class=\"p1\">propia moral, para poder reaccionar ante la realidad del mal que siempre nos<\/p>\n<p class=\"p1\">desaf\u00eda. La confusi\u00f3n es grande ciertamente. Pero la apuesta por lo<\/p>\n<p class=\"p1\">aut\u00e9ntico es el mejor sol para salir de esta niebla que nos mortifica y<\/p>\n<p class=\"p1\">transcender al reino de la poes\u00eda, donde lo \u00fanico que se desprende es la<\/p>\n<p class=\"p1\">enternecedora luz eterna.<span class=\"Apple-converted-space\">\u00a0<\/span><\/p>\n<p class=\"p1\"><span class=\"Apple-converted-space\">\u00a0 \u00a0 \u00a0 \u00a0 \u00a0 \u00a0 \u00a0 \u00a0 \u00a0 \u00a0 \u00a0 \u00a0 \u00a0 \u00a0 \u00a0 <\/span>V\u00edctor CORCOBA HERRERO \/ Escritor<\/p>\n<p class=\"p1\">corcoba@telefonica.net<\/p>\n<p class=\"p1\">23 de febrero de 2023.-<\/p>\n","protected":false},"excerpt":{"rendered":"<p>&#8220;Por muy grandes que sean las adversidades y la desesperaci\u00f3n, siempre contaremos con un rayo de confianza&#8221;.\u00a0 ============================= V\u00edctor CORCOBA HERRERO\/ Escritor corcoba@telefonica.net\u00a0 \u00a0 \u00a0&hellip;<\/p>\n","protected":false},"author":99,"featured_media":0,"comment_status":"open","ping_status":"open","sticky":false,"template":"","format":"standard","meta":{"footnotes":""},"categories":[11353,81],"tags":[],"class_list":["post-508829","post","type-post","status-publish","format-standard","hentry","category-algo-mas-que-palabras","category-columnistas"],"_links":{"self":[{"href":"https:\/\/diarioelpopular.com\/index.php\/wp-json\/wp\/v2\/posts\/508829","targetHints":{"allow":["GET"]}}],"collection":[{"href":"https:\/\/diarioelpopular.com\/index.php\/wp-json\/wp\/v2\/posts"}],"about":[{"href":"https:\/\/diarioelpopular.com\/index.php\/wp-json\/wp\/v2\/types\/post"}],"author":[{"embeddable":true,"href":"https:\/\/diarioelpopular.com\/index.php\/wp-json\/wp\/v2\/users\/99"}],"replies":[{"embeddable":true,"href":"https:\/\/diarioelpopular.com\/index.php\/wp-json\/wp\/v2\/comments?post=508829"}],"version-history":[{"count":1,"href":"https:\/\/diarioelpopular.com\/index.php\/wp-json\/wp\/v2\/posts\/508829\/revisions"}],"predecessor-version":[{"id":508830,"href":"https:\/\/diarioelpopular.com\/index.php\/wp-json\/wp\/v2\/posts\/508829\/revisions\/508830"}],"wp:attachment":[{"href":"https:\/\/diarioelpopular.com\/index.php\/wp-json\/wp\/v2\/media?parent=508829"}],"wp:term":[{"taxonomy":"category","embeddable":true,"href":"https:\/\/diarioelpopular.com\/index.php\/wp-json\/wp\/v2\/categories?post=508829"},{"taxonomy":"post_tag","embeddable":true,"href":"https:\/\/diarioelpopular.com\/index.php\/wp-json\/wp\/v2\/tags?post=508829"}],"curies":[{"name":"wp","href":"https:\/\/api.w.org\/{rel}","templated":true}]}}