{"id":508974,"date":"2023-03-02T11:23:31","date_gmt":"2023-03-02T15:23:31","guid":{"rendered":"https:\/\/diarioelpopular.com\/?p=508974"},"modified":"2023-03-02T11:23:31","modified_gmt":"2023-03-02T15:23:31","slug":"corazones-bucolicos","status":"publish","type":"post","link":"https:\/\/diarioelpopular.com\/index.php\/2023\/03\/02\/corazones-bucolicos\/","title":{"rendered":"CORAZONES BUC\u00d3LICOS\u00a0"},"content":{"rendered":"<p class=\"p1\">&#8220;Nuestra tarea de custodia debe estar presente a todas horas, preservando<\/p>\n<p class=\"p1\">los inciensos nativos y reconstruyendo zonas para todos los corazones<\/p>\n<p class=\"p1\">labriegos&#8221;.<span class=\"Apple-converted-space\">\u00a0<\/span><\/p>\n<p class=\"p1\">=============================<\/p>\n<p class=\"p1\">V\u00edctor CORCOBA HERRERO\/ Escritor<\/p>\n<p class=\"p1\">corcoba@telefonica.net<span class=\"Apple-converted-space\">\u00a0 \u00a0 \u00a0 \u00a0 \u00a0 \u00a0 \u00a0 \u00a0<\/span><\/p>\n<p class=\"p1\">=============================<span class=\"Apple-converted-space\">\u00a0<\/span><\/p>\n<p class=\"p1\"><span class=\"Apple-converted-space\">\u00a0\u00a0 \u00a0 \u00a0 \u00a0 \u00a0 \u00a0 \u00a0 <\/span>Los pasajes vivenciales no son m\u00e1s que un manto silvestre de<\/p>\n<p class=\"p1\">aromas que nos resucitan cada d\u00eda, lo que requiere de nosotros unos h\u00e1bitos<\/p>\n<p class=\"p1\">saludables y un deseo de vivir, desvividos por preservar los h\u00e1bitats<\/p>\n<p class=\"p1\">naturales, para poner a nuestro planeta en el camino de la curaci\u00f3n y para<\/p>\n<p class=\"p1\">situarnos tambi\u00e9n nosotros, los humanos, en una labranza de sue\u00f1os hacia s\u00ed<\/p>\n<p class=\"p1\">mismo, previo talar los \u00e1rboles de la soberbia, entreg\u00e1ndonos para que el<\/p>\n<p class=\"p1\">mundo llegue a ser un poco m\u00e1s celeste y la biosfera no acabe en un final<\/p>\n<p class=\"p1\">desastroso. Indudablemente, la supervivencia es algo m\u00e1s que un itinerario,<\/p>\n<p class=\"p1\">es una m\u00edstica gozosa que nos interroga tras la contemplativa, de manera que<\/p>\n<p class=\"p1\">nos vuelve poes\u00eda ante tanta belleza de fauna y flora natural. De eso se<\/p>\n<p class=\"p1\">trata, de retornar al verso, floreciendo nuevamente la nobleza del ser<\/p>\n<p class=\"p1\">humano, que es lo que en verdad nos hace proteger con \u00e9xito la<\/p>\n<p class=\"p1\">biodiversidad, como aut\u00e9nticos poetas en guardia permanente.<span class=\"Apple-converted-space\">\u00a0<\/span><\/p>\n<p class=\"p1\">Dejemos que las fragancias, con sus esencias existenciales, acrecienten la<\/p>\n<p class=\"p1\">llamada a comprometernos con el medio, que tantas veces nos habla; y, sin<\/p>\n<p class=\"p1\">embargo, apenas entramos en sinton\u00eda de escucha. Hagamos una pausa en<\/p>\n<p class=\"p1\">nuestros andares, revisemos los pasos dados, acariciemos con la mirada<\/p>\n<p class=\"p1\">nuestra in\u00e9dita recreaci\u00f3n. Seguramente, entonces, vibraremos bajo esa toga<\/p>\n<p class=\"p1\">multicolor, sabiendo que nada desfallece y que todo se armoniza, porque ha<\/p>\n<p class=\"p1\">de hermanarse. Ciertamente, el valor de la cr\u00f3nica silvestre es<\/p>\n<p class=\"p1\">incalculable. Nosotros hemos de ser sus cuidadores, no sus destructores.<\/p>\n<p class=\"p1\">Saboreemos sus en\u00e9rgicas lociones, dej\u00e9monos alimentar por sus<\/p>\n<p class=\"p1\">contribuciones vitales, trabajemos con toda el alma y con toda la mente, por<\/p>\n<p class=\"p1\">ese estado original que todos nos merecemos respirar, para descubrir<\/p>\n<p class=\"p1\">principios que son universales. Sea como fuere, jam\u00e1s desfallezcamos en ese<\/p>\n<p class=\"p1\">reencuentro de todos hacia todos, haciendo de nuestra casa com\u00fan un<\/p>\n<p class=\"p1\">verdadero hogar de sensatos alientos, en lugar de propiciar agentes<\/p>\n<p class=\"p1\">contaminantes.<span class=\"Apple-converted-space\">\u00a0<\/span><\/p>\n<p class=\"p1\">En cualquier caso, a poco que exploremos nuestro propio planeta advertiremos<\/p>\n<p class=\"p1\">que la intervenci\u00f3n humana suele estar al servicio de un inter\u00e9s mundano, en<\/p>\n<p class=\"p1\">vez de intensificar la protecci\u00f3n a una hermosura que sin ella nada somos.<\/p>\n<p class=\"p1\">Hay que poner fin a esta in\u00fatil contienda contra la naturaleza, cuidando con<\/p>\n<p class=\"p1\">especial preocupaci\u00f3n a las especies en v\u00edas de extinci\u00f3n. Al fin y al cabo,<\/p>\n<p class=\"p1\">coexistimos en ese poema vivencial, que no puede degradarse, sino que debe<\/p>\n<p class=\"p1\">de enaltecerse a trav\u00e9s del contacto espiritual, verdaderamente consolador<\/p>\n<p class=\"p1\">que nos convoca a una comuni\u00f3n fraternal. Nuestra tarea de custodia debe<\/p>\n<p class=\"p1\">estar presente a todas horas, preservando los inciensos nativos y<\/p>\n<p class=\"p1\">reconstruyendo zonas para todos los corazones labriegos. Es verdad tambi\u00e9n<\/p>\n<p class=\"p1\">que requerimos unidad para sembrar esfuerzos, que nos encaminen a trabajar<\/p>\n<p class=\"p1\">con los gobiernos, la sociedad civil y el sector privado, al menos para<\/p>\n<p class=\"p1\">convertir las palabras en hechos, el compromiso en acci\u00f3n, sabiendo que todo<\/p>\n<p class=\"p1\">est\u00e1 relacionado en un ed\u00e9nico himno que glorifica su distintivo soplo de<\/p>\n<p class=\"p1\">luz.<\/p>\n<p class=\"p1\">Por eso, el medio ambiente que se conjuga existencialmente con todos sus<\/p>\n<p class=\"p1\">efluvios es un bien colectivo, patrimonio de toda la humanidad y<\/p>\n<p class=\"p1\">responsabilidad de cada caminante en su diario de vida. Hemos de vivir,<\/p>\n<p class=\"p1\">pues, en armon\u00eda plena con aquello que nos rodea. Personalmente, a\u00fan<\/p>\n<p class=\"p1\">recuerdo aquel asombro que tuve de ni\u00f1o ante un nogal solitario, al que<\/p>\n<p class=\"p1\">acud\u00eda a diario a cantarle mis alegr\u00edas y a contarle mis tristezas. Pasado<\/p>\n<p class=\"p1\">el tiempo, vi como desapareci\u00f3 aquel vivo espacio natural, convirti\u00e9ndolo en<\/p>\n<p class=\"p1\">un lugar residencial donde nadie conoce a nadie, previo derrumbar sin<\/p>\n<p class=\"p1\">miramiento alguno, aquel \u00e1rbol de copa amplia y redondeada, denso de ramas<\/p>\n<p class=\"p1\">gruesas y fuertes, al que tanto me abrac\u00e9 de adolescente. Est\u00e1 visto que el<\/p>\n<p class=\"p1\">plan humano tiende a ignorar esos pulsos buc\u00f3licos que nos emocionan<\/p>\n<p class=\"p1\">internamente y nos serenan. Don dinero es el que manda y ordena, el que nos<\/p>\n<p class=\"p1\">manipula a su entero capricho, hasta llegarnos a absorber nuestros innatas<\/p>\n<p class=\"p1\">fragancias de temperamento m\u00edstico.<span class=\"Apple-converted-space\">\u00a0<\/span><\/p>\n<p class=\"p1\">Cualquiera est\u00e1 conectado a los corazones silvestres. Requerimos de sus<\/p>\n<p class=\"p1\">n\u00edveos b\u00e1lsamos. Fuera dominaciones, son asfixiantes. Hay que respirar otros<\/p>\n<p class=\"p1\">h\u00e1bitats en jardines m\u00e1s paradis\u00edacos que poderosos. Es fundamental volver<\/p>\n<p class=\"p1\">al escenario rural, dejarse acompa\u00f1ar por sus perfumes, interactuar con la<\/p>\n<p class=\"p1\">ciencia, el arte y la cultura, cuando menos para poder regenerarse<span class=\"Apple-converted-space\">\u00a0 <\/span>de tanto<\/p>\n<p class=\"p1\">maltrato al entorno del que formamos parte indivisa y, as\u00ed, poder generar<\/p>\n<p class=\"p1\">nuevas \u00e1reas favorables a la savia, ante el suplicio del deterioro ambiental<\/p>\n<p class=\"p1\">que padecemos y que cuestiona los comportamientos de cada uno de nosotros.<\/p>\n<p class=\"p1\">En esto, nadie quedamos a salvo. Ante esta bochornosa realidad, hemos de<\/p>\n<p class=\"p1\">pasar esta etapa de autodestrucci\u00f3n y comenzar nuevamente con otro periodo.<\/p>\n<p class=\"p1\">Yo mismo me he propuesto injertar en un lugar de tr\u00e1nsito habitual, un nuevo<\/p>\n<p class=\"p1\">\u00e1rbol solitario, donde ir\u00e9 a hacer penitencia, pero tambi\u00e9n a embellecerlo<\/p>\n<p class=\"p1\">de sue\u00f1os literarios. Lo significativo es que la alianza entre la humanidad<\/p>\n<p class=\"p1\">y su contexto campestre prosiga, sin que la desuni\u00f3n triture los latidos.<span class=\"Apple-converted-space\">\u00a0<\/span><\/p>\n<p class=\"p1\">V\u00edctor CORCOBA HERRERO \/ Escritor<\/p>\n<p class=\"p1\">corcoba@telefonica.net<\/p>\n<p class=\"p1\">02 de marzo de 2023<span class=\"Apple-converted-space\">\u00a0<\/span><\/p>\n","protected":false},"excerpt":{"rendered":"<p>&#8220;Nuestra tarea de custodia debe estar presente a todas horas, preservando los inciensos nativos y reconstruyendo zonas para todos los corazones labriegos&#8221;.\u00a0 ============================= V\u00edctor CORCOBA&hellip;<\/p>\n","protected":false},"author":99,"featured_media":0,"comment_status":"open","ping_status":"open","sticky":false,"template":"","format":"standard","meta":{"footnotes":""},"categories":[11353,81],"tags":[],"class_list":["post-508974","post","type-post","status-publish","format-standard","hentry","category-algo-mas-que-palabras","category-columnistas"],"_links":{"self":[{"href":"https:\/\/diarioelpopular.com\/index.php\/wp-json\/wp\/v2\/posts\/508974","targetHints":{"allow":["GET"]}}],"collection":[{"href":"https:\/\/diarioelpopular.com\/index.php\/wp-json\/wp\/v2\/posts"}],"about":[{"href":"https:\/\/diarioelpopular.com\/index.php\/wp-json\/wp\/v2\/types\/post"}],"author":[{"embeddable":true,"href":"https:\/\/diarioelpopular.com\/index.php\/wp-json\/wp\/v2\/users\/99"}],"replies":[{"embeddable":true,"href":"https:\/\/diarioelpopular.com\/index.php\/wp-json\/wp\/v2\/comments?post=508974"}],"version-history":[{"count":1,"href":"https:\/\/diarioelpopular.com\/index.php\/wp-json\/wp\/v2\/posts\/508974\/revisions"}],"predecessor-version":[{"id":508975,"href":"https:\/\/diarioelpopular.com\/index.php\/wp-json\/wp\/v2\/posts\/508974\/revisions\/508975"}],"wp:attachment":[{"href":"https:\/\/diarioelpopular.com\/index.php\/wp-json\/wp\/v2\/media?parent=508974"}],"wp:term":[{"taxonomy":"category","embeddable":true,"href":"https:\/\/diarioelpopular.com\/index.php\/wp-json\/wp\/v2\/categories?post=508974"},{"taxonomy":"post_tag","embeddable":true,"href":"https:\/\/diarioelpopular.com\/index.php\/wp-json\/wp\/v2\/tags?post=508974"}],"curies":[{"name":"wp","href":"https:\/\/api.w.org\/{rel}","templated":true}]}}