{"id":509141,"date":"2023-03-09T11:59:56","date_gmt":"2023-03-09T15:59:56","guid":{"rendered":"https:\/\/diarioelpopular.com\/?p=509141"},"modified":"2023-03-09T11:59:56","modified_gmt":"2023-03-09T15:59:56","slug":"posiciones-de-sustento-y-valentia","status":"publish","type":"post","link":"https:\/\/diarioelpopular.com\/index.php\/2023\/03\/09\/posiciones-de-sustento-y-valentia\/","title":{"rendered":"POSICIONES DE SUSTENTO Y VALENT\u00cdA"},"content":{"rendered":"<p class=\"p1\">&#8220;Tenemos que actuar como una familia, abordando colectivamente los desaf\u00edos<\/p>\n<p class=\"p1\">para encontrar soluciones vinculantes, encaminadas a sustentarnos unos a<\/p>\n<p class=\"p1\">otros, a trav\u00e9s del cuidado, tanto de las personas como de la casa com\u00fan&#8221;.<span class=\"Apple-converted-space\">\u00a0<\/span><\/p>\n<p class=\"p1\">=============================<\/p>\n<p class=\"p1\">V\u00edctor CORCOBA HERRERO\/ Escritor<\/p>\n<p class=\"p1\">corcoba@telefonica.net<span class=\"Apple-converted-space\">\u00a0 \u00a0 \u00a0 \u00a0 \u00a0 \u00a0 \u00a0 \u00a0<\/span><\/p>\n<p class=\"p1\">=============================<span class=\"Apple-converted-space\">\u00a0<\/span><\/p>\n<p class=\"p1\"><span class=\"Apple-converted-space\">\u00a0\u00a0 \u00a0 \u00a0 \u00a0 \u00a0 \u00a0 \u00a0 <\/span>En medio de un progresivo temporal de desprop\u00f3sitos humanos,<\/p>\n<p class=\"p1\">con un creciente hurac\u00e1n de incertidumbres, un aluvi\u00f3n de crisis diversas,<\/p>\n<p class=\"p1\">un tremendo desconcierto atmosf\u00e9rico y una honda injusticia global;<\/p>\n<p class=\"p1\">reivindico otros posicionamientos m\u00e1s l\u00edcitos y equitativos, que sirvan de<\/p>\n<p class=\"p1\">apoyo a esas gentes desfavorecidas y abandonadas. Sabemos que cualquier<\/p>\n<p class=\"p1\">cambio requiere siempre de valor y valent\u00eda, para enmendar sistemas<\/p>\n<p class=\"p1\">financieros indignos, ya que suelen servir \u00fanicamente a los intereses de los<\/p>\n<p class=\"p1\">m\u00e1s pudientes del planeta. Ante esta realidad, hemos de asumir el dar<\/p>\n<p class=\"p1\">aliento mediante otro aire m\u00e1s justo y creativo, con posiciones firmes que<\/p>\n<p class=\"p1\">generen amor fraterno y amistad social, ya sea de asistencia inmediata al<\/p>\n<p class=\"p1\">desvalido, adaptaci\u00f3n al cambio clim\u00e1tico o de otras pr\u00e1cticas m\u00e1s<\/p>\n<p class=\"p1\">solidarias en la actividad econ\u00f3mica, teniendo en consideraci\u00f3n al conjunto<\/p>\n<p class=\"p1\">de todos los pueblos y de sus moradores. Reunirse y unirse, por<\/p>\n<p class=\"p1\">consiguiente, es el comienzo para juntos trabajar y poder salir de este<\/p>\n<p class=\"p1\">caos.<\/p>\n<p class=\"p1\"><span class=\"Apple-converted-space\">\u00a0\u00a0 \u00a0 \u00a0 \u00a0 \u00a0 \u00a0 \u00a0 <\/span>No m\u00e1s escapatorias, el periodo de las promesas incumplidas<\/p>\n<p class=\"p1\">debe terminar de una vez por todas. En este sentido, considero prioritario<\/p>\n<p class=\"p1\">socorrer a los pa\u00edses menos adelantados a superar sus vulnerabilidades. En<\/p>\n<p class=\"p1\">consecuencia, ser\u00e1 bueno activar otras po\u00e9ticas m\u00e1s reales e inclusivas, que<\/p>\n<p class=\"p1\">no dejen a nadie atr\u00e1s, ante la crisis del costo de la vida. Desde luego,<\/p>\n<p class=\"p1\">tambi\u00e9n el apoyo fiscal debe de focalizarse en los grupos m\u00e1s afectados por<\/p>\n<p class=\"p1\">la carest\u00eda de los alimentos y la energ\u00eda; al tiempo que para mitigar el<\/p>\n<p class=\"p1\">cambio clim\u00e1tico, apelamos a la justicia, persistiendo en la tarea de<\/p>\n<p class=\"p1\">limitar las emisiones y promover la inversi\u00f3n ecol\u00f3gica. Este avance no es<\/p>\n<p class=\"p1\">nada f\u00e1cil, pero sinceramente tenemos que actuar como una familia, abordando<\/p>\n<p class=\"p1\">colectivamente los desaf\u00edos para encontrar soluciones vinculantes,<\/p>\n<p class=\"p1\">encaminadas a sustentarnos unos a otros, a trav\u00e9s del cuidado, tanto de las<\/p>\n<p class=\"p1\">personas como de la casa com\u00fan.<span class=\"Apple-converted-space\">\u00a0 <\/span>Lo importante, pues, es esa generosidad que<\/p>\n<p class=\"p1\">genera savia y buenos h\u00e1bitos.<\/p>\n<p class=\"p1\"><span class=\"Apple-converted-space\">\u00a0\u00a0 \u00a0 \u00a0 \u00a0 \u00a0 \u00a0 \u00a0 <\/span>El sustento tiene que ser vital para toda la humanidad, lo<\/p>\n<p class=\"p1\">que avivar\u00e1 un talante de paz y no de conflictos. Pensemos en lo que<\/p>\n<p class=\"p1\">gastamos en la fabricaci\u00f3n de armas. Por otra parte, tambi\u00e9n el talento<\/p>\n<p class=\"p1\">hemos de ponerlo igualmente al servicio de la creaci\u00f3n y no del saqueo.<\/p>\n<p class=\"p1\">Recapitulemos, m\u00e1s tarde, sobre la deforestaci\u00f3n. Ojal\u00e1 aprendamos a<\/p>\n<p class=\"p1\">posicionarnos hacia unas finanzas que se pongan al servicio de la<\/p>\n<p class=\"p1\">ciudadan\u00eda, y sobre todo de los m\u00e1s fr\u00e1giles, activando un quehacer seguro y<\/p>\n<p class=\"p1\">decente, que desarrolle las capacidades y suprima la pobreza. Por cierto,<\/p>\n<p class=\"p1\">puede que sea eficaz aprovechar el poder de la ciencia, la tecnolog\u00eda y la<\/p>\n<p class=\"p1\">innovaci\u00f3n, al menos para luchar contra las flaquezas mundanas. Bajo esta<\/p>\n<p class=\"p1\">perspectiva, tambi\u00e9n nos conviene dialogar mucho y escuchar m\u00e1s. Al fin y al<\/p>\n<p class=\"p1\">cabo, para caminar mancomunados y ponerse de acuerdo, se requiere confrontar<\/p>\n<p class=\"p1\">ideas en la b\u00fasqueda de proyectos cooperantes, compartidos y sostenibles.<\/p>\n<p class=\"p1\"><span class=\"Apple-converted-space\">\u00a0\u00a0 \u00a0 \u00a0 \u00a0 \u00a0 \u00a0 \u00a0 <\/span>De ah\u00ed la grandeza de activar las posiciones en positivo,<\/p>\n<p class=\"p1\">principalmente a la hora de movilizar el esp\u00edritu solidario en todas las<\/p>\n<p class=\"p1\">culturas, a fin de revitalizar las alianzas mundiales, mejorando el comercio<\/p>\n<p class=\"p1\">internacional, sumando capacidades y retomando con nuevos br\u00edos el respaldo<\/p>\n<p class=\"p1\">a los pa\u00edses menos adelantados. Todo esto contribuir\u00e1 a que las crisis en<\/p>\n<p class=\"p1\">cascada que padecemos ahora y que suele impactar en la salud, la educaci\u00f3n,<\/p>\n<p class=\"p1\">la paz y la seguridad o la alimentaci\u00f3n, golpee cada vez a menos personas.<\/p>\n<p class=\"p1\">De eso se trata, de poder levantar cabeza, en esos territorios con un<\/p>\n<p class=\"p1\">crecimiento econ\u00f3mico d\u00e9bil, con una inflaci\u00f3n creciente, con enormes<\/p>\n<p class=\"p1\">interrupciones en la cadena de suministro vivencial, incertidumbres<\/p>\n<p class=\"p1\">pol\u00edticas y una deuda insostenible. Ojal\u00e1 sepamos tomar el rumbo de la<\/p>\n<p class=\"p1\">conciencia a la hora de encaminar los pasos hacia un horizonte m\u00e1s humano,<\/p>\n<p class=\"p1\">capaz de resistir el cansancio, el sufrimiento y el aluvi\u00f3n de adversidades<\/p>\n<p class=\"p1\">que a diario se nos puedan presentar.<span class=\"Apple-converted-space\">\u00a0<\/span><\/p>\n<p class=\"p1\"><span class=\"Apple-converted-space\">\u00a0\u00a0 \u00a0 \u00a0 \u00a0 \u00a0 \u00a0 \u00a0 <\/span>Con el arrojo propio de un ser pensante, que no acepta el<\/p>\n<p class=\"p1\">conformismo ni tampoco cruzarse de brazos, que sabe renacer y hacerse<\/p>\n<p class=\"p1\">fuerte, con sentido de responsabilidad, conscientes de que el presente y el<\/p>\n<p class=\"p1\">futuro es nuestro y radica en nuestras manos, ya que depende en parte de<\/p>\n<p class=\"p1\">nuestro trabajo y aunque sea necesaria la ayuda, es fundamental no<\/p>\n<p class=\"p1\">desfallecer y estar en disposici\u00f3n de acoger. Evidentemente, el mundo es<\/p>\n<p class=\"p1\">algo m\u00e1s que un problema a resolver, es una llamada a hacer familia, a<\/p>\n<p class=\"p1\">entrar en razonamiento con todos, hermanados por una misma inquietud, la de<\/p>\n<p class=\"p1\">mejorar la calidad de la vida humana, sin degradarnos como gentes de palabra<\/p>\n<p class=\"p1\">y considerando la diversidad de opiniones. Basta mirar la situaci\u00f3n para<\/p>\n<p class=\"p1\">observar que nada se reconstruye por s\u00ed mismo y que no hay mejor soporte<\/p>\n<p class=\"p1\">para ello, que el di\u00e1logo, basado en s\u00f3lidos valores \u00e9ticos, lo que facilita<\/p>\n<p class=\"p1\">la soluci\u00f3n de los conflictos y favorece el respeto.<span class=\"Apple-converted-space\">\u00a0<\/span><\/p>\n<p class=\"p1\"><span class=\"Apple-converted-space\">\u00a0 \u00a0 \u00a0 \u00a0 \u00a0 \u00a0 \u00a0 \u00a0 \u00a0 \u00a0 \u00a0 \u00a0 \u00a0 \u00a0 \u00a0 <\/span>V\u00edctor CORCOBA HERRERO \/ Escritor<\/p>\n<p class=\"p1\">corcoba@telefonica.net<\/p>\n<p class=\"p1\">09 de marzo de 2023.-<span class=\"Apple-converted-space\">\u00a0<\/span><\/p>\n","protected":false},"excerpt":{"rendered":"<p>&#8220;Tenemos que actuar como una familia, abordando colectivamente los desaf\u00edos para encontrar soluciones vinculantes, encaminadas a sustentarnos unos a otros, a trav\u00e9s del cuidado, tanto&hellip;<\/p>\n","protected":false},"author":99,"featured_media":0,"comment_status":"open","ping_status":"open","sticky":false,"template":"","format":"standard","meta":{"footnotes":""},"categories":[11353,81],"tags":[],"class_list":["post-509141","post","type-post","status-publish","format-standard","hentry","category-algo-mas-que-palabras","category-columnistas"],"_links":{"self":[{"href":"https:\/\/diarioelpopular.com\/index.php\/wp-json\/wp\/v2\/posts\/509141","targetHints":{"allow":["GET"]}}],"collection":[{"href":"https:\/\/diarioelpopular.com\/index.php\/wp-json\/wp\/v2\/posts"}],"about":[{"href":"https:\/\/diarioelpopular.com\/index.php\/wp-json\/wp\/v2\/types\/post"}],"author":[{"embeddable":true,"href":"https:\/\/diarioelpopular.com\/index.php\/wp-json\/wp\/v2\/users\/99"}],"replies":[{"embeddable":true,"href":"https:\/\/diarioelpopular.com\/index.php\/wp-json\/wp\/v2\/comments?post=509141"}],"version-history":[{"count":1,"href":"https:\/\/diarioelpopular.com\/index.php\/wp-json\/wp\/v2\/posts\/509141\/revisions"}],"predecessor-version":[{"id":509142,"href":"https:\/\/diarioelpopular.com\/index.php\/wp-json\/wp\/v2\/posts\/509141\/revisions\/509142"}],"wp:attachment":[{"href":"https:\/\/diarioelpopular.com\/index.php\/wp-json\/wp\/v2\/media?parent=509141"}],"wp:term":[{"taxonomy":"category","embeddable":true,"href":"https:\/\/diarioelpopular.com\/index.php\/wp-json\/wp\/v2\/categories?post=509141"},{"taxonomy":"post_tag","embeddable":true,"href":"https:\/\/diarioelpopular.com\/index.php\/wp-json\/wp\/v2\/tags?post=509141"}],"curies":[{"name":"wp","href":"https:\/\/api.w.org\/{rel}","templated":true}]}}