{"id":509410,"date":"2023-03-23T10:40:41","date_gmt":"2023-03-23T14:40:41","guid":{"rendered":"https:\/\/diarioelpopular.com\/?p=509410"},"modified":"2023-03-23T10:40:41","modified_gmt":"2023-03-23T14:40:41","slug":"no-hay-derecho-sin-deber-al-liquido-elemento","status":"publish","type":"post","link":"https:\/\/diarioelpopular.com\/index.php\/2023\/03\/23\/no-hay-derecho-sin-deber-al-liquido-elemento\/","title":{"rendered":"NO HAY DERECHO SIN DEBER,\u00a0  AL L\u00cdQUIDO ELEMENTO"},"content":{"rendered":"<p class=\"p4\"><b><i>\u201cNecesitamos compromisos y acciones claras por parte de todos. Lo que es irracional, que no falte el suministro de armas y municiones, mientras en muchos pa\u00edses la poblaci\u00f3n no tiene acceso regular al elemento esencial para la vida, como es el agua potable\u201d.<span class=\"Apple-converted-space\">\u00a0<\/span><\/i><\/b><\/p>\n<p class=\"p6\"><b><i>=============================<\/i><\/b><\/p>\n<p class=\"p6\"><b><i>V\u00edctor CORCOBA HERRERO\/ Escritor<\/i><\/b><\/p>\n<p class=\"p6\"><b><i>corcoba@telefonica.net <\/i><\/b><\/p>\n<p class=\"p6\"><b>=============================<\/b><span class=\"Apple-converted-space\">\u00a0<\/span><\/p>\n<p class=\"p8\">La nebulosa de interrogantes est\u00e1 ah\u00ed, bordeando el planeta y con efectos sociales. No olvidemos que el derecho humano al l\u00edquido elemento, esencial para el bienestar del ser vivo, exige de pol\u00edticas notorias que puedan afrontar esta situaci\u00f3n. Desde luego, son vitales para dar una respuesta regenerativa a nuestro propio acontecer diario. Sin embargo, resulta doloroso observar o sufrir en propia carne, que algo que est\u00e1 en el comienzo de todas las cosas, no llegue a las gentes en su n\u00edveo concierto bebible, de higiene y saneamiento. Ahora bien, nuestra l\u00edcita petici\u00f3n al agua es igualmente una obligaci\u00f3n con la infusi\u00f3n para el desarrollo sostenible, en cuanto a su valoraci\u00f3n y conexi\u00f3n con la energ\u00eda. Tanto es as\u00ed, que todo se mueve del origen al mar, a la biodiversidad, al clima, con la consabida reducci\u00f3n de riesgo de desastres. Sea como fuere, bajo este esp\u00edritu cooperante al que todos hemos de contribuir, con acciones concretas incorporadas a las rutinas diarias, sabiendo que en esta cultura conciliadora es clave la v\u00eda universal a la corriente cristalina segura y de calidad.<span class=\"Apple-converted-space\">\u00a0<\/span><\/p>\n<p class=\"p8\">Adem\u00e1s, es p\u00fablico y notorio, que el uso indebido y la mala gesti\u00f3n del naciente, ha intensificado el estr\u00e9s h\u00eddrico, amenazando muchos aspectos de supervivencia que dependen de este recurso transcendental. Nos alegra, por consiguiente, que Naciones Unidas acelere el avance de un acceso universal, tanto de la pura fuente como de depuraci\u00f3n. En este sentido, cada Estado est\u00e1 llamado a intervenir, asimismo con instrumentos jur\u00eddicos reeducadores. Por otra parte, cada individuo tiene que cumplir sus responsabilidades hacia toda normativa. Tomar conciencia de esta problem\u00e1tica, nos demanda ser m\u00e1s reflexivos, pues todo precisa convicci\u00f3n y entrega. En<span class=\"Apple-converted-space\">\u00a0 <\/span>cualquier caso, el panorama es sumamente desolador, a juzgar por los datos que recientemente la ONU desvelaba, sobre la afluencia de muertes cada a\u00f1o, por enfermedades atribuidas directamente al agua no apta para el consumo, a un saneamiento inadecuado y a pr\u00e1cticas de higiene deficientes. A esto hay que sumarle, un factor cada d\u00eda m\u00e1s cruel, la fuerte crecida de ciudadanos que sufren una grave escasez de fluido en su estado natural.<\/p>\n<p class=\"p8\">La naturaleza, ciertamente, nos la estamos cargando. A poco que exploremos por los espacios de la tierra, percibiremos que los impactos del cambio clim\u00e1tico tampoco nos abandonan, en ocasiones con sequ\u00edas frecuentes e intensas y otras veces con inundaciones extremas. Todo esto, tambi\u00e9n tiene consecuencias en cascada sobre las econom\u00edas, los ecosistemas y en nuestra vida diaria. Naturalmente, esto tiene que servirnos para no bajar la guardia, sabiendo que el surtidor es m\u00e1s en\u00e9rgico que la roca, por lo que hemos de empezar a considerar la importancia de los recursos que tenemos a nuestro alcance. Lo mismo sucede con las frondosidades, son decisivas para nuestro bienestar, ofreci\u00e9ndonos alimentos, refugio, medicamentos y ox\u00edgeno.<span class=\"Apple-converted-space\">\u00a0 <\/span>En consecuencia, necesitamos compromisos y acciones claras por parte de todos. Lo que es irracional, que no falte el suministro de armas y municiones, mientras en muchos pa\u00edses la poblaci\u00f3n no tiene acceso regular al elemento esencial para la vida, como es el agua potable. Las estad\u00edsticas de la sed est\u00e1n ah\u00ed, requieren voluntad y determinaci\u00f3n con esfuerzos de todo tipo.<\/p>\n<p class=\"p8\">Nadie puede quedar al margen de nada. De hecho, todos estamos inmersos en el mismo h\u00e1bitat, lo que requiere de unos estilos existenciales, solidarios y consecuentes, para una verdadera ecolog\u00eda, as\u00ed como para el reconocimiento del acceso al puro y natural manantial, un justo vocablo que nace de la misma decencia humanitaria, indispensable para sostenernos como continuidad y sustentar los diversos ecosistemas. Esto resalta que el problema del agua, en su estado incoloro\/inodoro\/ e ins\u00edpido, es en parte una cuesti\u00f3n educativa y cultural, porque no hay escr\u00fapulo de la gravedad que podemos ocasionar. El deterioro de la calidad de la vida humana, unida a la deshumanizaci\u00f3n del ser, con la referida degradaci\u00f3n social, nos est\u00e1 llevando al tenebroso pozo del desaliento y de las angustias permanentes. El impacto de este aluvi\u00f3n de desajustes actuales, ya ha comenzado a manifestarse con los alarmantes datos de suicidios, con la muerte prematura de muchos pobres en los conflictos generados por falta de recursos esenciales y en tantos otros inconvenientes que a\u00fan no tienen el espacio deseable en las agendas del mundo.<\/p>\n<p class=\"p9\"><b>V\u00edctor CORCOBA HERRERO\/ Escritor<\/b><\/p>\n<p class=\"p10\"><b><span class=\"Apple-converted-space\">\u00a0<\/span>HYPERLINK &#8220;mailto:corcoba@telefonica.net&#8221; <\/b><span class=\"s3\"><b>corcoba@telefonica.net<\/b><\/span><\/p>\n<p class=\"p10\"><b>23 de marzo de 2023.-<span class=\"Apple-converted-space\">\u00a0<\/span><\/b><\/p>\n","protected":false},"excerpt":{"rendered":"<p>\u201cNecesitamos compromisos y acciones claras por parte de todos. Lo que es irracional, que no falte el suministro de armas y municiones, mientras en muchos&hellip;<\/p>\n","protected":false},"author":99,"featured_media":0,"comment_status":"open","ping_status":"open","sticky":false,"template":"","format":"standard","meta":{"footnotes":""},"categories":[11353,81],"tags":[],"class_list":["post-509410","post","type-post","status-publish","format-standard","hentry","category-algo-mas-que-palabras","category-columnistas"],"_links":{"self":[{"href":"https:\/\/diarioelpopular.com\/index.php\/wp-json\/wp\/v2\/posts\/509410","targetHints":{"allow":["GET"]}}],"collection":[{"href":"https:\/\/diarioelpopular.com\/index.php\/wp-json\/wp\/v2\/posts"}],"about":[{"href":"https:\/\/diarioelpopular.com\/index.php\/wp-json\/wp\/v2\/types\/post"}],"author":[{"embeddable":true,"href":"https:\/\/diarioelpopular.com\/index.php\/wp-json\/wp\/v2\/users\/99"}],"replies":[{"embeddable":true,"href":"https:\/\/diarioelpopular.com\/index.php\/wp-json\/wp\/v2\/comments?post=509410"}],"version-history":[{"count":1,"href":"https:\/\/diarioelpopular.com\/index.php\/wp-json\/wp\/v2\/posts\/509410\/revisions"}],"predecessor-version":[{"id":509411,"href":"https:\/\/diarioelpopular.com\/index.php\/wp-json\/wp\/v2\/posts\/509410\/revisions\/509411"}],"wp:attachment":[{"href":"https:\/\/diarioelpopular.com\/index.php\/wp-json\/wp\/v2\/media?parent=509410"}],"wp:term":[{"taxonomy":"category","embeddable":true,"href":"https:\/\/diarioelpopular.com\/index.php\/wp-json\/wp\/v2\/categories?post=509410"},{"taxonomy":"post_tag","embeddable":true,"href":"https:\/\/diarioelpopular.com\/index.php\/wp-json\/wp\/v2\/tags?post=509410"}],"curies":[{"name":"wp","href":"https:\/\/api.w.org\/{rel}","templated":true}]}}