{"id":509634,"date":"2023-04-01T11:36:57","date_gmt":"2023-04-01T15:36:57","guid":{"rendered":"https:\/\/diarioelpopular.com\/?p=509634"},"modified":"2023-04-01T11:36:57","modified_gmt":"2023-04-01T15:36:57","slug":"que-es-la-doctrina-del-descubrimiento-que-el-vaticano-repudio-mas-de-500-anos-despues-y-como-se-uso-para-justificar-la-colonizacion-de-america","status":"publish","type":"post","link":"https:\/\/diarioelpopular.com\/index.php\/2023\/04\/01\/que-es-la-doctrina-del-descubrimiento-que-el-vaticano-repudio-mas-de-500-anos-despues-y-como-se-uso-para-justificar-la-colonizacion-de-america\/","title":{"rendered":"Qu\u00e9 es la \u201cdoctrina del descubrimiento\u201d que el Vaticano repudi\u00f3 m\u00e1s de 500 a\u00f1os despu\u00e9s (y c\u00f3mo se us\u00f3 para justificar la colonizaci\u00f3n de Am\u00e9rica)"},"content":{"rendered":"<p><img loading=\"lazy\" decoding=\"async\" class=\"alignnone size-custom-full-size wp-image-509635\" src=\"https:\/\/diarioelpopular.com\/wp-content\/uploads\/2023\/04\/129237555_gettyimages-900432458.webp_-636x358.jpg\" alt=\"\" width=\"636\" height=\"358\" srcset=\"https:\/\/diarioelpopular.com\/wp-content\/uploads\/2023\/04\/129237555_gettyimages-900432458.webp_-636x358.jpg 636w, https:\/\/diarioelpopular.com\/wp-content\/uploads\/2023\/04\/129237555_gettyimages-900432458.webp_-300x169.jpg 300w, https:\/\/diarioelpopular.com\/wp-content\/uploads\/2023\/04\/129237555_gettyimages-900432458.webp_-768x432.jpg 768w, https:\/\/diarioelpopular.com\/wp-content\/uploads\/2023\/04\/129237555_gettyimages-900432458.webp_-130x73.jpg 130w, https:\/\/diarioelpopular.com\/wp-content\/uploads\/2023\/04\/129237555_gettyimages-900432458.webp_.jpg 800w\" sizes=\"auto, (max-width: 636px) 100vw, 636px\" \/><\/p>\n<div class=\"bbc-1ka88fa ebmt73l0\" dir=\"ltr\">\n<figure class=\"bbc-1qdcvv9 e1aczekt0\">\n<div class=\"bbc-172p16q ebmt73l0\" dir=\"ltr\">\n<div class=\"bbc-172p16q ebmt73l0\" dir=\"ltr\">\n<div class=\"bbc-3edg7g ebmt73l0\" dir=\"ltr\"><\/div>\n<\/div>\n<\/div><figcaption class=\"bbc-rhuvwm e6i104o0\" dir=\"ltr\">\n<h5><em>La doctrina sent\u00f3 las bases legales para la conquista del Nuevo Mundo por parte de las monarqu\u00edas.<\/em><\/h5>\n<\/figcaption><div class=\"bbc-172p16q ebmt73l0\" dir=\"ltr\">\n<div class=\"bbc-3edg7g ebmt73l0\" dir=\"ltr\"><\/div>\n<\/div>\n<\/figure>\n<\/div>\n<div dir=\"ltr\"><\/div>\n<p>&nbsp;<\/p>\n<div class=\"bbc-19j92fr ebmt73l0\" dir=\"ltr\">\n<p class=\"bbc-hhl7in e17g058b0\" dir=\"ltr\"><em><b>&#8211; Les llev\u00f3 mucho pero mucho tiempo pero al final el Vaticano repudi\u00f3 formalmente este jueves la &#8220;doctrina del descubrimiento&#8221; de la \u00e9poca colonial, que fue utilizada para justificar las conquistas europeas de \u00c1frica y Am\u00e9rica con el pretexto de expandir la cristiandad.<\/b><\/em><\/p>\n<\/div>\n<div class=\"bbc-19j92fr ebmt73l0\" dir=\"ltr\">\n<p class=\"bbc-hhl7in e17g058b0\" dir=\"ltr\">La doctrina, respaldada por bulas (decretos) papales del siglo XV, legitim\u00f3 la apropiaci\u00f3n de tierras ind\u00edgenas y fue la base de algunas leyes de propiedad actuales.<\/p>\n<\/div>\n<div class=\"bbc-19j92fr ebmt73l0\" dir=\"ltr\">\n<p class=\"bbc-hhl7in e17g058b0\" dir=\"ltr\">En una &#8220;declaraci\u00f3n conjunta&#8221; de sus Oficinas de Desarrollo y Educaci\u00f3n, el Vaticano dije que la doctrina &#8220;no es parte de la ense\u00f1anza de la Iglesia cat\u00f3lica&#8221;, y los decretos en cuesti\u00f3n &#8220;nunca se han considerado expresiones de la fe cat\u00f3lica&#8221;.<\/p>\n<\/div>\n<div class=\"bbc-19j92fr ebmt73l0\" dir=\"ltr\">\n<p class=\"bbc-hhl7in e17g058b0\" dir=\"ltr\">Reconoce que dichos decretos papales fueron utilizados por las potencias coloniales\u00a0para dar legitimidad a sus acciones, que inclu\u00edan la esclavitud.<\/p>\n<\/div>\n<section class=\"e1j2237y8 bbc-sswtix e8sa160\" role=\"region\" aria-label=\"Publicidad 2\" aria-hidden=\"true\" data-e2e=\"advertisement\"><\/section>\n<div class=\"bbc-19j92fr ebmt73l0\" dir=\"ltr\">\n<p class=\"bbc-hhl7in e17g058b0\" dir=\"ltr\">&#8220;El contenido de estos documentos fue manipulado con fines pol\u00edticos por potencias coloniales en competencia para justificar actos inmorales contra los pueblos ind\u00edgenas que se llevaron a cabo, en ocasiones, sin la oposici\u00f3n de las autoridades eclesi\u00e1sticas&#8221;, dice el texto.<\/p>\n<\/div>\n<div class=\"bbc-1n4f7vm ebmt73l0\" dir=\"ltr\"><\/div>\n<div class=\"bbc-19j92fr ebmt73l0\" dir=\"ltr\">\n<p class=\"bbc-hhl7in e17g058b0\" dir=\"ltr\">La declaraci\u00f3n se produce despu\u00e9s de d\u00e9cadas de reclamos de los pueblos ind\u00edgenas para que el Vaticano rescinda oficialmente las bulas papales que proporcionaron a los reinos europeos el respaldo de la Iglesia cat\u00f3lica para expandir sus territorios y eliminar culturas ind\u00edgenas.<\/p>\n<\/div>\n<div class=\"bbc-1ka88fa ebmt73l0\" dir=\"ltr\">\n<figure class=\"bbc-1qdcvv9 e1aczekt0\">\n<div class=\"bbc-172p16q ebmt73l0\" dir=\"ltr\">\n<div class=\"bbc-189y18v ebmt73l0\" dir=\"ltr\">\n<div class=\"bbc-997y1y eihqrxw0\" data-e2e=\"image-placeholder\">\n<div class=\"lazyload-wrapper \"><img loading=\"lazy\" decoding=\"async\" class=\"e3vrtyk0 bbc-rb7xa0 e1mo64ex0\" src=\"https:\/\/ichef.bbci.co.uk\/news\/640\/cpsprodpb\/63E5\/production\/_129237552_gettyimages-463917141.jpg\" sizes=\"auto, (min-width: 1008px) 645px, 100vw\" srcset=\"https:\/\/ichef.bbci.co.uk\/news\/240\/cpsprodpb\/63E5\/production\/_129237552_gettyimages-463917141.jpg 240w, https:\/\/ichef.bbci.co.uk\/news\/320\/cpsprodpb\/63E5\/production\/_129237552_gettyimages-463917141.jpg 320w, https:\/\/ichef.bbci.co.uk\/news\/480\/cpsprodpb\/63E5\/production\/_129237552_gettyimages-463917141.jpg 480w, https:\/\/ichef.bbci.co.uk\/news\/624\/cpsprodpb\/63E5\/production\/_129237552_gettyimages-463917141.jpg 624w, https:\/\/ichef.bbci.co.uk\/news\/800\/cpsprodpb\/63E5\/production\/_129237552_gettyimages-463917141.jpg 800w\" alt=\"conquista espa\u00f1ola\" width=\"976\" height=\"549\" \/><\/div>\n<\/div>\n<p class=\"bbc-1s1cxbv ewbcsnk0\" role=\"text\">\n<\/div>\n<\/div>\n<\/figure>\n<\/div>\n<div class=\"bbc-19j92fr ebmt73l0\" dir=\"ltr\">\n<h2 id=\"Los-or\u00edgenes-de-la-doctrina-del-descubrimiento\" class=\"bbc-1f03ibc eglt09e0\" tabindex=\"-1\">Los or\u00edgenes de la &#8220;doctrina del descubrimiento&#8221;<\/h2>\n<\/div>\n<div class=\"bbc-19j92fr ebmt73l0\" dir=\"ltr\">\n<p class=\"bbc-hhl7in e17g058b0\" dir=\"ltr\">La doctrina del descubrimiento tiene sus ra\u00edces en los inicios de la Era de las Exploraciones, que comenz\u00f3 a principios del siglo XV.<\/p>\n<\/div>\n<div class=\"bbc-19j92fr ebmt73l0\" dir=\"ltr\">\n<p class=\"bbc-hhl7in e17g058b0\" dir=\"ltr\">Respaldada con una serie de decretos papales, la doctrina sent\u00f3 las bases legales para la conquista del Nuevo Mundo\u00a0por parte de las monarqu\u00edas de Espa\u00f1a y Portugal, en las que despu\u00e9s se apoyaron otras monarqu\u00edas europeas.<\/p>\n<\/div>\n<div class=\"bbc-19j92fr ebmt73l0\" dir=\"ltr\">\n<p class=\"bbc-hhl7in e17g058b0\" dir=\"ltr\">Los decretos establecieron una justificaci\u00f3n religiosa, pol\u00edtica y legal para la colonizaci\u00f3n y toma de tierras no habitadas por cristianos.<\/p>\n<\/div>\n<div class=\"bbc-19j92fr ebmt73l0\" dir=\"ltr\">\n<p class=\"bbc-hhl7in e17g058b0\" dir=\"ltr\">Adem\u00e1s de legalizar la conquista de tierras, los decretos tambi\u00e9n abrieron la puerta para\u00a0la eliminaci\u00f3n de muchas culturas ind\u00edgenas en nombre del cristianismo.<\/p>\n<\/div>\n<div class=\"bbc-19j92fr ebmt73l0\" dir=\"ltr\">\n<p class=\"bbc-hhl7in e17g058b0\" dir=\"ltr\">En los decretos, conocidos como bulas papales, los papas concedieron a las coronas europeas el derecho a tomar el control de tierras, someter a los pueblos que ya viv\u00edan all\u00ed y convertirlos al cristianismo.<\/p>\n<\/div>\n<div class=\"bbc-19j92fr ebmt73l0\" dir=\"ltr\">\n<p class=\"bbc-hhl7in e17g058b0\" dir=\"ltr\">Las bulas inclu\u00edan sanciones, ejecuciones, autorizaciones, expulsiones, amonestaciones, excomuniones, denuncias y expresiones de soberan\u00eda territorial para los monarcas cristianos apoyados por la Iglesia cat\u00f3lica.<\/p>\n<\/div>\n<div class=\"bbc-19j92fr ebmt73l0\" dir=\"ltr\">\n<p class=\"bbc-hhl7in e17g058b0\" dir=\"ltr\">En particular,\u00a0se destacan dos bulas papales.<\/p>\n<\/div>\n<div class=\"bbc-19j92fr ebmt73l0\" dir=\"ltr\">\n<p class=\"bbc-hhl7in e17g058b0\" dir=\"ltr\">Una es la\u00a0<i class=\"bbc-h1y5j7 eih42320\">Romanus Pontifex&#8221;<\/i>que el Papa Nicol\u00e1s V emiti\u00f3 en 1455, otorgando a los portugueses el monopolio del comercio con \u00c1frica y autorizando la esclavitud de la poblaci\u00f3n local.<\/p>\n<\/div>\n<div class=\"bbc-19j92fr ebmt73l0\" dir=\"ltr\">\n<p class=\"bbc-hhl7in e17g058b0\" dir=\"ltr\">Y la segunda es la bula\u00a0<i class=\"bbc-h1y5j7 eih42320\">Inter Caetera\u00a0<\/i>que el Papa Alejandro VI emiti\u00f3 en 1493 para justificar los reclamos de los exploradores europeos cristianos sobre las tierras y las v\u00edas fluviales &#8220;descubiertas&#8221; en \u00c1frica, Asia y Am\u00e9rica, y promover la dominaci\u00f3n y superioridad cristiana.<\/p>\n<\/div>\n<div class=\"bbc-sffzb7 e1hrqbfn0\">\n<div class=\"bbc-1ka88fa ebmt73l0\" dir=\"ltr\">\n<figure class=\"bbc-1qdcvv9 e1aczekt0\">\n<div class=\"bbc-172p16q ebmt73l0\" dir=\"ltr\">\n<div class=\"bbc-172p16q ebmt73l0\" dir=\"ltr\">\n<div class=\"bbc-189y18v ebmt73l0\" dir=\"ltr\">\n<div class=\"bbc-997y1y eihqrxw0\" data-e2e=\"image-placeholder\">\n<div class=\"lazyload-wrapper \"><img loading=\"lazy\" decoding=\"async\" class=\"e3vrtyk0 bbc-rb7xa0 e1mo64ex0\" src=\"https:\/\/ichef.bbci.co.uk\/news\/640\/cpsprodpb\/12735\/production\/_129237557_gettyimages-1242185570.jpg\" sizes=\"auto, (min-width: 1008px) 645px, 100vw\" srcset=\"https:\/\/ichef.bbci.co.uk\/news\/240\/cpsprodpb\/12735\/production\/_129237557_gettyimages-1242185570.jpg 240w, https:\/\/ichef.bbci.co.uk\/news\/320\/cpsprodpb\/12735\/production\/_129237557_gettyimages-1242185570.jpg 320w, https:\/\/ichef.bbci.co.uk\/news\/480\/cpsprodpb\/12735\/production\/_129237557_gettyimages-1242185570.jpg 480w, https:\/\/ichef.bbci.co.uk\/news\/624\/cpsprodpb\/12735\/production\/_129237557_gettyimages-1242185570.jpg 624w, https:\/\/ichef.bbci.co.uk\/news\/800\/cpsprodpb\/12735\/production\/_129237557_gettyimages-1242185570.jpg 800w\" alt=\"protesta\" width=\"976\" height=\"549\" \/><\/div>\n<\/div>\n<\/div>\n<\/div>\n<\/div><figcaption class=\"bbc-rhuvwm e6i104o0\" dir=\"ltr\">\n<h5><em>En meses recientes ha habido fuertes reclamos para que el Vaticano rescinda oficialmente la doctrina del descubrimiento.<\/em><\/h5>\n<\/figcaption><div class=\"bbc-172p16q ebmt73l0\" dir=\"ltr\">\n<div class=\"bbc-3edg7g ebmt73l0\" dir=\"ltr\"><\/div>\n<\/div>\n<\/figure>\n<\/div>\n<\/div>\n<div class=\"bbc-19j92fr ebmt73l0\" dir=\"ltr\">\n<p class=\"bbc-hhl7in e17g058b0\" dir=\"ltr\">Los decretos no solo daban carta blanca para reclamar tierras en el Nuevo Mundo, sino que tambi\u00e9n vinculaban la\u00a0exploraci\u00f3n y la colonizaci\u00f3n con el cristianismo y la conversi\u00f3n.<\/p>\n<\/div>\n<div class=\"bbc-19j92fr ebmt73l0\" dir=\"ltr\">\n<p class=\"bbc-hhl7in e17g058b0\" dir=\"ltr\">Como instruy\u00f3 el papa Alejandro VI en su bula, la prioridad era asegurar &#8220;que en nuestros tiempos especialmente la fe cat\u00f3lica y la religi\u00f3n cristiana sean exaltadas y se incrementen y difundan en todas partes, que se cuide la salud de las almas y que las naciones b\u00e1rbaras sean derrocadas y llevadas a la fe misma&#8221;.<\/p>\n<\/div>\n<div class=\"bbc-19j92fr ebmt73l0\" dir=\"ltr\">\n<p class=\"bbc-hhl7in e17g058b0\" dir=\"ltr\">El razonamiento de los Papas se basaba en el nuevo concepto de\u00a0<i class=\"bbc-h1y5j7 eih42320\">terra nullius<\/i>\u00a0(tierra vac\u00eda en lat\u00edn).<\/p>\n<\/div>\n<div class=\"bbc-19j92fr ebmt73l0\" dir=\"ltr\">\n<p class=\"bbc-hhl7in e17g058b0\" dir=\"ltr\">Este significaba que cualquier lugar que no estuviera ocupado por cristianos se consideraba libre para que los europeos cristianos lo tomaran, independientemente del n\u00famero de personas que ya vivieran all\u00ed o del avance de sus civilizaciones.<\/p>\n<\/div>\n<div class=\"bbc-19j92fr ebmt73l0\" dir=\"ltr\">\n<p class=\"bbc-hhl7in e17g058b0\" dir=\"ltr\">A medida que los exploradores se fueron adentrando en el Nuevo Mundo, las bulas papales se fundieron en el concepto jur\u00eddico que llegar\u00eda a conocerse como la &#8220;doctrina del descubrimiento&#8221;, porque interpreta que la propiedad y soberan\u00eda de las tierras pasaba a los europeos\u00a0porque ellos las &#8220;descubrieron&#8221;.<\/p>\n<\/div>\n<div class=\"bbc-19j92fr ebmt73l0\" dir=\"ltr\">\n<p class=\"bbc-hhl7in e17g058b0\" dir=\"ltr\">El concepto se propag\u00f3 desde el siglo XV hasta el XIX, y las pr\u00e1cticas de los conquistadores espa\u00f1oles y portugueses fueron replicadas por otras naciones como Francia, Inglaterra y Holanda.<\/p>\n<\/div>\n<div class=\"bbc-19j92fr ebmt73l0\" dir=\"ltr\">\n<p class=\"bbc-hhl7in e17g058b0\" dir=\"ltr\">Con el tiempo la doctrina lleg\u00f3 a aplicarse en todo el mundo.<\/p>\n<\/div>\n<div class=\"bbc-19j92fr ebmt73l0\" dir=\"ltr\">\n<p class=\"bbc-hhl7in e17g058b0\" dir=\"ltr\">En 1823 fue incorporada a la ley de Estados Unidos cuando en un caso de la Corte Suprema la doctrina se utiliz\u00f3 para despojar a los pueblos ind\u00edgenas de sus tierras.<\/p>\n<\/div>\n<div class=\"bbc-1ka88fa ebmt73l0\" dir=\"ltr\">\n<figure class=\"bbc-1qdcvv9 e1aczekt0\">\n<div class=\"bbc-172p16q ebmt73l0\" dir=\"ltr\">\n<div class=\"bbc-172p16q ebmt73l0\" dir=\"ltr\">\n<div class=\"bbc-189y18v ebmt73l0\" dir=\"ltr\">\n<div class=\"bbc-997y1y eihqrxw0\" data-e2e=\"image-placeholder\">\n<div class=\"lazyload-wrapper \"><img loading=\"lazy\" decoding=\"async\" class=\"e3vrtyk0 bbc-rb7xa0 e1mo64ex0\" src=\"https:\/\/ichef.bbci.co.uk\/news\/640\/cpsprodpb\/11D8D\/production\/_121010137_stefano-apaziani.jpg\" sizes=\"auto, (min-width: 1008px) 645px, 100vw\" srcset=\"https:\/\/ichef.bbci.co.uk\/news\/240\/cpsprodpb\/11D8D\/production\/_121010137_stefano-apaziani.jpg 240w, https:\/\/ichef.bbci.co.uk\/news\/320\/cpsprodpb\/11D8D\/production\/_121010137_stefano-apaziani.jpg 320w, https:\/\/ichef.bbci.co.uk\/news\/480\/cpsprodpb\/11D8D\/production\/_121010137_stefano-apaziani.jpg 480w, https:\/\/ichef.bbci.co.uk\/news\/624\/cpsprodpb\/11D8D\/production\/_121010137_stefano-apaziani.jpg 624w, https:\/\/ichef.bbci.co.uk\/news\/800\/cpsprodpb\/11D8D\/production\/_121010137_stefano-apaziani.jpg 800w\" alt=\"El Papa Francisco.\" width=\"976\" height=\"549\" \/><\/div>\n<\/div>\n<\/div>\n<\/div>\n<\/div><figcaption class=\"bbc-rhuvwm e6i104o0\" dir=\"ltr\">\n<h5><em>El Papa se ha disculpado en varias ocasiones por los abusos de la Iglesia.<\/em><\/h5>\n<\/figcaption><div class=\"bbc-172p16q ebmt73l0\" dir=\"ltr\">\n<div class=\"bbc-3edg7g ebmt73l0\" dir=\"ltr\"><\/div>\n<\/div>\n<\/figure>\n<\/div>\n<div class=\"bbc-19j92fr ebmt73l0\" dir=\"ltr\">\n<h2 id=\"Rechazo-no-revocaci\u00f3n\" class=\"bbc-1f03ibc eglt09e0\" tabindex=\"-1\">Rechazo, no revocaci\u00f3n<\/h2>\n<\/div>\n<div class=\"bbc-19j92fr ebmt73l0\" dir=\"ltr\">\n<p class=\"bbc-hhl7in e17g058b0\" dir=\"ltr\">Aunque la declaraci\u00f3n del Vaticano del jueves reafirma el &#8220;rechazo de la mentalidad colonizadora&#8221; por parte de la Iglesia, no habla de revocar las bulas y tampoco reconoce su responsabilidad en los abusos cometidos durante la \u00e9poca colonial.<\/p>\n<\/div>\n<div class=\"bbc-19j92fr ebmt73l0\" dir=\"ltr\">\n<p class=\"bbc-hhl7in e17g058b0\" dir=\"ltr\">Philip P. Arnold, profesor de estudios religiosos en la Universidad de Siracusa, en Estados Unidos, le dijo al diario\u00a0<i class=\"bbc-h1y5j7 eih42320\">New York Times\u00a0<\/i>que la declaraci\u00f3n del Vaticano es un &#8220;buen primer paso&#8221;, pero esta no habla de &#8220;su responsabilidad en la cosmovisi\u00f3n&#8221; que sustenta la doctrina: la de la superioridad del cristianismo.<\/p>\n<\/div>\n<div class=\"bbc-19j92fr ebmt73l0\" dir=\"ltr\">\n<p class=\"bbc-hhl7in e17g058b0\" dir=\"ltr\">&#8220;No es solo una formulaci\u00f3n legalista lo que estamos tratando de aclarar, es una cosmovisi\u00f3n que se pone en marcha durante la era del descubrimiento, que todav\u00eda tenemos que enfrentar en estos tiempos urgentes&#8221; dijo.<\/p>\n<\/div>\n<div class=\"bbc-19j92fr ebmt73l0\" dir=\"ltr\">\n<p class=\"bbc-hhl7in e17g058b0\" dir=\"ltr\">Agreg\u00f3 que aunque la declaraci\u00f3n del Vaticano es &#8220;alentadora&#8221;, no reflexiona en como esa cosmovisi\u00f3n\u00a0&#8220;todav\u00eda est\u00e1 activa en la Iglesia&#8221;.<\/p>\n<\/div>\n<div class=\"bbc-19j92fr ebmt73l0\" dir=\"ltr\">\n<p class=\"bbc-hhl7in e17g058b0\" dir=\"ltr\">Los reclamos de los pueblos ind\u00edgenas para que el Vaticano rechazara la doctrina del descubrimiento se incrementaron el a\u00f1o pasado cuando el papa Francisco visit\u00f3 Canad\u00e1 para disculparse con las comunidades ind\u00edgenas por el papel de la Iglesia all\u00ed.<\/p>\n<\/div>\n<div class=\"bbc-19j92fr ebmt73l0\" dir=\"ltr\">\n<p class=\"bbc-hhl7in e17g058b0\" dir=\"ltr\">En particular, el rol de la Iglesia en el notorio sistema de escuelas residenciales donde miles de ni\u00f1os ind\u00edgenas fueron abusados f\u00edsica y sexualmente y, en algunos casos, murieron.<\/p>\n<\/div>\n<div class=\"bbc-19j92fr ebmt73l0\" dir=\"ltr\">\n<p class=\"bbc-hhl7in e17g058b0\" dir=\"ltr\">No fue esa la primera vez que el Papa se disculpaba. En 2015 durante un viaje a Bolivia, el Papa habl\u00f3 de los &#8220;cr\u00edmenes&#8221; cometidos por la Iglesia en Am\u00e9rica.<\/p>\n<\/div>\n<div class=\"bbc-19j92fr ebmt73l0\" dir=\"ltr\">\n<p class=\"bbc-hhl7in e17g058b0\" dir=\"ltr\">&#8220;Les digo, con pesar:\u00a0se han cometido muchos y graves pecados\u00a0contra los pueblos originarios de Am\u00e9rica en nombre de Dios&#8221;, dijo el pont\u00edfice.<\/p>\n<\/div>\n<div class=\"bbc-19j92fr ebmt73l0\" dir=\"ltr\">\n<p class=\"bbc-hhl7in e17g058b0\" dir=\"ltr\">Y agreg\u00f3: &#8220;Pido humildemente perd\u00f3n, no s\u00f3lo por las ofensas de la propia Iglesia sino por los cr\u00edmenes contra los pueblos originarios durante la llamada conquista de Am\u00e9rica.&#8221;<\/p>\n<\/div>\n","protected":false},"excerpt":{"rendered":"<p>La doctrina sent\u00f3 las bases legales para la conquista del Nuevo Mundo por parte de las monarqu\u00edas. &nbsp; &#8211; Les llev\u00f3 mucho pero mucho tiempo&hellip;<\/p>\n","protected":false},"author":99,"featured_media":509635,"comment_status":"open","ping_status":"open","sticky":false,"template":"","format":"standard","meta":{"footnotes":""},"categories":[23],"tags":[],"class_list":["post-509634","post","type-post","status-publish","format-standard","has-post-thumbnail","hentry","category-latinoamerica"],"_links":{"self":[{"href":"https:\/\/diarioelpopular.com\/index.php\/wp-json\/wp\/v2\/posts\/509634","targetHints":{"allow":["GET"]}}],"collection":[{"href":"https:\/\/diarioelpopular.com\/index.php\/wp-json\/wp\/v2\/posts"}],"about":[{"href":"https:\/\/diarioelpopular.com\/index.php\/wp-json\/wp\/v2\/types\/post"}],"author":[{"embeddable":true,"href":"https:\/\/diarioelpopular.com\/index.php\/wp-json\/wp\/v2\/users\/99"}],"replies":[{"embeddable":true,"href":"https:\/\/diarioelpopular.com\/index.php\/wp-json\/wp\/v2\/comments?post=509634"}],"version-history":[{"count":1,"href":"https:\/\/diarioelpopular.com\/index.php\/wp-json\/wp\/v2\/posts\/509634\/revisions"}],"predecessor-version":[{"id":509636,"href":"https:\/\/diarioelpopular.com\/index.php\/wp-json\/wp\/v2\/posts\/509634\/revisions\/509636"}],"wp:featuredmedia":[{"embeddable":true,"href":"https:\/\/diarioelpopular.com\/index.php\/wp-json\/wp\/v2\/media\/509635"}],"wp:attachment":[{"href":"https:\/\/diarioelpopular.com\/index.php\/wp-json\/wp\/v2\/media?parent=509634"}],"wp:term":[{"taxonomy":"category","embeddable":true,"href":"https:\/\/diarioelpopular.com\/index.php\/wp-json\/wp\/v2\/categories?post=509634"},{"taxonomy":"post_tag","embeddable":true,"href":"https:\/\/diarioelpopular.com\/index.php\/wp-json\/wp\/v2\/tags?post=509634"}],"curies":[{"name":"wp","href":"https:\/\/api.w.org\/{rel}","templated":true}]}}