{"id":509759,"date":"2023-04-07T11:56:06","date_gmt":"2023-04-07T15:56:06","guid":{"rendered":"https:\/\/diarioelpopular.com\/?p=509759"},"modified":"2023-04-07T11:56:06","modified_gmt":"2023-04-07T15:56:06","slug":"mejorar-el-clima-espiritual","status":"publish","type":"post","link":"https:\/\/diarioelpopular.com\/index.php\/2023\/04\/07\/mejorar-el-clima-espiritual\/","title":{"rendered":"MEJORAR EL CLIMA ESPIRITUAL\u00a0"},"content":{"rendered":"<p class=\"p4\"><b><i>\u201cActivemos el silencio para poder ascender a la luz de la poes\u00eda, que es la que verdaderamente nos alienta el alma y nos edifica en la certeza del poema que volveremos a ser, una vez concluido el itinerario por aqu\u00ed abajo\u201d.<span class=\"Apple-converted-space\">\u00a0<\/span><\/i><\/b><\/p>\n<p class=\"p5\"><b><i>=============================<\/i><\/b><\/p>\n<p class=\"p5\"><b><i>V\u00edctor CORCOBA HERRERO\/ Escritor<\/i><\/b><\/p>\n<p class=\"p5\"><b><i>corcoba@telefonica.net <\/i><\/b><\/p>\n<p class=\"p5\"><b>=============================<\/b><span class=\"Apple-converted-space\">\u00a0<\/span><\/p>\n<p class=\"p7\">Ha llegado el instante del verdadero culto. No desfallezcamos, ante la negaci\u00f3n total del mensaje de Pascua. Renov\u00e9monos cada amanecer. Por muy indiferentes que caminemos a diario, percibiremos una m\u00edstica que est\u00e1 en cualquier esquina, que nos instar\u00e1 cuando menos a pararnos, a intentar ver m\u00e1s all\u00e1 del paisaje de la imagen de Dios crucificado, envolvi\u00e9ndonos en un contexto de interrogantes, incapaces de quedar impasibles entre la luz y las tinieblas, la vida y la muerte en suma. Por eso, nunca dejemos de querernos de verdad, ser\u00eda lo \u00faltimo. Adem\u00e1s, si tu ente se cansa de so\u00f1ar, para qu\u00e9 sirve entonces.<\/p>\n<p class=\"p8\">Naturalmente, todo se centra en el amar y se concentra en el amor. De la cruz del sacrificio germina el verso y la palabra, se conjugan los tonos con los timbres, las pausas con los pasos, que es lo que realmente injerta en el coraz\u00f3n savia. S\u00f3lo hay que escuchar la narraci\u00f3n conmovedora de la dolorosa pasi\u00f3n del Se\u00f1or, para sentir ese fuego reconciliador transitar por nuestras venas. Acoj\u00e1monos, pues, y recoj\u00e1monos. Activemos el silencio para poder ascender a la luz de la poes\u00eda, que es la que verdaderamente nos alienta el alma y nos edifica en la certeza del poema que volveremos a ser, una vez concluido el itinerario por aqu\u00ed abajo. Desde luego, la capacidad de apasionamiento es la mejor graf\u00eda de salud espiritual. Lo fundamental radica en el darse y en el donarse, en el responderse para hallarse en los dem\u00e1s.<span class=\"Apple-converted-space\">\u00a0<\/span><\/p>\n<p class=\"p8\">Por desgracia, en un mundo plagado de intereses econ\u00f3micos, con multitud de contiendas absurdas que ponen en peligro la vida de las personas, con una incitaci\u00f3n al odio en internet como jam\u00e1s, nos vendr\u00e1 bien detenernos a coger diversas fuerzas; y, por ende, nuevo entusiasmo para o\u00edrnos en sociedad, y que pueda nacer un mundo m\u00e1s fraterno. Aletargarse no es lo normal, tenemos que despertar, trazar otro rumbo vivificado en la unidad por el don creativo de la inspiraci\u00f3n. Precisamente, la muerte de Cristo nos recuerda la acumulaci\u00f3n de males que ensangrientan la tierra, lo que nos requiere la valent\u00eda de llevar cada uno nuestra cruz con obediencia y confianza.<span class=\"Apple-converted-space\">\u00a0<\/span><\/p>\n<p class=\"p7\">En cualquier caso, tampoco podemos continuar con el derroche, con el se\u00f1or dinero por montera. Las naciones tienen que activar los programas sociales para hacer un hogar colectivo y buscar el reencuentro entre corazones diversos; lo que nos requiere a todos, a poner el amor de amar amor sin l\u00edmites, como aut\u00e9ntico vocablo exigente de continuidad del linaje. De ah\u00ed, lo importante que son las reparaciones tanto materiales como espirituales.<\/p>\n<p class=\"p7\">El momento debe ayudarnos a eliminar los obst\u00e1culos que nos separan y a trabajar unidos en el hacer, m\u00e1s que en el mero hablar, mayormente con esos cuarenta y seis pa\u00edses que fueron recientemente catalogados por la ONU como menos adelantados, ubicados en \u00c1frica, Asia, el Caribe y el Pac\u00edfico. Sin embargo, a pesar de las dificultades debemos siempre recomenzar, nunca ser\u00e1 tarde para ello, si en verdad queremos construir para toda la humanidad un porvenir de aut\u00e9ntico sosiego, justicia y solidaridad.<span class=\"Apple-converted-space\">\u00a0<\/span><\/p>\n<p class=\"p8\">Algo tan esencial como la falta de fondos, en ocasiones, dificulta la respuesta a esa poblaci\u00f3n necesitada y desfavorecida por los sistemas. \u00bfDe d\u00f3nde viene tanta injusticia? Indudablemente, el germen tiene su origen en nuestros interiores. Somos incapaces de entrar en comuni\u00f3n con el pr\u00f3jimo; y, as\u00ed, no lo podemos sentir pr\u00f3ximo a nosotros tampoco. Ojal\u00e1 este tiempo penitencial para unos y de descanso para otros, nos sirva para ser m\u00e1s responsables. Al fin y al cabo, de lleno nos merecemos mejores haza\u00f1as.<\/p>\n<p class=\"p8\">Est\u00e1 visto que con el derecho y el deber a la labor diaria, o con el cultivo del arte o del deporte, nos crecemos y nos recreamos, al tiempo que avivamos la pasi\u00f3n en torno a una causa colectiva; lo mismo sucede con el esp\u00edritu, siempre es saludable digerir aquello que nos armoniza. Sin duda, estamos para generar belleza, no destrucci\u00f3n, y cuando el \u00e1nimo est\u00e1 abatido, es menester vigorizarlo tejiendo otros vuelos y probando otros aromas, a trav\u00e9s de abecedarios que consoliden el respeto mutuo y dentro de un esp\u00edritu de sinceridad. Justamente ahora, en esta santa semana, acercando la existencia terrenal a la divina, es como percibiremos las energ\u00edas necesarias del triduo pascual. Tendremos, por tanto, la posibilidad de enmendarnos y de retomar a un nuevo inicio; con la alegr\u00eda del Resucitado, nuestro Salvador.<\/p>\n<p class=\"p10\"><b>V\u00edctor CORCOBA HERRERO\/ Escritor<\/b><\/p>\n<p class=\"p10\"><b><span class=\"Apple-converted-space\">\u00a0<\/span>HYPERLINK &#8220;mailto:corcoba@telefonica.net&#8221; <\/b><span class=\"s4\"><b>corcoba@telefonica.net<\/b><\/span><\/p>\n<p class=\"p10\"><b>07 de abril de 2023<span class=\"Apple-converted-space\">\u00a0<\/span><\/b><\/p>\n","protected":false},"excerpt":{"rendered":"<p>\u201cActivemos el silencio para poder ascender a la luz de la poes\u00eda, que es la que verdaderamente nos alienta el alma y nos edifica en&hellip;<\/p>\n","protected":false},"author":99,"featured_media":0,"comment_status":"open","ping_status":"open","sticky":false,"template":"","format":"standard","meta":{"footnotes":""},"categories":[11353,81],"tags":[],"class_list":["post-509759","post","type-post","status-publish","format-standard","hentry","category-algo-mas-que-palabras","category-columnistas"],"_links":{"self":[{"href":"https:\/\/diarioelpopular.com\/index.php\/wp-json\/wp\/v2\/posts\/509759","targetHints":{"allow":["GET"]}}],"collection":[{"href":"https:\/\/diarioelpopular.com\/index.php\/wp-json\/wp\/v2\/posts"}],"about":[{"href":"https:\/\/diarioelpopular.com\/index.php\/wp-json\/wp\/v2\/types\/post"}],"author":[{"embeddable":true,"href":"https:\/\/diarioelpopular.com\/index.php\/wp-json\/wp\/v2\/users\/99"}],"replies":[{"embeddable":true,"href":"https:\/\/diarioelpopular.com\/index.php\/wp-json\/wp\/v2\/comments?post=509759"}],"version-history":[{"count":1,"href":"https:\/\/diarioelpopular.com\/index.php\/wp-json\/wp\/v2\/posts\/509759\/revisions"}],"predecessor-version":[{"id":509760,"href":"https:\/\/diarioelpopular.com\/index.php\/wp-json\/wp\/v2\/posts\/509759\/revisions\/509760"}],"wp:attachment":[{"href":"https:\/\/diarioelpopular.com\/index.php\/wp-json\/wp\/v2\/media?parent=509759"}],"wp:term":[{"taxonomy":"category","embeddable":true,"href":"https:\/\/diarioelpopular.com\/index.php\/wp-json\/wp\/v2\/categories?post=509759"},{"taxonomy":"post_tag","embeddable":true,"href":"https:\/\/diarioelpopular.com\/index.php\/wp-json\/wp\/v2\/tags?post=509759"}],"curies":[{"name":"wp","href":"https:\/\/api.w.org\/{rel}","templated":true}]}}