{"id":510172,"date":"2023-04-27T10:46:46","date_gmt":"2023-04-27T14:46:46","guid":{"rendered":"https:\/\/diarioelpopular.com\/?p=510172"},"modified":"2023-04-27T10:46:46","modified_gmt":"2023-04-27T14:46:46","slug":"el-trabajo-es-vida","status":"publish","type":"post","link":"https:\/\/diarioelpopular.com\/index.php\/2023\/04\/27\/el-trabajo-es-vida\/","title":{"rendered":"EL TRABAJO ES VIDA\u00a0"},"content":{"rendered":"<p class=\"p4\"><b><i>\u201cHay que pensar que cualquier \u00e9poca tiene sus intervalos de oportunidades. Lo esencial es resistir y recuperarse, concentrarnos en la calidad de los empleos, cuesti\u00f3n en la que han de involucrarse empleadores y trabajadores, pero tambi\u00e9n los gobiernos a trav\u00e9s del ben\u00e9fico di\u00e1logo\u201d.<span class=\"Apple-converted-space\">\u00a0<\/span><\/i><\/b><\/p>\n<p class=\"p5\"><b><i>=============================<\/i><\/b><\/p>\n<p class=\"p5\"><b><i>V\u00edctor CORCOBA HERRERO\/ Escritor<\/i><\/b><\/p>\n<p class=\"p5\"><b><i>corcoba@telefonica.net <\/i><\/b><\/p>\n<p class=\"p5\"><b>=============================<\/b><span class=\"Apple-converted-space\">\u00a0<\/span><\/p>\n<p class=\"p7\">La vocaci\u00f3n de todo ser humano es vivir; y, a la vez, desvivirse por proporcionar creatividad laboriosa en cada aurora, para que pueda continuar la arboleda del linaje enraiz\u00e1ndose con el tiempo y entronc\u00e1ndose a la existencia de las diferentes \u00e9pocas vivenciales. Por consiguiente, cada ser humano debe de involucrarse en el trabajo decente, que es lo que verdaderamente nos dignifica, bajo el impulso de la justicia social. No son las riquezas ni la ostentaci\u00f3n, sino la ecuanimidad y la ocupaci\u00f3n, los que aportan savia y gozo. Dejemos, pues, que el futuro nos eval\u00fae de acuerdo a<span class=\"Apple-converted-space\">\u00a0 <\/span>la misi\u00f3n, mediante un servicio de constancia, de m\u00e9todo y de organizaci\u00f3n. Posteriormente, aparecer\u00e1 el disfrute de sus logros, que son los que en realidad nos alegran los horizontes y nos dan la orientaci\u00f3n debida. Como en todo, el amor que ponemos en lo que hacemos, es lo \u00fanico que vale y nos salva de este mundo totalmente inhumano y deshumanizante.<\/p>\n<p class=\"p7\">Si unirse es el comienzo de todo, busc\u00e1rselas juntos es el avance para el funcionamiento de las sociedades y todo un gesto de comuni\u00f3n y hermanamiento. Volvamos la vista a ese capital humano, donde se aplican las capacidades volitivas e intelectuales, deseosas de un mercado laboral inclusivo, con unos salarios y una remuneraci\u00f3n conformes, en particular para los millones de obreros, con salarios bajos, que impiden un nivel de vida adecuado. Desde luego, todos debemos cooperar para que el sistema econ\u00f3mico, en el que nos sustentamos, no perturbe la est\u00e9tica del bien colectivo sobre el privado. Precisamente, el peculio suele ser un dominio apropiado por una minor\u00eda elitista, que lo \u00fanico que le afana es obligar a la mayor\u00eda a trabajar en su provecho. De estas duras historias tenemos que despertar m\u00e1s pronto que tarde. Nos merecemos florecer en humanidad conjuntamente. Amar a trav\u00e9s del cotidiano quehacer diario, no s\u00f3lo nos reconstruye, tambi\u00e9n nos hace crecer y recrearnos entre s\u00ed.<\/p>\n<p class=\"p7\">La seguridad es significativa. A prop\u00f3sito: \u201cNo vive el que no vive seguro\u201d, dec\u00eda el inolvidable Francisco de Quevedo. Por cierto, en junio de 2022, la Conferencia internacional del Trabajo, decidi\u00f3 incluir con gran acierto, \u201cun entorno de trabajo seguro y saludable\u201d, en el marco de principios y derechos fundamentales con el compromiso de la Organizaci\u00f3n Internacional del Trabajo (OIT). Sin duda, cada uno de nosotros es responsable de frenar muertes y lesiones en el campo laboral. Priorizar e invertir en la prevenci\u00f3n de los accidentes del trabajo y en las enfermedades profesionales, dentro de los programas de seguridad y salud laboral, es un buen objetivo. Ayuda a la sostenibilidad de las econom\u00edas, garantizando as\u00ed una mano de obra sana y productiva. Lo importante es no dejar que se apague el entusiasmo, para no ahogarnos en nuestras propias miserias. Y as\u00ed, tanto el hacer y deshacer como el decir y obrar, nos pertenece por orden natural. En definitiva, que todo tiene su momento para no aburrirse y caer en la ociosidad.<span class=\"Apple-converted-space\">\u00a0<\/span><\/p>\n<p class=\"p7\">Ciertamente, y a pesar de la verdad fundamental del valor perenne de la laboriosidad, sabemos que son muchas las contrariedades traspuestas en la sociedad actual. Nos encontramos en un tiempo nuevo, lo que nos exige cambios profundos y acelerados, pero tambi\u00e9n no dejar a nadie atr\u00e1s. En este sentido, la protecci\u00f3n mutua es un elemento fundamental, un impulso necesario para no caer en el des\u00e1nimo, en estos tiempos de crisis global. Hay que pensar que cualquier \u00e9poca tiene sus intervalos de oportunidades. Lo esencial es resistir y recuperarse, concentrarnos en la calidad de los empleos, cuesti\u00f3n en la que han de involucrarse empleadores y trabajadores, pero tambi\u00e9n los gobiernos a trav\u00e9s del ben\u00e9fico di\u00e1logo. Mandos, que han de estar siempre vivos para combatir los mayores obst\u00e1culos para el desarrollo, como son la pobreza y la desigualdad. Personalmente, reconozco que cuando he estado ocupado todo el d\u00eda, la noche me sabe a descanso y el alma se llena de satisfacci\u00f3n.<\/p>\n<p class=\"p7\">No olvidemos jam\u00e1s, que mediante el vocacional ejercicio laboral debemos obtener el necesario sustento; al tiempo, que ofrecemos una aportaci\u00f3n personal al progreso general, con una dimensi\u00f3n solidaria de nuestro andar por la tierra. En consecuencia, hemos de contribuir a visibilizar la siniestralidad y la precariedad laboral y a denunciar las causas que las provocan, para que deje de considerarse como algo normal. Indudablemente, necesitamos poner los medios cooperantes para que esto no suceda y se faciliten, adem\u00e1s, a las v\u00edctimas y sus familias\u00a0los tr\u00e1mites burocr\u00e1ticos,\u00a0para que les sea reconocida su situaci\u00f3n de siniestralidad. Aunque suene a arcaico y repetitivo, a\u00fan hay que defender la presencia humana por encima del dividendo comercial, la dignidad de la persona sobre todo lo dem\u00e1s, incluido el tema productivo, as\u00ed como el bien colectivo que tambi\u00e9n ha de situarse sobre la acumulaci\u00f3n de riqueza. En cualquier caso, ojal\u00e1 tengamos la ocasi\u00f3n de descubrirnos a nosotros mismos, arrimando el hombro y compartiendo sue\u00f1os.<\/p>\n<p class=\"p8\"><b>V\u00edctor CORCOBA HERRERO\/ Escritor<\/b><\/p>\n<p class=\"p8\"><b><span class=\"Apple-converted-space\">\u00a0<\/span>HYPERLINK &#8220;mailto:corcoba@telefonica.net&#8221; <\/b><span class=\"s3\"><b>corcoba@telefonica.net<\/b><\/span><\/p>\n<p class=\"p8\"><b>27 de abril de 2023.-<span class=\"Apple-converted-space\">\u00a0<\/span><\/b><\/p>\n","protected":false},"excerpt":{"rendered":"<p>\u201cHay que pensar que cualquier \u00e9poca tiene sus intervalos de oportunidades. Lo esencial es resistir y recuperarse, concentrarnos en la calidad de los empleos, cuesti\u00f3n&hellip;<\/p>\n","protected":false},"author":99,"featured_media":0,"comment_status":"open","ping_status":"open","sticky":false,"template":"","format":"standard","meta":{"footnotes":""},"categories":[11353,81],"tags":[],"class_list":["post-510172","post","type-post","status-publish","format-standard","hentry","category-algo-mas-que-palabras","category-columnistas"],"_links":{"self":[{"href":"https:\/\/diarioelpopular.com\/index.php\/wp-json\/wp\/v2\/posts\/510172","targetHints":{"allow":["GET"]}}],"collection":[{"href":"https:\/\/diarioelpopular.com\/index.php\/wp-json\/wp\/v2\/posts"}],"about":[{"href":"https:\/\/diarioelpopular.com\/index.php\/wp-json\/wp\/v2\/types\/post"}],"author":[{"embeddable":true,"href":"https:\/\/diarioelpopular.com\/index.php\/wp-json\/wp\/v2\/users\/99"}],"replies":[{"embeddable":true,"href":"https:\/\/diarioelpopular.com\/index.php\/wp-json\/wp\/v2\/comments?post=510172"}],"version-history":[{"count":1,"href":"https:\/\/diarioelpopular.com\/index.php\/wp-json\/wp\/v2\/posts\/510172\/revisions"}],"predecessor-version":[{"id":510173,"href":"https:\/\/diarioelpopular.com\/index.php\/wp-json\/wp\/v2\/posts\/510172\/revisions\/510173"}],"wp:attachment":[{"href":"https:\/\/diarioelpopular.com\/index.php\/wp-json\/wp\/v2\/media?parent=510172"}],"wp:term":[{"taxonomy":"category","embeddable":true,"href":"https:\/\/diarioelpopular.com\/index.php\/wp-json\/wp\/v2\/categories?post=510172"},{"taxonomy":"post_tag","embeddable":true,"href":"https:\/\/diarioelpopular.com\/index.php\/wp-json\/wp\/v2\/tags?post=510172"}],"curies":[{"name":"wp","href":"https:\/\/api.w.org\/{rel}","templated":true}]}}