{"id":510886,"date":"2023-06-08T18:24:22","date_gmt":"2023-06-08T22:24:22","guid":{"rendered":"https:\/\/diarioelpopular.com\/?p=510886"},"modified":"2023-06-08T18:24:22","modified_gmt":"2023-06-08T22:24:22","slug":"del-corazon-mundano-a-la-poetica-marina","status":"publish","type":"post","link":"https:\/\/diarioelpopular.com\/index.php\/2023\/06\/08\/del-corazon-mundano-a-la-poetica-marina\/","title":{"rendered":"DEL CORAZ\u00d3N MUNDANO A LA PO\u00c9TICA MARINA\u00a0"},"content":{"rendered":"<p class=\"p4\"><b><i>\u201cBajo este en\u00e9rgico y laborioso estimulante oce\u00e1nico, el esp\u00edritu humano debe germinar arm\u00f3nicamente. Lo dec\u00eda el inolvidable Quevedo y lo reconoc\u00ed en su perpetuo h\u00e1bitat literario torre\u00f1o, en Torre de Juan Abad: \u201cLos que de coraz\u00f3n se quieren s\u00f3lo con el coraz\u00f3n se hablan\u201d. As\u00ed es, un buen deseo en la mirada siempre ilusiona y acrecienta la contemplativa\u201d.<\/i><\/b><\/p>\n<p class=\"p6\"><b><i>=============================<\/i><\/b><\/p>\n<p class=\"p6\"><b><i>V\u00edctor CORCOBA HERRERO\/ Escritor<\/i><\/b><\/p>\n<p class=\"p6\"><b><i>corcoba@telefonica.net <\/i><\/b><\/p>\n<p class=\"p6\"><b>=============================<\/b><span class=\"Apple-converted-space\">\u00a0<\/span><\/p>\n<p class=\"p8\">El dinero no resuelve nada de manera absoluta. Necesitamos de otro br\u00edo asistencial. Por desgracia, nos hemos acostumbrado a reducirlo todo a un simple proceso mercantil que, adem\u00e1s, suele dejarnos sin alma. Hay que centrarse mucho m\u00e1s en las personas antes que en las cosas, ponerse a cultivar la cercan\u00eda y el abrazo para mantener la concordia. La realidad, por consiguiente, nos llama a un cambio de actitud, que debe residir en equilibrar avances con el fundamento de lo originario. S\u00f3lo hay que adentrarse en el planeta oce\u00e1nico y ver como las corrientes mudan de aires. Tambi\u00e9n en la parte terr\u00edcola, el cambio clim\u00e1tico puede llevarnos a un colapso social, financiero y medioambiental.<span class=\"Apple-converted-space\">\u00a0<\/span><\/p>\n<p class=\"p9\">El mundo no vuelve a ser el mismo cuando le agregamos una gota de agua y una llama de vocablos. Surgen los sue\u00f1os. De ah\u00ed, la urgente necesidad de activar el coraje moral de la colaboraci\u00f3n\/ cooperante, para entrar en otro escenario m\u00e1s po\u00e9tico que poderoso. Este es nuestro principal deber, ponernos en disposici\u00f3n unos de otros, puesto que estamos para ser heraldos de los aut\u00e9nticos valores humanos, que son los principios de nuestro natural pulso viviente. En ocasiones, acostumbro a reflexionar sobre el injusto t\u00edtulo de nombrar como Tierra a este planeta, cuando es incuestionable que deber\u00eda denominarse Oc\u00e9ano; y, los individuos, en lugar de intentar hacer camino, antes debieran franquear olas.<span class=\"Apple-converted-space\">\u00a0<\/span><\/p>\n<p class=\"p8\">Indudablemente, tenemos que cambiar de andares o de vuelos en el ba\u00f1o. De entrada, deber\u00edamos observar m\u00e1s para concienciarnos mejor. S\u00f3lo hay que sentir las llamadas de aquello que nos rodea, que es nuestra fuente de vida y sustento del linaje. Precisamente, ahora que sabemos que el 70%<span class=\"Apple-converted-space\">\u00a0 <\/span>del astro est\u00e1 rodeado de masa l\u00edquida, un elemento esencial de purificaci\u00f3n y de savia. Esta superficie, revestida por los mares, bombeando todos los rincones de la superficie mundial para amortiguar los impactos del calentamiento global debe hacernos repensar, con mentalidad activa, la obligaci\u00f3n de la ciudadan\u00eda de custodiar su estado celeste y a no llenarlo de extensiones inertes de pl\u00e1stico flotante, por ejemplo.<span class=\"Apple-converted-space\">\u00a0<\/span><\/p>\n<p class=\"p9\">Esto nos demanda a trabajar unidos para crear un nuevo equilibrio est\u00e9tico, lo que nos exige no extinguir todo lo que la creaci\u00f3n nos ofrece desde el inicio. Nuestra obligaci\u00f3n es restaurar su vitalidad y devolver el cauce de la poes\u00eda azul a las alas del iris, que todos llevamos consigo. Por otra parte, tanto los cursos del agua como las grandes extensiones marinas, tambi\u00e9n nos dan la oportunidad ya no solo de alimentarnos, tambi\u00e9n de alentarnos en la perspectiva del bien com\u00fan hacia la familia.<\/p>\n<p class=\"p8\">Sea como fuere, bajo este en\u00e9rgico y laborioso estimulante oce\u00e1nico, el raciocinio debe germinar arm\u00f3nicamente. Lo dec\u00eda el inolvidable Quevedo y lo reconoc\u00ed en su perpetuo h\u00e1bitat literario torre\u00f1o, en Torre de Juan Abad: \u201cLos que de coraz\u00f3n se quieren s\u00f3lo con el coraz\u00f3n se hablan\u201d. As\u00ed es, un buen deseo en la mirada siempre ilusiona y acrecienta la contemplativa. En consecuencia, sostenidos y sustentados por este don incesante de los n\u00edveos latidos que nos fortalecen, buceamos sin miedo para poder discernir la luz que nos conviene e iluminar nuestras propias profundidades.<span class=\"Apple-converted-space\">\u00a0<\/span><\/p>\n<p class=\"p9\">Advertimos con gran complacencia corregir errores hist\u00f3ricos y edificar visiones verdaderamente esperanzadoras, como una gobernanza econ\u00f3mica mundial, lo que conlleva asimismo una arquitectura fiscal global, que nos aproxime a nuestro<span class=\"Apple-converted-space\">\u00a0 <\/span>tronco com\u00fan. La nobleza de tantas gentes nos recuerda que empiezan a soplar vientos de cambio. Justamente, el a\u00f1o pasado se aprob\u00f3 la ambiciosa meta mundial de conservar y gestionar el 30% de las zonas terrestres, marinas y costeras para 2030 y un acuerdo clave sobre subvenciones a la pesca. Desde luego, todo este ambiente de preocupaciones requiere de un compromiso colectivo para proteger la cultura de los derechos humanos, y no ahogarse en mezquindades, sabiendo que todo depende de nosotros, tambi\u00e9n esa marea id\u00edlica necesita del verso nuestro para ser inmensidad de oleaje en comuni\u00f3n.<\/p>\n<p class=\"p9\">Inevitablemente hemos de volvernos poetas, a tiempo completo, para llenar nuestro espec\u00edfico oratorio interno de puros sentimientos, que son los que nos mueven y transforman; porque poetizar es comprender, conducirse y reconducirse constantemente, al tiempo que es ir m\u00e1s all\u00e1 de los actos y de las actividades, conservando los ojos de ni\u00f1o y la mirada de abuelo, que todo lo acaricia con una sonrisa. Al fin y al cabo, somos la m\u00edstica de nuestro distintivo misterio. <span class=\"Apple-converted-space\">\u00a0<\/span><\/p>\n<p class=\"p10\"><b>V\u00edctor CORCOBA HERRERO\/ Escritor<\/b><\/p>\n<p class=\"p10\"><b><span class=\"Apple-converted-space\">\u00a0<\/span>HYPERLINK &#8220;mailto:corcoba@telefonica.net&#8221; <\/b><span class=\"s3\"><b>corcoba@telefonica.net<\/b><\/span><\/p>\n<p class=\"p10\"><b>08 de junio de 2023.-<\/b><\/p>\n","protected":false},"excerpt":{"rendered":"<p>\u201cBajo este en\u00e9rgico y laborioso estimulante oce\u00e1nico, el esp\u00edritu humano debe germinar arm\u00f3nicamente. Lo dec\u00eda el inolvidable Quevedo y lo reconoc\u00ed en su perpetuo h\u00e1bitat&hellip;<\/p>\n","protected":false},"author":99,"featured_media":0,"comment_status":"open","ping_status":"open","sticky":false,"template":"","format":"standard","meta":{"footnotes":""},"categories":[11353,81],"tags":[],"class_list":["post-510886","post","type-post","status-publish","format-standard","hentry","category-algo-mas-que-palabras","category-columnistas"],"_links":{"self":[{"href":"https:\/\/diarioelpopular.com\/index.php\/wp-json\/wp\/v2\/posts\/510886","targetHints":{"allow":["GET"]}}],"collection":[{"href":"https:\/\/diarioelpopular.com\/index.php\/wp-json\/wp\/v2\/posts"}],"about":[{"href":"https:\/\/diarioelpopular.com\/index.php\/wp-json\/wp\/v2\/types\/post"}],"author":[{"embeddable":true,"href":"https:\/\/diarioelpopular.com\/index.php\/wp-json\/wp\/v2\/users\/99"}],"replies":[{"embeddable":true,"href":"https:\/\/diarioelpopular.com\/index.php\/wp-json\/wp\/v2\/comments?post=510886"}],"version-history":[{"count":1,"href":"https:\/\/diarioelpopular.com\/index.php\/wp-json\/wp\/v2\/posts\/510886\/revisions"}],"predecessor-version":[{"id":510887,"href":"https:\/\/diarioelpopular.com\/index.php\/wp-json\/wp\/v2\/posts\/510886\/revisions\/510887"}],"wp:attachment":[{"href":"https:\/\/diarioelpopular.com\/index.php\/wp-json\/wp\/v2\/media?parent=510886"}],"wp:term":[{"taxonomy":"category","embeddable":true,"href":"https:\/\/diarioelpopular.com\/index.php\/wp-json\/wp\/v2\/categories?post=510886"},{"taxonomy":"post_tag","embeddable":true,"href":"https:\/\/diarioelpopular.com\/index.php\/wp-json\/wp\/v2\/tags?post=510886"}],"curies":[{"name":"wp","href":"https:\/\/api.w.org\/{rel}","templated":true}]}}