{"id":511081,"date":"2023-06-22T10:40:02","date_gmt":"2023-06-22T14:40:02","guid":{"rendered":"https:\/\/diarioelpopular.com\/?p=511081"},"modified":"2023-06-22T10:40:02","modified_gmt":"2023-06-22T14:40:02","slug":"incendio-tras-explosion-consume-varios-edificios-en-el-barrio-latino-de-paris","status":"publish","type":"post","link":"https:\/\/diarioelpopular.com\/index.php\/2023\/06\/22\/incendio-tras-explosion-consume-varios-edificios-en-el-barrio-latino-de-paris\/","title":{"rendered":"Incendio tras explosi\u00f3n consume varios edificios en el barrio Latino de Par\u00eds"},"content":{"rendered":"<p><img loading=\"lazy\" decoding=\"async\" class=\"alignnone size-custom-full-size wp-image-511082\" src=\"https:\/\/diarioelpopular.com\/wp-content\/uploads\/2023\/06\/Screen-Shot-2023-06-22-at-10.38.13-AM-636x458.png\" alt=\"\" width=\"636\" height=\"458\" srcset=\"https:\/\/diarioelpopular.com\/wp-content\/uploads\/2023\/06\/Screen-Shot-2023-06-22-at-10.38.13-AM-636x458.png 636w, https:\/\/diarioelpopular.com\/wp-content\/uploads\/2023\/06\/Screen-Shot-2023-06-22-at-10.38.13-AM-300x216.png 300w, https:\/\/diarioelpopular.com\/wp-content\/uploads\/2023\/06\/Screen-Shot-2023-06-22-at-10.38.13-AM-768x552.png 768w, https:\/\/diarioelpopular.com\/wp-content\/uploads\/2023\/06\/Screen-Shot-2023-06-22-at-10.38.13-AM-1200x863.png 1200w, https:\/\/diarioelpopular.com\/wp-content\/uploads\/2023\/06\/Screen-Shot-2023-06-22-at-10.38.13-AM-101x73.png 101w, https:\/\/diarioelpopular.com\/wp-content\/uploads\/2023\/06\/Screen-Shot-2023-06-22-at-10.38.13-AM.png 1024w\" sizes=\"auto, (max-width: 636px) 100vw, 636px\" \/><\/p>\n<h5><em>El incendio est\u00e1 siendo atendido por las autoridades, quienes hicieron desalojar las zonas tur\u00edsticas cercanas. <\/em><\/h5>\n<h5><em>FOTO: AFP<\/em><\/h5>\n<p>&nbsp;<\/p>\n<p>&nbsp;<\/p>\n<div id=\"\" class=\"portlet-boundary portlet-static-end content-viewer-portlet last full-access norestricted\">\n<div class=\"ecr_articulo_titulo_multimedia art_21789425\">\n<div class=\"block-headline\">\n<h4 class=\"lead cita\"><em><strong>&#8211; Hasta el momento se habla de 16 heridos de gravedad y se desaloj\u00f3 toda la zona Distrito 5, debido a que es un lugar muy frecuentado por los turistas.<\/strong><\/em><\/h4>\n<\/div>\n<p>&nbsp;<\/p>\n<\/div>\n<\/div>\n<div id=\"\" class=\"portlet-boundary portlet-static-end content-viewer-portlet section__textos last full-access norestricted\">\n<div class=\"ecr_articulo art_21789425\">\n<div class=\"block-date information-noticia toolsWrapper\">\n<div class=\"container__compartir\" title=\"\">\n<p>La explosi\u00f3n se ocasion\u00f3 en el Distrito 5, tambi\u00e9n conocido como el barrio Latino, en el que se alojan la reconocida Catedral de Notre Dame y los jardines de Luxemburgo.\u00a0En versiones preliminares se cree que la explosi\u00f3n que termin\u00f3 en incendios tuvo su inicio por una fuga de gas.<\/p>\n<p>El incendio, que ocasion\u00f3 el derrumbe parcial de un edificio, oblig\u00f3 a los vecinos y turistas del sector a evacuar. Al menos 16 personas resultaron heridas, inform\u00f3 la polic\u00eda de la capital francesa. Entre las personas heridas, al menos siete se encuentran en \u201curgencia absoluta\u201d, indic\u00f3 el balance provisional.<\/p>\n<p>El diario Le Parisien afirm\u00f3\u00a0que el edificio que explot\u00f3 es una escuela de m\u00fasica estadounidense, la Paris American Academy. El ministro del Interior, G\u00e9rald Darmanin, public\u00f3 en sus redes sociales que la explosi\u00f3n habr\u00eda sido en la rue Saint-Jacques.<\/p>\n<p>El ministro inform\u00f3 que los bomberos estar\u00edan en el lugar para apagar el incendio\u00a0\u201cintervienen los bomberos de Par\u00eds. Por favor, no interfiera con su intervenci\u00f3n y evite el \u00e1rea\u201d.<\/p>\n<p>Asimismo, la Prefectura de Polic\u00eda en Par\u00eds trin\u00f3 \u201cintervenci\u00f3n en curso rue Saint-Jacques en #Paris 5.\u00a0Eviten la zona y permitan que act\u00faen los servicios de emergencia y la polic\u00eda\u201d.<\/p>\n<p>El alcalde del distrito se\u00f1al\u00f3 en Twitter que\u00a0antes del incendio se produjo una fuga de gas y varios residentes,\u00a0citados por medios locales, afirmaron haber escuchado una fuerte explosi\u00f3n.<\/p>\n<p>La fiscal\u00eda indic\u00f3, sin embargo,\u00a0que a\u00fan no se determin\u00f3 la causa de la explosi\u00f3n.<\/p>\n<p>La polic\u00eda detall\u00f3 que 230 bomberos y nueve m\u00e9dicos fueron desplegados en el lugar.<\/p>\n<p>Adem\u00e1s, la alcaldesa de Par\u00eds, Anne Hidalgo, se ha dirigido al lugar. Tambi\u00e9n medios locales informaron que los soldados de la operaci\u00f3n\u00a0antiterrorista que patrullan siempre por Par\u00eds han sido movilizados para proteger la zona y permitir que trabajen los equipos de socorro.<\/p>\n<p>En esta zona de Par\u00eds est\u00e1 a la orilla izquierda del Sena, por eso se tuvo que desalojar a los turistas, quienes frecuentan mucho ese lugar.<\/p>\n<p>La escuela, en la que se habr\u00eda iniciado el incendio,\u00a0fue fundada en 1965 y all\u00ed se pueden tener cursos de dise\u00f1o de moda, interiorismo, escritura creativa y otras disciplinas art\u00edsticas.<\/p>\n<p>El incendio ha sido \u201ccontrolado\u201d, a\u00f1adi\u00f3 el jefe de la polic\u00eda de Par\u00eds, Laurent Nu\u00f1ez. Los rescatistas siguen buscando v\u00edctimas entre los escombros, continu\u00f3.<\/p>\n<div class=\"paragraph\">\n<p>Algunos medios y personas han compartido videos en los que se evidencian las impactantes im\u00e1genes del llamativo incendio.<\/p>\n<\/div>\n<div class=\"art-twitter\">\n<div class=\"twitter-content\"><\/div>\n<\/div>\n<\/div>\n<\/div>\n<\/div>\n<\/div>\n","protected":false},"excerpt":{"rendered":"<p>El incendio est\u00e1 siendo atendido por las autoridades, quienes hicieron desalojar las zonas tur\u00edsticas cercanas. FOTO: AFP &nbsp; &nbsp; &#8211; Hasta el momento se habla&hellip;<\/p>\n","protected":false},"author":99,"featured_media":511082,"comment_status":"open","ping_status":"open","sticky":false,"template":"","format":"standard","meta":{"footnotes":""},"categories":[24],"tags":[],"class_list":["post-511081","post","type-post","status-publish","format-standard","has-post-thumbnail","hentry","category-mundo"],"_links":{"self":[{"href":"https:\/\/diarioelpopular.com\/index.php\/wp-json\/wp\/v2\/posts\/511081","targetHints":{"allow":["GET"]}}],"collection":[{"href":"https:\/\/diarioelpopular.com\/index.php\/wp-json\/wp\/v2\/posts"}],"about":[{"href":"https:\/\/diarioelpopular.com\/index.php\/wp-json\/wp\/v2\/types\/post"}],"author":[{"embeddable":true,"href":"https:\/\/diarioelpopular.com\/index.php\/wp-json\/wp\/v2\/users\/99"}],"replies":[{"embeddable":true,"href":"https:\/\/diarioelpopular.com\/index.php\/wp-json\/wp\/v2\/comments?post=511081"}],"version-history":[{"count":1,"href":"https:\/\/diarioelpopular.com\/index.php\/wp-json\/wp\/v2\/posts\/511081\/revisions"}],"predecessor-version":[{"id":511083,"href":"https:\/\/diarioelpopular.com\/index.php\/wp-json\/wp\/v2\/posts\/511081\/revisions\/511083"}],"wp:featuredmedia":[{"embeddable":true,"href":"https:\/\/diarioelpopular.com\/index.php\/wp-json\/wp\/v2\/media\/511082"}],"wp:attachment":[{"href":"https:\/\/diarioelpopular.com\/index.php\/wp-json\/wp\/v2\/media?parent=511081"}],"wp:term":[{"taxonomy":"category","embeddable":true,"href":"https:\/\/diarioelpopular.com\/index.php\/wp-json\/wp\/v2\/categories?post=511081"},{"taxonomy":"post_tag","embeddable":true,"href":"https:\/\/diarioelpopular.com\/index.php\/wp-json\/wp\/v2\/tags?post=511081"}],"curies":[{"name":"wp","href":"https:\/\/api.w.org\/{rel}","templated":true}]}}