{"id":511111,"date":"2023-06-24T10:23:23","date_gmt":"2023-06-24T14:23:23","guid":{"rendered":"https:\/\/diarioelpopular.com\/?p=511111"},"modified":"2023-06-24T10:49:01","modified_gmt":"2023-06-24T14:49:01","slug":"necesita-un-refuerzo-covid-para-sus-vacaciones-de-verano-los-expertos-opinan","status":"publish","type":"post","link":"https:\/\/diarioelpopular.com\/index.php\/2023\/06\/24\/necesita-un-refuerzo-covid-para-sus-vacaciones-de-verano-los-expertos-opinan\/","title":{"rendered":"\u00bfNecesita un refuerzo COVID para sus vacaciones de verano? Los expertos opinan"},"content":{"rendered":"<p><img loading=\"lazy\" decoding=\"async\" class=\"alignnone size-custom-full-size wp-image-511112\" src=\"https:\/\/diarioelpopular.com\/wp-content\/uploads\/2023\/06\/Screen-Shot-2023-06-24-at-10.22.52-AM-636x300.png\" alt=\"\" width=\"636\" height=\"300\" srcset=\"https:\/\/diarioelpopular.com\/wp-content\/uploads\/2023\/06\/Screen-Shot-2023-06-24-at-10.22.52-AM-636x300.png 636w, https:\/\/diarioelpopular.com\/wp-content\/uploads\/2023\/06\/Screen-Shot-2023-06-24-at-10.22.52-AM-300x142.png 300w, https:\/\/diarioelpopular.com\/wp-content\/uploads\/2023\/06\/Screen-Shot-2023-06-24-at-10.22.52-AM-768x362.png 768w, https:\/\/diarioelpopular.com\/wp-content\/uploads\/2023\/06\/Screen-Shot-2023-06-24-at-10.22.52-AM-146x69.png 146w, https:\/\/diarioelpopular.com\/wp-content\/uploads\/2023\/06\/Screen-Shot-2023-06-24-at-10.22.52-AM.png 1024w\" sizes=\"auto, (max-width: 636px) 100vw, 636px\" \/><\/p>\n<p>&nbsp;<\/p>\n<ul>\n<li><em><strong>Con el inicio oficial del verano en Canad\u00e1 esta semana, los viajes, las bodas, las barbacoas, salidas al campo y otros eventos sociales est\u00e1n sobre la mesa. \u00bfDeber\u00eda un refuerzo de COVID-19 ser parte de sus planes de vacaciones de verano?<\/strong><\/em><\/li>\n<\/ul>\n<p>Los expertos dicen que es un buen momento para obtener uno si a\u00fan no lo ha hecho.<\/p>\n<p>Despu\u00e9s de m\u00e1s de tres a\u00f1os de COVID-19, los nuevos casos han disminuido o se han estancado en Canad\u00e1, al igual que la aceptaci\u00f3n de la vacuna.<\/p>\n<p>La Organizaci\u00f3n Mundial de la Salud (OMS) declar\u00f3 en mayo que el COVID-19 ya no se consideraba una emergencia sanitaria mundial, pero advirti\u00f3 que el virus a\u00fan representa una amenaza.<\/p>\n<p>Canad\u00e1 est\u00e1 en un lugar &#8220;mucho mejor&#8221; ahora que antes, pero el COVID-19 sigue siendo un &#8220;contribuyente significativo a la hospitalizaci\u00f3n y la muerte&#8221;, dijo la Dra. Allison McGeer, m\u00e9dica de enfermedades infecciosas en el Sistema de Salud Sina\u00ed en Toronto.<\/p>\n<p>Y a medida que comienza el per\u00edodo de vacaciones de verano, es un &#8220;muy buen momento&#8221; para que los canadienses actualicen su protecci\u00f3n de vacunas, especialmente si est\u00e1n de viaje, cuando la exposici\u00f3n a otras personas es m\u00e1s alta, dijo McGeer.<\/p>\n<p>\u201cSi planea pasar el verano viajando y no quiere pasar tres d\u00edas sinti\u00e9ndose miserable en alg\u00fan hospital en alg\u00fan lugar, esa es una buena raz\u00f3n para obtener su refuerzo COVID\u201d, dijo.<\/p>\n<p>Si bien m\u00e1s del 80 por ciento de la poblaci\u00f3n ha recibido una serie primaria (dos o m\u00e1s dosis de vacunas de ARNm), la respuesta de refuerzo sigue siendo relativamente baja este a\u00f1o en el pa\u00eds.<\/p>\n<p>En los \u00faltimos seis meses, aproximadamente el 13 por ciento de los canadienses completaron su serie primaria o recibieron una dosis de refuerzo, seg\u00fan los \u00faltimos datos gubernamentales disponibles de mayo.<\/p>\n<p>La mayor\u00eda de las personas tienen inmunidad existente por la exposici\u00f3n al virus, la vacunaci\u00f3n previa o ambas, dijo el Dr. Samuel Gutman, m\u00e9dico de urgencias en Vancouver y director m\u00e9dico de Rockdoc Consulting Inc.<\/p>\n<p>\u201cCiertamente hay mucha fatiga entre la poblaci\u00f3n con respecto a COVID\u201d, dijo.<\/p>\n<p>Pero la decisi\u00f3n de vacunar contra una enfermedad infecciosa como la COVID-19 es \u201cimportante\u201d, dado que a\u00fan existen algunos riesgos para la poblaci\u00f3n en general, agreg\u00f3.<\/p>\n<p><em><strong>\u00bfQu\u00e9 dice la gu\u00eda oficial sobre refuerzos?<\/strong><\/em><br \/>\nEl Comit\u00e9 Asesor Nacional sobre Inmunizaci\u00f3n (NACI) de Canad\u00e1 recomienda una dosis de refuerzo seis meses despu\u00e9s de la \u00faltima dosis de una serie primaria o infecci\u00f3n por COVID, lo que ocurra m\u00e1s tarde, para todas las personas de cinco a\u00f1os en adelante.<\/p>\n<p>Pero hasta ahora, (NACI) solo ha recomendado vacunas adicionales de refuerzo de COVID-19 para aquellos que tienen un mayor riesgo de enfermedad grave, incluidos los adultos mayores, los residentes de cuidados a largo plazo y los adultos inmunocomprometidos.<\/p>\n<p>El tiempo recomendado para recibir un refuerzo es al menos seis meses despu\u00e9s de la \u00faltima dosis de la vacuna COVID-19 o infecci\u00f3n porque la inmunidad disminuye con el tiempo, seg\u00fan NACI.<\/p>\n<p>McGeer dijo que obtener una vacuna contra el COVID-19 \u201cno es tan cr\u00edtico como lo era antes\u201d, pero a\u00fan ofrece una cantidad significativa de protecci\u00f3n.<\/p>\n<p>Para los adultos m\u00e1s j\u00f3venes y sanos, una vacuna de refuerzo es como &#8220;comprar un seguro&#8221;, dijo McGeer, que podr\u00eda ayudar a protegerlos a ellos y a otras personas inmunocomprometidas mayores con las que interact\u00faan.<\/p>\n<p><em><strong>\u00bfCanad\u00e1 recibir\u00e1 una nueva vacuna bivalente?<\/strong><\/em><br \/>\nNACI public\u00f3 una nueva gu\u00eda provisional de COVID-19 este mes, diciendo que la vacuna bivalente Omicron podr\u00eda administrarse a personas de seis meses o m\u00e1s que a\u00fan no se han vacunado con una serie primaria.<\/p>\n<p>La vacuna que contiene Omicron se aprob\u00f3 previamente como refuerzo.<\/p>\n<p>\u201cA medida que Heath Canada presente y revise las presentaciones regulatorias en los pr\u00f3ximos meses, los calendarios y\/o las dosis de vacunas pueden cambiar para algunos grupos de edad\u201d, dijo NACI en su actualizaci\u00f3n del 9 de junio.<\/p>\n<p>La variante Omicron altamente transmisible todav\u00eda circula en Canad\u00e1, pero ha sufrido m\u00faltiples mutaciones.<\/p>\n<p>Las nuevas cepas recombinantes de Omicron denominadas XBB, que est\u00e1n creciendo a nivel nacional y mundial, ahora constituyen la mayor\u00eda de los casos de COVID-19 detectados en Canad\u00e1.<\/p>\n<p>Las vacunas bivalentes de Pfizer y Moderna que est\u00e1n disponibles en Canad\u00e1 en este momento se dirigen a las subvariantes BA.1, BA.4 y BA.5 de Omicron que fueron las m\u00e1s comunes el a\u00f1o pasado.<\/p>\n<p>En los Estados Unidos, los asesores cient\u00edficos de la Administraci\u00f3n de Alimentos y Medicamentos (FDA, por sus siglas en ingl\u00e9s) respaldan la actualizaci\u00f3n de las vacunas contra el COVID-19 para atacar las \u00faltimas cepas de Omicron.<\/p>\n<p>La FDA se inclina por elegir una receta de tiro a oto\u00f1o que apunte solo a XBB. La esperanza es que las variantes de XBB sean lo suficientemente diferentes como para activar el sistema inmunitario para que produzca anticuerpos de lucha contra virus m\u00e1s diversos y con protecci\u00f3n cruzada.<\/p>\n<p>Los asesores de vacunas de la Organizaci\u00f3n Mundial de la Salud y los reguladores europeos recientemente hicieron recomendaciones similares.<\/p>\n<p>McGeer dijo que los refuerzos bivalentes del a\u00f1o pasado siguen siendo efectivos contra las cepas actuales que est\u00e1n circulando, pero un cambio hacia un refuerzo que contenga XBB en el oto\u00f1o brindar\u00e1 m\u00e1s protecci\u00f3n contra el virus.<\/p>\n<p>Es probable que Canad\u00e1 necesite otra campa\u00f1a de refuerzo de COVID en el oto\u00f1o, cuando los virus respiratorios regresen, dijo McGeer. Pero queda por ver qu\u00e9 vacunas se usar\u00e1n para eso.<\/p>\n<p>\u201cQueremos cambiar y decidir sobre el refuerzo en el \u00faltimo momento posible y estamos en el \u00faltimo momento posible porque toma alrededor de tres meses hacer vacunas y tenerlas listas para usar\u201d, dijo.<\/p>\n<p>Las personas interesadas en recibir un refuerzo de COVID-19 en Canad\u00e1 pueden programar una cita a trav\u00e9s de sus farmacias locales y algunos m\u00e9dicos de familia.<\/p>\n","protected":false},"excerpt":{"rendered":"<p>&nbsp; Con el inicio oficial del verano en Canad\u00e1 esta semana, los viajes, las bodas, las barbacoas, salidas al campo y otros eventos sociales est\u00e1n&hellip;<\/p>\n","protected":false},"author":99,"featured_media":511112,"comment_status":"open","ping_status":"open","sticky":false,"template":"","format":"standard","meta":{"footnotes":""},"categories":[21,11357,11191],"tags":[],"class_list":["post-511111","post","type-post","status-publish","format-standard","has-post-thumbnail","hentry","category-canada","category-salud","category-top-news"],"_links":{"self":[{"href":"https:\/\/diarioelpopular.com\/index.php\/wp-json\/wp\/v2\/posts\/511111","targetHints":{"allow":["GET"]}}],"collection":[{"href":"https:\/\/diarioelpopular.com\/index.php\/wp-json\/wp\/v2\/posts"}],"about":[{"href":"https:\/\/diarioelpopular.com\/index.php\/wp-json\/wp\/v2\/types\/post"}],"author":[{"embeddable":true,"href":"https:\/\/diarioelpopular.com\/index.php\/wp-json\/wp\/v2\/users\/99"}],"replies":[{"embeddable":true,"href":"https:\/\/diarioelpopular.com\/index.php\/wp-json\/wp\/v2\/comments?post=511111"}],"version-history":[{"count":1,"href":"https:\/\/diarioelpopular.com\/index.php\/wp-json\/wp\/v2\/posts\/511111\/revisions"}],"predecessor-version":[{"id":511113,"href":"https:\/\/diarioelpopular.com\/index.php\/wp-json\/wp\/v2\/posts\/511111\/revisions\/511113"}],"wp:featuredmedia":[{"embeddable":true,"href":"https:\/\/diarioelpopular.com\/index.php\/wp-json\/wp\/v2\/media\/511112"}],"wp:attachment":[{"href":"https:\/\/diarioelpopular.com\/index.php\/wp-json\/wp\/v2\/media?parent=511111"}],"wp:term":[{"taxonomy":"category","embeddable":true,"href":"https:\/\/diarioelpopular.com\/index.php\/wp-json\/wp\/v2\/categories?post=511111"},{"taxonomy":"post_tag","embeddable":true,"href":"https:\/\/diarioelpopular.com\/index.php\/wp-json\/wp\/v2\/tags?post=511111"}],"curies":[{"name":"wp","href":"https:\/\/api.w.org\/{rel}","templated":true}]}}